{"id":5175,"date":"2016-10-26T13:44:02","date_gmt":"2016-10-26T13:44:02","guid":{"rendered":"http:\/\/centralmedia.rs\/?p=5175"},"modified":"2016-10-26T13:49:08","modified_gmt":"2016-10-26T13:49:08","slug":"jagodinski-zlostavljac-konja-u-zatvoru-novo-sudenje-u-decembru","status":"publish","type":"post","link":"https:\/\/centralmedia.rs\/index.php\/2016\/10\/26\/jagodinski-zlostavljac-konja-u-zatvoru-novo-sudenje-u-decembru\/","title":{"rendered":"JAGODINSKI ZLOSTAVLJA\u010c KONJA U ZATVORU &#8211; NOVO SU\u0110ENJE U DECEMBRU"},"content":{"rendered":"<p>JAGODINA-Osnovno tu\u017eila\u0161tvo podnelo je optu\u017eni predlog protiv Slobodana Milo\u0161evi\u0107a (48) iz Dobe Vode kod Jagodine zbog krivi\u010dnog dela ubijanje i zlostavljanje \u017eivotinja i su\u0111enje je zakazano u Osnovnom sudu za 8. decembar, potvr\u0111eno je u tom sudu. On se tereti za doga\u0111aje od 19. i 20. avgusta kada je, prema otu\u017enici, na zelenoj pijaci tukao \u017edrebe bi\u010dem po nogama i telu. Milo\u0161evi\u0107 je tada uhap\u0161en i sproveden u zatvor na odslu\u017eenje predhodne kazne zatvora od 3 meseca zbog istog krivi\u010dnog dela.<\/p>\n<figure id=\"attachment_5178\" aria-describedby=\"caption-attachment-5178\" style=\"width: 1824px\" class=\"wp-caption alignnone\"><a href=\"https:\/\/centralmedia.rs\/wp-content\/uploads\/2016\/10\/konj-i-valsnik-jagodina-inda-marjanovic-1.jpg\"><img loading=\"lazy\" decoding=\"async\" class=\"size-full wp-image-5178\" src=\"https:\/\/centralmedia.rs\/wp-content\/uploads\/2016\/10\/konj-i-valsnik-jagodina-inda-marjanovic-1.jpg\" alt=\"Slobodan Milo\u0161evi\u0107 i konj koga je tukao 2014. godine\" width=\"1824\" height=\"1368\" srcset=\"https:\/\/centralmedia.rs\/wp-content\/uploads\/2016\/10\/konj-i-valsnik-jagodina-inda-marjanovic-1.jpg 1824w, https:\/\/centralmedia.rs\/wp-content\/uploads\/2016\/10\/konj-i-valsnik-jagodina-inda-marjanovic-1-300x225.jpg 300w, https:\/\/centralmedia.rs\/wp-content\/uploads\/2016\/10\/konj-i-valsnik-jagodina-inda-marjanovic-1-768x576.jpg 768w, https:\/\/centralmedia.rs\/wp-content\/uploads\/2016\/10\/konj-i-valsnik-jagodina-inda-marjanovic-1-1024x768.jpg 1024w, https:\/\/centralmedia.rs\/wp-content\/uploads\/2016\/10\/konj-i-valsnik-jagodina-inda-marjanovic-1-80x60.jpg 80w, https:\/\/centralmedia.rs\/wp-content\/uploads\/2016\/10\/konj-i-valsnik-jagodina-inda-marjanovic-1-265x198.jpg 265w\" sizes=\"(max-width: 1824px) 100vw, 1824px\" \/><\/a><figcaption id=\"caption-attachment-5178\" class=\"wp-caption-text\">Slobodan Milo\u0161evi\u0107 i konj koga je tukao 2014. godine<\/figcaption><\/figure>\n<p>Zlostavljani konj je zbrinut u azilu u Lapovu. Gra\u0111ani su prijavljivali policiji da Milo\u0161evi\u0107 tu\u010de i ja\u0161e \u017edrebe, te da ga vodi kroz pijacu ili ostavlja vezano za banderu. Veterinarski inspektori i veterinari su tada izvr\u0161ili klini\u010dki pregled \u017edrebeta starog oko godinu dana. U tom izve\u0161taju stoji da \u00a0,,vidljivih, sve\u017eih rada na ko\u017ei i mekim organima, kao i na bilo kome delu tela nema, odnosno nema tragova zlostavljanja, udaraca ili bilo \u010dega\u201c. Ljubitelji i za\u0161titari \u017eivotnja tada su tvrdili da nema tragova zlostavljanja. Jedina nepoznanica je bila oko vlasnika \u017edrebeta, jer nije \u010dipovano. Ina\u010de, Milo\u0161evi\u0107 je postao poznat \u0161iroj javnosti posle incidenta u decembru 2014. godine u centru Jagodine, kada je brutalno tukao iznemoglog konja.<\/p>\n<figure id=\"attachment_5179\" aria-describedby=\"caption-attachment-5179\" style=\"width: 1161px\" class=\"wp-caption alignnone\"><a href=\"https:\/\/centralmedia.rs\/wp-content\/uploads\/2016\/10\/konj-i-valsnik-jagodina-inda-marjanovic-2.jpg\"><img loading=\"lazy\" decoding=\"async\" class=\"size-full wp-image-5179\" src=\"https:\/\/centralmedia.rs\/wp-content\/uploads\/2016\/10\/konj-i-valsnik-jagodina-inda-marjanovic-2.jpg\" alt=\"Milo\u0161evi\u0107 pored pretu\u010denog konja decembra 2014. godine\" width=\"1161\" height=\"2064\" srcset=\"https:\/\/centralmedia.rs\/wp-content\/uploads\/2016\/10\/konj-i-valsnik-jagodina-inda-marjanovic-2.jpg 1161w, https:\/\/centralmedia.rs\/wp-content\/uploads\/2016\/10\/konj-i-valsnik-jagodina-inda-marjanovic-2-169x300.jpg 169w, https:\/\/centralmedia.rs\/wp-content\/uploads\/2016\/10\/konj-i-valsnik-jagodina-inda-marjanovic-2-768x1365.jpg 768w, https:\/\/centralmedia.rs\/wp-content\/uploads\/2016\/10\/konj-i-valsnik-jagodina-inda-marjanovic-2-576x1024.jpg 576w\" sizes=\"(max-width: 1161px) 100vw, 1161px\" \/><\/a><figcaption id=\"caption-attachment-5179\" class=\"wp-caption-text\">Milo\u0161evi\u0107 pored pretu\u010denog konja decembra 2014. godine<\/figcaption><\/figure>\n<p>Posle burne reakcije gra\u0111ana , Milo\u0161evi\u0107 se pomerio od prebijenog konja, koji je zatim vra\u0107en vlasniku, ali njegova dalja sudbina nije poznata. Milo\u0161evi\u0107 je osu\u0111en na tromse\u010dnu zatvorsku kaznu.<\/p>\n","protected":false},"excerpt":{"rendered":"<p>JAGODINA-Osnovno tu\u017eila\u0161tvo podnelo je optu\u017eni predlog protiv Slobodana Milo\u0161evi\u0107a (48) iz Dobe Vode kod Jagodine zbog krivi\u010dnog dela ubijanje i zlostavljanje \u017eivotinja i su\u0111enje je &hellip; <\/p>\n","protected":false},"author":4,"featured_media":4375,"comment_status":"open","ping_status":"open","sticky":false,"template":"","format":"standard","meta":{"footnotes":""},"categories":[20,2],"tags":[1356,58,1357,1355],"_links":{"self":[{"href":"https:\/\/centralmedia.rs\/index.php\/wp-json\/wp\/v2\/posts\/5175"}],"collection":[{"href":"https:\/\/centralmedia.rs\/index.php\/wp-json\/wp\/v2\/posts"}],"about":[{"href":"https:\/\/centralmedia.rs\/index.php\/wp-json\/wp\/v2\/types\/post"}],"author":[{"embeddable":true,"href":"https:\/\/centralmedia.rs\/index.php\/wp-json\/wp\/v2\/users\/4"}],"replies":[{"embeddable":true,"href":"https:\/\/centralmedia.rs\/index.php\/wp-json\/wp\/v2\/comments?post=5175"}],"version-history":[{"count":0,"href":"https:\/\/centralmedia.rs\/index.php\/wp-json\/wp\/v2\/posts\/5175\/revisions"}],"wp:featuredmedia":[{"embeddable":true,"href":"https:\/\/centralmedia.rs\/index.php\/wp-json\/wp\/v2\/media\/4375"}],"wp:attachment":[{"href":"https:\/\/centralmedia.rs\/index.php\/wp-json\/wp\/v2\/media?parent=5175"}],"wp:term":[{"taxonomy":"category","embeddable":true,"href":"https:\/\/centralmedia.rs\/index.php\/wp-json\/wp\/v2\/categories?post=5175"},{"taxonomy":"post_tag","embeddable":true,"href":"https:\/\/centralmedia.rs\/index.php\/wp-json\/wp\/v2\/tags?post=5175"}],"curies":[{"name":"wp","href":"https:\/\/api.w.org\/{rel}","templated":true}]}}