{"id":5194,"date":"2016-10-27T17:37:08","date_gmt":"2016-10-27T17:37:08","guid":{"rendered":"http:\/\/centralmedia.rs\/?p=5194"},"modified":"2016-10-27T18:33:51","modified_gmt":"2016-10-27T18:33:51","slug":"smrti-tukao-ubadao-nozem-suprugu-bacio-je-sa-terase-ubica-castio-mestane-pivom","status":"publish","type":"post","link":"https:\/\/centralmedia.rs\/index.php\/2016\/10\/27\/smrti-tukao-ubadao-nozem-suprugu-bacio-je-sa-terase-ubica-castio-mestane-pivom\/","title":{"rendered":"DO SMRTI TUKAO I UBADAO NO\u017dEM SUPRUGU, PA JE BACIO SA TERASE &#8211; UBICA \u010cASTIO ME\u0160TANE PIVOM"},"content":{"rendered":"<p>JAGODINA-Nezapam\u0107en zlo\u010din u Donjem Vidovu kod Para\u0107ina, zlostavljao suprugu do smrti, a zatim pio pivo i \u010dastio me\u0161tane! Gradimir Joci\u0107 negirao je da po\u010dinio ubistvo supruge Daliborke (41) i rekao da se ne se\u0107a \u0161ta se dogodilo, odnosno da ima ,,rupe u pam\u0107enju\u201d, rekao je zamenik Vi\u0161eg tu\u017eioca u Jagodini Slavko Kne\u017eevi\u0107 posle saslu\u0161anja osumnji\u010denog. Tu\u017eilac \u00a0je predlo\u017eio odre\u0111ivanje pritvora \u00a0Joci\u0107u i obdukciju tela preminule Daliborke. Prilikom hap\u0161enja kod Joci\u0107a je prona\u0111en okrvavljeni no\u017e sa kojim je on sekao Daliborku po telu, zbog \u010dega je ona iskrvarila na smrt. \u00a0Ona je preminula posle stravi\u010dnog vi\u0161esatnog zlostavljanja, a na kraju ju je Gradimir bacio sa terase. Njenog \u010detvorogodi\u0161njeg sina, koji je \u017eiveo sa njima, kom\u0161ije su prona\u0161le na terasi u suzama i jaucima. Dete je preuzeo Centar za socijalni rad.<\/p>\n<div id='gallery-1' class='gallery galleryid-5194 gallery-columns-4 gallery-size-full'><figure class='gallery-item'>\n\t\t\t<div class='gallery-icon portrait'>\n\t\t\t\t<a href='https:\/\/centralmedia.rs\/index.php\/2016\/10\/27\/ubistvo-u-donjem-vidovu-bacio-suprugu-sa-terase\/daliborka-jocic-ex-mijajlovic-1\/'><img loading=\"lazy\" decoding=\"async\" width=\"797\" height=\"900\" src=\"https:\/\/centralmedia.rs\/wp-content\/uploads\/2016\/10\/daliborka-jocic-ex-mijajlovic-1.jpg\" class=\"attachment-full size-full\" alt=\"\" aria-describedby=\"gallery-1-5190\" srcset=\"https:\/\/centralmedia.rs\/wp-content\/uploads\/2016\/10\/daliborka-jocic-ex-mijajlovic-1.jpg 797w, https:\/\/centralmedia.rs\/wp-content\/uploads\/2016\/10\/daliborka-jocic-ex-mijajlovic-1-266x300.jpg 266w, https:\/\/centralmedia.rs\/wp-content\/uploads\/2016\/10\/daliborka-jocic-ex-mijajlovic-1-768x867.jpg 768w\" sizes=\"(max-width: 797px) 100vw, 797px\" \/><\/a>\n\t\t\t<\/div>\n\t\t\t\t<figcaption class='wp-caption-text gallery-caption' id='gallery-1-5190'>\n\t\t\t\tDaliborka Joci\u0107\n\t\t\t\t<\/figcaption><\/figure><figure class='gallery-item'>\n\t\t\t<div class='gallery-icon landscape'>\n\t\t\t\t<a href='https:\/\/centralmedia.rs\/index.php\/2016\/10\/27\/smrti-tukao-ubadao-nozem-suprugu-bacio-je-sa-terase-ubica-castio-mestane-pivom\/gradimirova-kuca-paracin-g-j\/'><img loading=\"lazy\" decoding=\"async\" width=\"900\" height=\"675\" src=\"https:\/\/centralmedia.rs\/wp-content\/uploads\/2016\/10\/gradimirova-kuca-paracin-g.j..jpg\" class=\"attachment-full size-full\" alt=\"\" srcset=\"https:\/\/centralmedia.rs\/wp-content\/uploads\/2016\/10\/gradimirova-kuca-paracin-g.j..jpg 900w, https:\/\/centralmedia.rs\/wp-content\/uploads\/2016\/10\/gradimirova-kuca-paracin-g.j.-300x225.jpg 300w, https:\/\/centralmedia.rs\/wp-content\/uploads\/2016\/10\/gradimirova-kuca-paracin-g.j.-768x576.jpg 768w, https:\/\/centralmedia.rs\/wp-content\/uploads\/2016\/10\/gradimirova-kuca-paracin-g.j.-80x60.jpg 80w, https:\/\/centralmedia.rs\/wp-content\/uploads\/2016\/10\/gradimirova-kuca-paracin-g.j.-265x198.jpg 265w\" sizes=\"(max-width: 900px) 100vw, 900px\" \/><\/a>\n\t\t\t<\/div><\/figure><figure class='gallery-item'>\n\t\t\t<div class='gallery-icon landscape'>\n\t\t\t\t<a href='https:\/\/centralmedia.rs\/index.php\/2016\/10\/27\/smrti-tukao-ubadao-nozem-suprugu-bacio-je-sa-terase-ubica-castio-mestane-pivom\/kuca-gradimirova-2\/'><img loading=\"lazy\" decoding=\"async\" width=\"900\" height=\"675\" src=\"https:\/\/centralmedia.rs\/wp-content\/uploads\/2016\/10\/kuca-gradimirova-2.jpg\" class=\"attachment-full size-full\" alt=\"\" srcset=\"https:\/\/centralmedia.rs\/wp-content\/uploads\/2016\/10\/kuca-gradimirova-2.jpg 900w, https:\/\/centralmedia.rs\/wp-content\/uploads\/2016\/10\/kuca-gradimirova-2-300x225.jpg 300w, https:\/\/centralmedia.rs\/wp-content\/uploads\/2016\/10\/kuca-gradimirova-2-768x576.jpg 768w, https:\/\/centralmedia.rs\/wp-content\/uploads\/2016\/10\/kuca-gradimirova-2-80x60.jpg 80w, https:\/\/centralmedia.rs\/wp-content\/uploads\/2016\/10\/kuca-gradimirova-2-265x198.jpg 265w\" sizes=\"(max-width: 900px) 100vw, 900px\" \/><\/a>\n\t\t\t<\/div><\/figure><figure class='gallery-item'>\n\t\t\t<div class='gallery-icon landscape'>\n\t\t\t\t<a href='https:\/\/centralmedia.rs\/index.php\/2016\/10\/27\/smrti-tukao-ubadao-nozem-suprugu-bacio-je-sa-terase-ubica-castio-mestane-pivom\/krv-1-paracin-g-j\/'><img loading=\"lazy\" decoding=\"async\" width=\"900\" height=\"675\" src=\"https:\/\/centralmedia.rs\/wp-content\/uploads\/2016\/10\/krv-1-paracin-g.j..jpg\" class=\"attachment-full size-full\" alt=\"\" srcset=\"https:\/\/centralmedia.rs\/wp-content\/uploads\/2016\/10\/krv-1-paracin-g.j..jpg 900w, https:\/\/centralmedia.rs\/wp-content\/uploads\/2016\/10\/krv-1-paracin-g.j.-300x225.jpg 300w, https:\/\/centralmedia.rs\/wp-content\/uploads\/2016\/10\/krv-1-paracin-g.j.-768x576.jpg 768w, https:\/\/centralmedia.rs\/wp-content\/uploads\/2016\/10\/krv-1-paracin-g.j.-80x60.jpg 80w, https:\/\/centralmedia.rs\/wp-content\/uploads\/2016\/10\/krv-1-paracin-g.j.-265x198.jpg 265w\" sizes=\"(max-width: 900px) 100vw, 900px\" \/><\/a>\n\t\t\t<\/div><\/figure>\n\t\t<\/div>\n\n<p>-Bolestan \u010dovek, njega su le\u010dili u \u0160vajcarskoj i posle penzionisanja se vratio u Srbiju. \u017dalim je \u0161to je mlada \u017eena umrla na takav na\u010din. Do\u0161la je iz Bo\u0161njana. Oni su, pre ven\u010danja ove godine, bili u vezi tri, \u010detiri godine. Gradimir je \u010dak naru\u010dio nova kola, i\u0161li su na more. Lepo su \u017eiveli. Niko ne zna razlog sva\u0111e i za\u0161to je do\u0161lo da je ubistva, pri\u010da me\u0161tanka Milena Markovi\u0107.<\/p>\n<p>Ona ka\u017ee da je posle zlostavljanja Daliborke, Gradimir \u0161etao selom sav okrvaljen, niko nije smeo da mu pri\u0111e.<\/p>\n<p>-To se desilo oko 6 sati, a on je do 8 sati \u0161etao selom. Presvukao je garderobu, ali onako krvav po licu i\u0161ao je\u00a0 do radnje i crkve, a zatim \u0161etao po selu. Mislila sam da ga je neko tukao kada sam ga videla krvavog, nije bio agresivan. Nisu mu se videle o\u010di od krvi po licu, samo sam sagla glavu, ka\u017ee ona Milena Markovi\u0107.<\/p>\n<p>Gradimir je u lokalnoj radnji pio pivo posle ubistva, \u010dak \u010dastio jednog me\u0161anina, i pri\u010dao je da ga je neko napao i tukao. Navodno, nije znao gde mu je supruga, ali je pri\u010dao da je dete na terasi i da pla\u010de za majkom. Poku\u0161ao je pozajmi bicikulu iz crkvenog dvori\u0161ta, ali mu klisar nije dozvolio. Niko od me\u0161tana nije sumnjao da po\u010dionio tako mostruozan zlo\u010din.<\/p>\n<p>-Ka\u017eu da joj je odsekao kosu, seko po grudima. Sino\u0107 mu je do\u0161ao kamion sa dve tone cementa i blokovima, trebalo je da zida ne\u0161to. Bio je jako \u010dudan radili smo jedan posao i sve je bilo u redu do trenutka pla\u0107anja, tada mi je rekao da se ,,gubim iz avlije\u201c. Mu\u0161ki je pio, ali tada je jedva pri\u010dao. Me\u0161ao je alkohol sa lekovima i to je bilo kriti\u010dno, Miroljub Raji\u0107<\/p>\n<p>Posle prijave kom\u0161ija policija i hitna pomo\u0107 su zatekle nesre\u0107nu \u017eenu u dori\u0161tu ispred ku\u0107e, poku\u0161ana je reeanimacija, ali nije bilo uspeha.<\/p>\n<p>-Daliborka je mrtva dove\u017eena u bolnicu, smrt je nastupila zbog vi\u0161estukih povreda opasnih po \u017eivot, nije joj bilo spasa, kazali su u toj bolnici.<\/p>\n<p>Daliborka se udala za Gradimira ove godine i to joj je tre\u0107i brak. Ona ima dvoje dece iz prvog braka i jedno iz drugog, a Gradimr ima dve \u0107erke iz prvog braka i one \u017eive u inostranstvu. On je \u017eiveo u \u0160vajcarskoj do penzinisanja, a ona je radila u komunalnom preduze\u0107u.<\/p>\n<p>&nbsp;<\/p>\n","protected":false},"excerpt":{"rendered":"<p>JAGODINA-Nezapam\u0107en zlo\u010din u Donjem Vidovu kod Para\u0107ina, zlostavljao suprugu do smrti, a zatim pio pivo i \u010dastio me\u0161tane! Gradimir Joci\u0107 negirao je da po\u010dinio ubistvo &hellip; <\/p>\n","protected":false},"author":4,"featured_media":5191,"comment_status":"open","ping_status":"open","sticky":false,"template":"","format":"standard","meta":{"footnotes":""},"categories":[20,2],"tags":[1358,156,1360],"_links":{"self":[{"href":"https:\/\/centralmedia.rs\/index.php\/wp-json\/wp\/v2\/posts\/5194"}],"collection":[{"href":"https:\/\/centralmedia.rs\/index.php\/wp-json\/wp\/v2\/posts"}],"about":[{"href":"https:\/\/centralmedia.rs\/index.php\/wp-json\/wp\/v2\/types\/post"}],"author":[{"embeddable":true,"href":"https:\/\/centralmedia.rs\/index.php\/wp-json\/wp\/v2\/users\/4"}],"replies":[{"embeddable":true,"href":"https:\/\/centralmedia.rs\/index.php\/wp-json\/wp\/v2\/comments?post=5194"}],"version-history":[{"count":0,"href":"https:\/\/centralmedia.rs\/index.php\/wp-json\/wp\/v2\/posts\/5194\/revisions"}],"wp:featuredmedia":[{"embeddable":true,"href":"https:\/\/centralmedia.rs\/index.php\/wp-json\/wp\/v2\/media\/5191"}],"wp:attachment":[{"href":"https:\/\/centralmedia.rs\/index.php\/wp-json\/wp\/v2\/media?parent=5194"}],"wp:term":[{"taxonomy":"category","embeddable":true,"href":"https:\/\/centralmedia.rs\/index.php\/wp-json\/wp\/v2\/categories?post=5194"},{"taxonomy":"post_tag","embeddable":true,"href":"https:\/\/centralmedia.rs\/index.php\/wp-json\/wp\/v2\/tags?post=5194"}],"curies":[{"name":"wp","href":"https:\/\/api.w.org\/{rel}","templated":true}]}}