{"id":5200,"date":"2016-10-27T17:42:55","date_gmt":"2016-10-27T17:42:55","guid":{"rendered":"http:\/\/centralmedia.rs\/?p=5200"},"modified":"2016-10-27T17:48:12","modified_gmt":"2016-10-27T17:48:12","slug":"freskopisaci-darovali-oslikavanje-crkve-osvestana-crkva-svete-petke-u-jagodini","status":"publish","type":"post","link":"https:\/\/centralmedia.rs\/index.php\/2016\/10\/27\/freskopisaci-darovali-oslikavanje-crkve-osvestana-crkva-svete-petke-u-jagodini\/","title":{"rendered":"FRESKOPISCI DAROVALI OSLIKAVANJE CRKVE &#8211; OSVE\u0160TANA CRKVA SVETE PETKE U JAGODINI"},"content":{"rendered":"<p>JAGODINA-Vladika \u0161umadijski Jovan, danas je u Jagodini, sa sve\u0161tenstvom Crkvene op\u0161tine Jagodine, osve\u0161tao novosagra\u0111enu crkvu posve\u0107enu Svetoj Petki Paraskevi.<br \/>\nCeremoniji osve\u0161tenja i prvoj arhijerejskoj liturgiji u novoosve\u0161tanoj crkvi, prisustovao je veliki broj vernika iz Jagodine i Pomoravlja.<br \/>\n-Neka Gospod molitvama Svete matere Paraskeve i svetog velikomu\u010denika kosovskog Lazara bude vama na radost, na spasenje i duhovni napredak, rekao je vladika obra\u0107aju\u0107i se vernicima.<br \/>\nRe\u010d je o petom hramu u Jagodini. Projekat crkve je ura\u0111en prema hramu Svetog Simeona u Las Vegasu koji je izradio arhitekta Oto Urban, a preradio ga i prilagodio terenu u Jagodini arhitekta iz Jagodine Mali\u0161a Milenkovi\u0107.<\/p>\n<div id='gallery-1' class='gallery galleryid-5200 gallery-columns-4 gallery-size-thumbnail'><figure class='gallery-item'>\n\t\t\t<div class='gallery-icon landscape'>\n\t\t\t\t<a href='https:\/\/centralmedia.rs\/index.php\/2016\/10\/27\/freskopisaci-darovali-oslikavanje-crkve-osvestana-crkva-svete-petke-u-jagodini\/petka-osvestenje-8\/'><img loading=\"lazy\" decoding=\"async\" width=\"150\" height=\"150\" src=\"https:\/\/centralmedia.rs\/wp-content\/uploads\/2016\/10\/Petka-osvestenje-8-150x150.jpg\" class=\"attachment-thumbnail size-thumbnail\" alt=\"\" \/><\/a>\n\t\t\t<\/div><\/figure><figure class='gallery-item'>\n\t\t\t<div class='gallery-icon landscape'>\n\t\t\t\t<a href='https:\/\/centralmedia.rs\/index.php\/2016\/10\/27\/freskopisaci-darovali-oslikavanje-crkve-osvestana-crkva-svete-petke-u-jagodini\/petka-sovestenje-4\/'><img loading=\"lazy\" decoding=\"async\" width=\"150\" height=\"150\" src=\"https:\/\/centralmedia.rs\/wp-content\/uploads\/2016\/10\/Petka-sovestenje-4-150x150.jpg\" class=\"attachment-thumbnail size-thumbnail\" alt=\"\" \/><\/a>\n\t\t\t<\/div><\/figure><figure class='gallery-item'>\n\t\t\t<div class='gallery-icon landscape'>\n\t\t\t\t<a href='https:\/\/centralmedia.rs\/index.php\/2016\/10\/27\/freskopisaci-darovali-oslikavanje-crkve-osvestana-crkva-svete-petke-u-jagodini\/anicic-i-igor-jonic-jagodina-d-a-2\/'><img loading=\"lazy\" decoding=\"async\" width=\"150\" height=\"150\" src=\"https:\/\/centralmedia.rs\/wp-content\/uploads\/2016\/10\/Anicic-i-Igor-Jonic-jagodina-d.a.-150x150.jpg\" class=\"attachment-thumbnail size-thumbnail\" alt=\"\" \/><\/a>\n\t\t\t<\/div><\/figure><figure class='gallery-item'>\n\t\t\t<div class='gallery-icon landscape'>\n\t\t\t\t<a href='https:\/\/centralmedia.rs\/index.php\/2016\/10\/27\/freskopisaci-darovali-oslikavanje-crkve-osvestana-crkva-svete-petke-u-jagodini\/bojan-anicic-jagodina-d-a-1-2\/'><img loading=\"lazy\" decoding=\"async\" width=\"150\" height=\"150\" src=\"https:\/\/centralmedia.rs\/wp-content\/uploads\/2016\/10\/Bojan-Anicic-jagodina-d.a.-1-150x150.jpg\" class=\"attachment-thumbnail size-thumbnail\" alt=\"\" \/><\/a>\n\t\t\t<\/div><\/figure>\n\t\t<\/div>\n\n<p>Grupa freskopisaca iz Jagodine darovala oslikavanje kupole crkve &#8220;Prepodobne majke Paraskeve&#8221;, u Turisti\u010dkom kompleksu u Jagodini, koja \u0107e biti osve\u0161ta 27.oktobra kada se obele\u017eava Sveta Petka.<br \/>\nRe\u010d je o freskopiscima Daliboru Stankovi\u0107u, Bojanu Ani\u010di\u0107u iz Jagodine i Stefanu Derikonji\u0107u iz Priboja, sa pomo\u0107nicima Darkom Vasi\u0107em, Ivanom Vasiljevi\u0107em i Igorom Joni\u0107em, koji pripadaju ekipi Stanoja Bogi\u0107evi\u0107a iz Jagodine<br \/>\n-Uradili smo, sa blagoslovom vladike \u0161umadijskog Jovana, kupolu sa freskom Hrista Pantokratora i osam proroka i osam apostola, na 82 kvadrata. Radili smo oko mesec dana, odre\u0111ivali vreme kada je hladnije jer je u kupoli, na skelama, bilo veoma vru\u0107e, rekao je Ani\u010di\u0107.<br \/>\n-Ovo je na\u0161 dar crkvi, \u010diji smo parohijani, a na ideju da to uradimo do\u0161li smo Stankovi\u0107 i ja&#8221;, dodao je Ani\u010di\u0107.<\/p>\n","protected":false},"excerpt":{"rendered":"<p>JAGODINA-Vladika \u0161umadijski Jovan, danas je u Jagodini, sa sve\u0161tenstvom Crkvene op\u0161tine Jagodine, osve\u0161tao novosagra\u0111enu crkvu posve\u0107enu Svetoj Petki Paraskevi. Ceremoniji osve\u0161tenja i prvoj arhijerejskoj liturgiji &hellip; <\/p>\n","protected":false},"author":4,"featured_media":5201,"comment_status":"open","ping_status":"open","sticky":false,"template":"","format":"standard","meta":{"footnotes":""},"categories":[14,12],"tags":[58,1361,1258],"_links":{"self":[{"href":"https:\/\/centralmedia.rs\/index.php\/wp-json\/wp\/v2\/posts\/5200"}],"collection":[{"href":"https:\/\/centralmedia.rs\/index.php\/wp-json\/wp\/v2\/posts"}],"about":[{"href":"https:\/\/centralmedia.rs\/index.php\/wp-json\/wp\/v2\/types\/post"}],"author":[{"embeddable":true,"href":"https:\/\/centralmedia.rs\/index.php\/wp-json\/wp\/v2\/users\/4"}],"replies":[{"embeddable":true,"href":"https:\/\/centralmedia.rs\/index.php\/wp-json\/wp\/v2\/comments?post=5200"}],"version-history":[{"count":0,"href":"https:\/\/centralmedia.rs\/index.php\/wp-json\/wp\/v2\/posts\/5200\/revisions"}],"wp:featuredmedia":[{"embeddable":true,"href":"https:\/\/centralmedia.rs\/index.php\/wp-json\/wp\/v2\/media\/5201"}],"wp:attachment":[{"href":"https:\/\/centralmedia.rs\/index.php\/wp-json\/wp\/v2\/media?parent=5200"}],"wp:term":[{"taxonomy":"category","embeddable":true,"href":"https:\/\/centralmedia.rs\/index.php\/wp-json\/wp\/v2\/categories?post=5200"},{"taxonomy":"post_tag","embeddable":true,"href":"https:\/\/centralmedia.rs\/index.php\/wp-json\/wp\/v2\/tags?post=5200"}],"curies":[{"name":"wp","href":"https:\/\/api.w.org\/{rel}","templated":true}]}}