{"id":5210,"date":"2016-10-27T18:09:46","date_gmt":"2016-10-27T18:09:46","guid":{"rendered":"http:\/\/centralmedia.rs\/?p=5210"},"modified":"2016-12-15T10:21:21","modified_gmt":"2016-12-15T10:21:21","slug":"humanost-paracinskih-odbornika-damljanovici-dobili-vodu-kupatilo-kuhinju","status":"publish","type":"post","link":"https:\/\/centralmedia.rs\/index.php\/2016\/10\/27\/humanost-paracinskih-odbornika-damljanovici-dobili-vodu-kupatilo-kuhinju\/","title":{"rendered":"HUMANOST PARA\u0106INSKIH ODBORNIKA-DAMLJANOVI\u0106I DOBILI VODU, KUPATILO I KUHINJU"},"content":{"rendered":"<p>PARA\u0106IN-Aktivisti i odbornici Pokreta za selo i grad-Ekolo\u0161kog pokreta iz Para\u0107ina danas su tro\u010dlanoj porodici Damljanovi\u0107 iz naselja Vrap\u010dani u tom gradu, posle \u00a0rekonstrukcije i adaptacije, predali na upotrebu ku\u0107u. Damljanovi\u0107i su socijalno ugro\u017eeni i korisnici socijalne pomo\u0107i.<\/p>\n<div id='gallery-1' class='gallery galleryid-5210 gallery-columns-2 gallery-size-full'><figure class='gallery-item'>\n\t\t\t<div class='gallery-icon landscape'>\n\t\t\t\t<a href='https:\/\/centralmedia.rs\/index.php\/2016\/10\/27\/humanost-paracinskih-odbornika-damljanovici-dobili-vodu-kupatilo-kuhinju\/damljanovic-3-paracin\/'><img loading=\"lazy\" decoding=\"async\" width=\"960\" height=\"720\" src=\"https:\/\/centralmedia.rs\/wp-content\/uploads\/2016\/10\/damljanovic-3-paracin.jpg\" class=\"attachment-full size-full\" alt=\"\" srcset=\"https:\/\/centralmedia.rs\/wp-content\/uploads\/2016\/10\/damljanovic-3-paracin.jpg 960w, https:\/\/centralmedia.rs\/wp-content\/uploads\/2016\/10\/damljanovic-3-paracin-300x225.jpg 300w, https:\/\/centralmedia.rs\/wp-content\/uploads\/2016\/10\/damljanovic-3-paracin-768x576.jpg 768w, https:\/\/centralmedia.rs\/wp-content\/uploads\/2016\/10\/damljanovic-3-paracin-80x60.jpg 80w, https:\/\/centralmedia.rs\/wp-content\/uploads\/2016\/10\/damljanovic-3-paracin-265x198.jpg 265w\" sizes=\"(max-width: 960px) 100vw, 960px\" \/><\/a>\n\t\t\t<\/div><\/figure><figure class='gallery-item'>\n\t\t\t<div class='gallery-icon landscape'>\n\t\t\t\t<a href='https:\/\/centralmedia.rs\/index.php\/2016\/10\/27\/humanost-paracinskih-odbornika-damljanovici-dobili-vodu-kupatilo-kuhinju\/damljanovic-4-paracin\/'><img loading=\"lazy\" decoding=\"async\" width=\"960\" height=\"720\" src=\"https:\/\/centralmedia.rs\/wp-content\/uploads\/2016\/10\/damljanovic-4-paracin.jpg\" class=\"attachment-full size-full\" alt=\"\" srcset=\"https:\/\/centralmedia.rs\/wp-content\/uploads\/2016\/10\/damljanovic-4-paracin.jpg 960w, https:\/\/centralmedia.rs\/wp-content\/uploads\/2016\/10\/damljanovic-4-paracin-300x225.jpg 300w, https:\/\/centralmedia.rs\/wp-content\/uploads\/2016\/10\/damljanovic-4-paracin-768x576.jpg 768w, https:\/\/centralmedia.rs\/wp-content\/uploads\/2016\/10\/damljanovic-4-paracin-80x60.jpg 80w, https:\/\/centralmedia.rs\/wp-content\/uploads\/2016\/10\/damljanovic-4-paracin-265x198.jpg 265w\" sizes=\"(max-width: 960px) 100vw, 960px\" \/><\/a>\n\t\t\t<\/div><\/figure>\n\t\t<\/div>\n\n<p>-Dobili smo vodu, kupatilo i kuhinju u ku\u0107i!U kratkom vremenskom roku sve je ura\u0111eno, dobili smo potpuno novu ku\u0107u za zimu. Sve je novo, ka\u017ee Ema Damljanovi\u0107, koja \u017eivi u ku\u0107i \u0107erkom Teodorom i majkom Sne\u017eanom.<\/p>\n<div id='gallery-2' class='gallery galleryid-5210 gallery-columns-2 gallery-size-full'><figure class='gallery-item'>\n\t\t\t<div class='gallery-icon portrait'>\n\t\t\t\t<a href='https:\/\/centralmedia.rs\/index.php\/2016\/10\/27\/humanost-paracinskih-odbornika-damljanovici-dobili-vodu-kupatilo-kuhinju\/damljanovic-2-paracin\/'><img loading=\"lazy\" decoding=\"async\" width=\"720\" height=\"960\" src=\"https:\/\/centralmedia.rs\/wp-content\/uploads\/2016\/10\/damljanovic-2-paracin.jpg\" class=\"attachment-full size-full\" alt=\"\" srcset=\"https:\/\/centralmedia.rs\/wp-content\/uploads\/2016\/10\/damljanovic-2-paracin.jpg 720w, https:\/\/centralmedia.rs\/wp-content\/uploads\/2016\/10\/damljanovic-2-paracin-225x300.jpg 225w\" sizes=\"(max-width: 720px) 100vw, 720px\" \/><\/a>\n\t\t\t<\/div><\/figure><figure class='gallery-item'>\n\t\t\t<div class='gallery-icon portrait'>\n\t\t\t\t<a href='https:\/\/centralmedia.rs\/index.php\/2016\/10\/27\/humanost-paracinskih-odbornika-damljanovici-dobili-vodu-kupatilo-kuhinju\/damljanovic-1-paracin\/'><img loading=\"lazy\" decoding=\"async\" width=\"720\" height=\"960\" src=\"https:\/\/centralmedia.rs\/wp-content\/uploads\/2016\/10\/damljanovic-1-paracin.jpg\" class=\"attachment-full size-full\" alt=\"\" srcset=\"https:\/\/centralmedia.rs\/wp-content\/uploads\/2016\/10\/damljanovic-1-paracin.jpg 720w, https:\/\/centralmedia.rs\/wp-content\/uploads\/2016\/10\/damljanovic-1-paracin-225x300.jpg 225w\" sizes=\"(max-width: 720px) 100vw, 720px\" \/><\/a>\n\t\t\t<\/div><\/figure>\n\t\t<\/div>\n\n<p>Re\u010d je o 11. porodici od po\u010detka godine \u00a0kojoj su obezbe\u0111eni su humani uslovi \u017eivota primereni 21. Veku, a sredstva, u visini od preko 300. hiljada dinara, obezbe\u0111ena su od dnevnica odbornika i humanitarnih priloga. Dozidavanjem dve nove prostorije, ta porodica prvi put ima kuhinju i kupatilo, postoje\u0107e prostorije su okre\u010dene, a dozidan je i prilaz ku\u0107i. U celom stambenom objektu postavljen je laminat i izvr\u0161ena je sanacija plafona. Tim Pokreta za selo i grad-Ekolo\u0161kog pokreta nastavlja sa dru\u0161tvenim anga\u017emanom mnogobrojnim humanim akcijama.<\/p>\n<p>Razglednica iz Para\u0107ina\u00a0\u2013 Ovaj projekat se realizuje uz pomo\u0107 sredstava iz bud\u017eeta Op\u0161tine Para\u0107in<a href=\"https:\/\/centralmedia.rs\/wp-content\/uploads\/2016\/12\/baner-za-projekte-final-jpg.jpg\"><img loading=\"lazy\" decoding=\"async\" class=\"size-full wp-image-5631 aligncenter\" src=\"https:\/\/centralmedia.rs\/wp-content\/uploads\/2016\/12\/baner-za-projekte-final-jpg.jpg\" alt=\"\" width=\"500\" height=\"150\" srcset=\"https:\/\/centralmedia.rs\/wp-content\/uploads\/2016\/12\/baner-za-projekte-final-jpg.jpg 500w, https:\/\/centralmedia.rs\/wp-content\/uploads\/2016\/12\/baner-za-projekte-final-jpg-300x90.jpg 300w\" sizes=\"(max-width: 500px) 100vw, 500px\" \/><\/a><\/p>\n","protected":false},"excerpt":{"rendered":"<p>PARA\u0106IN-Aktivisti i odbornici Pokreta za selo i grad-Ekolo\u0161kog pokreta iz Para\u0107ina danas su tro\u010dlanoj porodici Damljanovi\u0107 iz naselja Vrap\u010dani u tom gradu, posle \u00a0rekonstrukcije i &hellip; <\/p>\n","protected":false},"author":4,"featured_media":5213,"comment_status":"open","ping_status":"open","sticky":false,"template":"","format":"standard","meta":{"footnotes":""},"categories":[14,1524,2,1516,12],"tags":[],"_links":{"self":[{"href":"https:\/\/centralmedia.rs\/index.php\/wp-json\/wp\/v2\/posts\/5210"}],"collection":[{"href":"https:\/\/centralmedia.rs\/index.php\/wp-json\/wp\/v2\/posts"}],"about":[{"href":"https:\/\/centralmedia.rs\/index.php\/wp-json\/wp\/v2\/types\/post"}],"author":[{"embeddable":true,"href":"https:\/\/centralmedia.rs\/index.php\/wp-json\/wp\/v2\/users\/4"}],"replies":[{"embeddable":true,"href":"https:\/\/centralmedia.rs\/index.php\/wp-json\/wp\/v2\/comments?post=5210"}],"version-history":[{"count":0,"href":"https:\/\/centralmedia.rs\/index.php\/wp-json\/wp\/v2\/posts\/5210\/revisions"}],"wp:featuredmedia":[{"embeddable":true,"href":"https:\/\/centralmedia.rs\/index.php\/wp-json\/wp\/v2\/media\/5213"}],"wp:attachment":[{"href":"https:\/\/centralmedia.rs\/index.php\/wp-json\/wp\/v2\/media?parent=5210"}],"wp:term":[{"taxonomy":"category","embeddable":true,"href":"https:\/\/centralmedia.rs\/index.php\/wp-json\/wp\/v2\/categories?post=5210"},{"taxonomy":"post_tag","embeddable":true,"href":"https:\/\/centralmedia.rs\/index.php\/wp-json\/wp\/v2\/tags?post=5210"}],"curies":[{"name":"wp","href":"https:\/\/api.w.org\/{rel}","templated":true}]}}