{"id":5218,"date":"2016-10-27T18:31:05","date_gmt":"2016-10-27T18:31:05","guid":{"rendered":"http:\/\/centralmedia.rs\/?p=5218"},"modified":"2016-12-15T10:18:38","modified_gmt":"2016-12-15T10:18:38","slug":"60-balkanski-kros-u-cupriji-5-novembra","status":"publish","type":"post","link":"https:\/\/centralmedia.rs\/index.php\/2016\/10\/27\/60-balkanski-kros-u-cupriji-5-novembra\/","title":{"rendered":"60. BALKANSKI KROS U \u0106UPRIJI 5. NOVEMBRA"},"content":{"rendered":"<p>\u0106UPRIJA-60. Balkanski kros u \u0106upriji 5.novembra okupi\u0107e se preko 300 takmi\u010dara iz 13 zemalja, re\u010deno je danas na konferenciji za medije u tom gradu. \u0106uprija je bila doma\u0107in tog krosa 1984. godine. Reprezentaciju Srbije \u010dini\u0107e seniori Milo\u0161 Pendi\u0107, Milo\u0161 Krsti\u0107 i Nemanja Stojanovi\u0107, seniorke Amela Terzi\u0107, Olivera Jevti\u0107 i Teodora Simovi\u0107, mla\u0111i seniori bra\u0107a Mitrovi\u0107 Milo\u0161 i Milan, Nikola Rai\u010devi\u0107 i Milo\u0161 Milosavljevi\u0107.\u00a0 Juniore \u0107e predvoditi Elzan Bibi\u0107, uz Vasi\u0107a, \u0160migovi\u0107a i Ajdarevi\u0107a, dok \u0107e za junorke nastupiti Na\u0111a Cerovac, Tamara Mili\u0107evi\u0107 Milica Giolubovi\u0107 i Jasmina Prugini\u0107.<\/p>\n<p>-Dugujem veliku zahvalnost lokalnoj samoupravi koja je prepoznala da je ovo izuzetna sportska manifestacija, rekao je predsednik OAK Morava i Sportskog saveza Dragan Zdravkovi\u0107.<\/p>\n<p>&#8211; Pre 32 godine bila sam mlada da bih tr\u010dala, sada prestarela, opet sam u ulozi posmatra\u010da, ali nadam se lepom sportskom doga\u0111aju, kazala je potredsenisa ASS Sne\u017eana Pajki\u0107.<\/p>\n<p>Balkanski bi\u0107e na stazi pored Velike Morave na kojoj pre vi\u0161e od tri decenije, tako\u0111e, odr\u017eano ovo takmi\u010denje. Konferenciji za novinare prisustvovali legende atletike Sne\u017eana Pajki\u0107 i Dragan Zdravkovi\u0107, selektori Slobodan Popovi\u0107 i Edin Zukovi\u0107, te \u010dlan Op\u0161tinskog ve\u0107a Vladimir Vasiljevi\u0107 i direktor TO\u0106 Igor Stankovi\u0107.<\/p>\n<p>Razglednica iz \u0106uprije\u2013 Ovaj projekat se realizuje uz pomo\u0107 sredstava iz bud\u017eeta Op\u0161tine \u0106uprija<a href=\"https:\/\/centralmedia.rs\/wp-content\/uploads\/2016\/12\/baner-za-projekte-final-jpg.jpg\"><img loading=\"lazy\" decoding=\"async\" class=\"size-full wp-image-5631 aligncenter\" src=\"https:\/\/centralmedia.rs\/wp-content\/uploads\/2016\/12\/baner-za-projekte-final-jpg.jpg\" alt=\"\" width=\"500\" height=\"150\" srcset=\"https:\/\/centralmedia.rs\/wp-content\/uploads\/2016\/12\/baner-za-projekte-final-jpg.jpg 500w, https:\/\/centralmedia.rs\/wp-content\/uploads\/2016\/12\/baner-za-projekte-final-jpg-300x90.jpg 300w\" sizes=\"(max-width: 500px) 100vw, 500px\" \/><\/a><\/p>\n","protected":false},"excerpt":{"rendered":"<p>\u0106UPRIJA-60. Balkanski kros u \u0106upriji 5.novembra okupi\u0107e se preko 300 takmi\u010dara iz 13 zemalja, re\u010deno je danas na konferenciji za medije u tom gradu. \u0106uprija &hellip; <\/p>\n","protected":false},"author":4,"featured_media":5219,"comment_status":"open","ping_status":"open","sticky":false,"template":"","format":"standard","meta":{"footnotes":""},"categories":[1515,1524,2,21],"tags":[48,594,44],"_links":{"self":[{"href":"https:\/\/centralmedia.rs\/index.php\/wp-json\/wp\/v2\/posts\/5218"}],"collection":[{"href":"https:\/\/centralmedia.rs\/index.php\/wp-json\/wp\/v2\/posts"}],"about":[{"href":"https:\/\/centralmedia.rs\/index.php\/wp-json\/wp\/v2\/types\/post"}],"author":[{"embeddable":true,"href":"https:\/\/centralmedia.rs\/index.php\/wp-json\/wp\/v2\/users\/4"}],"replies":[{"embeddable":true,"href":"https:\/\/centralmedia.rs\/index.php\/wp-json\/wp\/v2\/comments?post=5218"}],"version-history":[{"count":0,"href":"https:\/\/centralmedia.rs\/index.php\/wp-json\/wp\/v2\/posts\/5218\/revisions"}],"wp:featuredmedia":[{"embeddable":true,"href":"https:\/\/centralmedia.rs\/index.php\/wp-json\/wp\/v2\/media\/5219"}],"wp:attachment":[{"href":"https:\/\/centralmedia.rs\/index.php\/wp-json\/wp\/v2\/media?parent=5218"}],"wp:term":[{"taxonomy":"category","embeddable":true,"href":"https:\/\/centralmedia.rs\/index.php\/wp-json\/wp\/v2\/categories?post=5218"},{"taxonomy":"post_tag","embeddable":true,"href":"https:\/\/centralmedia.rs\/index.php\/wp-json\/wp\/v2\/tags?post=5218"}],"curies":[{"name":"wp","href":"https:\/\/api.w.org\/{rel}","templated":true}]}}