{"id":5224,"date":"2016-10-28T09:57:29","date_gmt":"2016-10-28T09:57:29","guid":{"rendered":"http:\/\/centralmedia.rs\/?p=5224"},"modified":"2016-10-28T09:57:29","modified_gmt":"2016-10-28T09:57:29","slug":"nova-fabrika-aunde-u-jagodini-vucicpolitika-rasta-razvoja-u-naredne-cetiri-godine","status":"publish","type":"post","link":"https:\/\/centralmedia.rs\/index.php\/2016\/10\/28\/nova-fabrika-aunde-u-jagodini-vucicpolitika-rasta-razvoja-u-naredne-cetiri-godine\/","title":{"rendered":"NOVA FABRIKA AUNDE U JAGODINI  &#8211; VU\u010cI\u0106:POLITIKA RASTA I RAZVOJA U NAREDNE \u010cETIRI GODINE"},"content":{"rendered":"<p>JAGODINA-Premijer Srbije Aleksandar Vu\u010di\u0107 izjavio je danas u Jagodini da \u0107e u naredne \u010detiri godine politika Vlade Srbije biti rast, razvoj i bolji \u017eivot gra\u0111ana. On je polo\u017eio kamen temeljac za izgradnju nove fabrike italijanske kompanije Aunde gde \u0107e biti zaposleno 370 radnika.<\/p>\n<div id='gallery-1' class='gallery galleryid-5224 gallery-columns-3 gallery-size-full'><figure class='gallery-item'>\n\t\t\t<div class='gallery-icon landscape'>\n\t\t\t\t<a href='https:\/\/centralmedia.rs\/index.php\/2016\/10\/28\/nova-fabrika-aunde-u-jagodini-vucicpolitika-rasta-razvoja-u-naredne-cetiri-godine\/aunde-jagodina-g-j\/'><img loading=\"lazy\" decoding=\"async\" width=\"900\" height=\"675\" src=\"https:\/\/centralmedia.rs\/wp-content\/uploads\/2016\/10\/aunde-jagodina-g.j..jpg\" class=\"attachment-full size-full\" alt=\"\" srcset=\"https:\/\/centralmedia.rs\/wp-content\/uploads\/2016\/10\/aunde-jagodina-g.j..jpg 900w, https:\/\/centralmedia.rs\/wp-content\/uploads\/2016\/10\/aunde-jagodina-g.j.-300x225.jpg 300w, https:\/\/centralmedia.rs\/wp-content\/uploads\/2016\/10\/aunde-jagodina-g.j.-768x576.jpg 768w, https:\/\/centralmedia.rs\/wp-content\/uploads\/2016\/10\/aunde-jagodina-g.j.-80x60.jpg 80w, https:\/\/centralmedia.rs\/wp-content\/uploads\/2016\/10\/aunde-jagodina-g.j.-265x198.jpg 265w\" sizes=\"(max-width: 900px) 100vw, 900px\" \/><\/a>\n\t\t\t<\/div><\/figure><figure class='gallery-item'>\n\t\t\t<div class='gallery-icon landscape'>\n\t\t\t\t<a href='https:\/\/centralmedia.rs\/index.php\/2016\/10\/28\/nova-fabrika-aunde-u-jagodini-vucicpolitika-rasta-razvoja-u-naredne-cetiri-godine\/aunde-1-jagodina-g-j\/'><img loading=\"lazy\" decoding=\"async\" width=\"900\" height=\"675\" src=\"https:\/\/centralmedia.rs\/wp-content\/uploads\/2016\/10\/aunde-1-jagodina-g.j..jpg\" class=\"attachment-full size-full\" alt=\"\" srcset=\"https:\/\/centralmedia.rs\/wp-content\/uploads\/2016\/10\/aunde-1-jagodina-g.j..jpg 900w, https:\/\/centralmedia.rs\/wp-content\/uploads\/2016\/10\/aunde-1-jagodina-g.j.-300x225.jpg 300w, https:\/\/centralmedia.rs\/wp-content\/uploads\/2016\/10\/aunde-1-jagodina-g.j.-768x576.jpg 768w, https:\/\/centralmedia.rs\/wp-content\/uploads\/2016\/10\/aunde-1-jagodina-g.j.-80x60.jpg 80w, https:\/\/centralmedia.rs\/wp-content\/uploads\/2016\/10\/aunde-1-jagodina-g.j.-265x198.jpg 265w\" sizes=\"(max-width: 900px) 100vw, 900px\" \/><\/a>\n\t\t\t<\/div><\/figure><figure class='gallery-item'>\n\t\t\t<div class='gallery-icon landscape'>\n\t\t\t\t<a href='https:\/\/centralmedia.rs\/index.php\/2016\/10\/28\/nova-fabrika-aunde-u-jagodini-vucicpolitika-rasta-razvoja-u-naredne-cetiri-godine\/aunde-2-jagodina-g-j\/'><img loading=\"lazy\" decoding=\"async\" width=\"900\" height=\"675\" src=\"https:\/\/centralmedia.rs\/wp-content\/uploads\/2016\/10\/aunde-2-jagodina-g.j..jpg\" class=\"attachment-full size-full\" alt=\"\" srcset=\"https:\/\/centralmedia.rs\/wp-content\/uploads\/2016\/10\/aunde-2-jagodina-g.j..jpg 900w, https:\/\/centralmedia.rs\/wp-content\/uploads\/2016\/10\/aunde-2-jagodina-g.j.-300x225.jpg 300w, https:\/\/centralmedia.rs\/wp-content\/uploads\/2016\/10\/aunde-2-jagodina-g.j.-768x576.jpg 768w, https:\/\/centralmedia.rs\/wp-content\/uploads\/2016\/10\/aunde-2-jagodina-g.j.-80x60.jpg 80w, https:\/\/centralmedia.rs\/wp-content\/uploads\/2016\/10\/aunde-2-jagodina-g.j.-265x198.jpg 265w\" sizes=\"(max-width: 900px) 100vw, 900px\" \/><\/a>\n\t\t\t<\/div><\/figure>\n\t\t<\/div>\n\n<p>&#8211; Sada okre\u0107emo drugi list i to \u0107e biti nova politika Vlade Srbije, a to je politika rasta. Politika podsticanja ulaganja, podsticanja razvoja, zato \u0161to smo sa \u0161tednjom pokazali da mo\u017eemo deficit da spustimo ispod 2 odsto BDP.\u00a0 U prostoru do 3 odsto mo\u017eemo sami da odlu\u010dujemo\u00a0 koliko \u0107emo da ula\u017eemo. Ho\u0107emo da ula\u017eemo u rast, privredni razvoj i bolji\u00a0 \u017eivot gra\u0111ana Srbije. To je na\u0161a politka za naredne \u010detiri godine, rekao je Vu\u010di\u0107.<\/p>\n<div id='gallery-2' class='gallery galleryid-5224 gallery-columns-3 gallery-size-full'><figure class='gallery-item'>\n\t\t\t<div class='gallery-icon landscape'>\n\t\t\t\t<a href='https:\/\/centralmedia.rs\/index.php\/2016\/10\/28\/nova-fabrika-aunde-u-jagodini-vucicpolitika-rasta-razvoja-u-naredne-cetiri-godine\/aunde-3-jagodina-g-j\/'><img loading=\"lazy\" decoding=\"async\" width=\"900\" height=\"675\" src=\"https:\/\/centralmedia.rs\/wp-content\/uploads\/2016\/10\/aunde-3-jagodina-g.j..jpg\" class=\"attachment-full size-full\" alt=\"\" srcset=\"https:\/\/centralmedia.rs\/wp-content\/uploads\/2016\/10\/aunde-3-jagodina-g.j..jpg 900w, https:\/\/centralmedia.rs\/wp-content\/uploads\/2016\/10\/aunde-3-jagodina-g.j.-300x225.jpg 300w, https:\/\/centralmedia.rs\/wp-content\/uploads\/2016\/10\/aunde-3-jagodina-g.j.-768x576.jpg 768w, https:\/\/centralmedia.rs\/wp-content\/uploads\/2016\/10\/aunde-3-jagodina-g.j.-80x60.jpg 80w, https:\/\/centralmedia.rs\/wp-content\/uploads\/2016\/10\/aunde-3-jagodina-g.j.-265x198.jpg 265w\" sizes=\"(max-width: 900px) 100vw, 900px\" \/><\/a>\n\t\t\t<\/div><\/figure><figure class='gallery-item'>\n\t\t\t<div class='gallery-icon landscape'>\n\t\t\t\t<a href='https:\/\/centralmedia.rs\/index.php\/2016\/10\/28\/nova-fabrika-aunde-u-jagodini-vucicpolitika-rasta-razvoja-u-naredne-cetiri-godine\/aunde-5-jagodina-g-j\/'><img loading=\"lazy\" decoding=\"async\" width=\"900\" height=\"675\" src=\"https:\/\/centralmedia.rs\/wp-content\/uploads\/2016\/10\/aunde-5-jagodina-g.j..jpg\" class=\"attachment-full size-full\" alt=\"\" srcset=\"https:\/\/centralmedia.rs\/wp-content\/uploads\/2016\/10\/aunde-5-jagodina-g.j..jpg 900w, https:\/\/centralmedia.rs\/wp-content\/uploads\/2016\/10\/aunde-5-jagodina-g.j.-300x225.jpg 300w, https:\/\/centralmedia.rs\/wp-content\/uploads\/2016\/10\/aunde-5-jagodina-g.j.-768x576.jpg 768w, https:\/\/centralmedia.rs\/wp-content\/uploads\/2016\/10\/aunde-5-jagodina-g.j.-80x60.jpg 80w, https:\/\/centralmedia.rs\/wp-content\/uploads\/2016\/10\/aunde-5-jagodina-g.j.-265x198.jpg 265w\" sizes=\"(max-width: 900px) 100vw, 900px\" \/><\/a>\n\t\t\t<\/div><\/figure><figure class='gallery-item'>\n\t\t\t<div class='gallery-icon landscape'>\n\t\t\t\t<a href='https:\/\/centralmedia.rs\/index.php\/2016\/10\/28\/nova-fabrika-aunde-u-jagodini-vucicpolitika-rasta-razvoja-u-naredne-cetiri-godine\/aunde-6-jagodina-g-j\/'><img loading=\"lazy\" decoding=\"async\" width=\"900\" height=\"675\" src=\"https:\/\/centralmedia.rs\/wp-content\/uploads\/2016\/10\/aunde-6-jagodina-g.j..jpg\" class=\"attachment-full size-full\" alt=\"\" srcset=\"https:\/\/centralmedia.rs\/wp-content\/uploads\/2016\/10\/aunde-6-jagodina-g.j..jpg 900w, https:\/\/centralmedia.rs\/wp-content\/uploads\/2016\/10\/aunde-6-jagodina-g.j.-300x225.jpg 300w, https:\/\/centralmedia.rs\/wp-content\/uploads\/2016\/10\/aunde-6-jagodina-g.j.-768x576.jpg 768w, https:\/\/centralmedia.rs\/wp-content\/uploads\/2016\/10\/aunde-6-jagodina-g.j.-80x60.jpg 80w, https:\/\/centralmedia.rs\/wp-content\/uploads\/2016\/10\/aunde-6-jagodina-g.j.-265x198.jpg 265w\" sizes=\"(max-width: 900px) 100vw, 900px\" \/><\/a>\n\t\t\t<\/div><\/figure>\n\t\t<\/div>\n\n<p>Aunde trenutno u Jagodini zapo\u0161lajva 240 radnika, a novi ugovor predvi\u0111a upo\u0161ljavanje jo\u0161 370.<\/p>\n<p>-Najmanje 610 radi\u0107e u Aunde Srbija, a mi se nadamo 650 radnika. Srbija je do sada kompaniji Aunde isplatila 1,2 miliona evra, novi ugovor predvi\u0111a subvenciju u visini od milion evra. Da taj novaca nismo dali, oni bi oti\u0161li negde drugde, odnosno ne bi bilo posla bez vladinih podsticaja. Bolje je da ula\u017eemo narodni novac u fabrike, nego da kupujemo narodnu volju za izbore. \u00a0To je najva\u017eniji posao danas, rekao je Vu\u010di\u0107 i dodao da \u0107e prozvodima iz novog pogona biti snabdevani Mercedes, Fiat i Iveko.<\/p>\n<p>Ministar spoljnih poslova Ivica Da\u010di\u0107 istakao je da je Vlada koju predvodi Vu\u010di\u0107 uspela da prekine strmoglavi ekonomski pad\u00a0 godinama unazad, koji je pretio da potpuno uni\u0161ti\u00a0 srpsku ekonomiju.<\/p>\n<p>-Kada su ljudi iz MMF i drugih organizacija pre nekoliko godina pokazali podatke o stanju ekonomije, tada je bilo jasno da se ne mo\u017ee druga\u010dije\u00a0 iza\u0107i iz krize nego uvo\u0111enjem reda u fiskalnoj politici smenjenjem deficita. Jedan od na\u010dina bile su u\u0161tede, a sada nam sledi ekonomski razvoj i rast. To \u0107e dovesti do ekonomske i politi\u010dke stabilnosti, rekao je Da\u010di\u0107.<\/p>\n<p>Potpisivanju ugovora i polaganju kamena temeljca pristustvovali su ambasador Italije \u0110uzepe Manco i vlasnik Aunde Enriko Vernjano.<\/p>\n<p>-U februaru \u0107emo postaviti kamen temeljac za nema\u010dku kompaniju proizvo\u0111a\u010da repromaterijala fabrike Andrea konfekcioni, koja proizvodi cirade za automobile. Tako\u0111e, Mercedes je odlu\u010dio da kupuje proizvode od Aunde Srbija. To zna\u010di \u00a0da su dve kompanije iz naja\u010de evroske ekonomije izabrale Srbiju, rekao je Markovi\u0107 i dodao da \u0107e u Srbiji za 3,4 godine svako raditi ko \u017eeli da radi.<\/p>\n<p>SUFICIT TOPE DUGOVI PETROHEMIJE<\/p>\n<p>-Planirani deficit za ovu godinu je milijardu\u00a0 evra, a mi u ovom trenutku imamo\u00a0 27,28 milijardi suficita na kraju oktobra. Da\u0107emo ga za Petrohemiju, vrati\u0107emo sve dugove u petrohemijskom kompleksu do kraj godine i napraviti mali deficit. Za slede\u0107u godinu\u00a0 o\u010dekivani defici bi\u0107e 500, 600 miliona evra i opet \u0107e biti manji od toga. Time Srbija postaje normalna zemlja koja sa lako\u0107om vra\u0107a dugove, a kamatne stope na kredite su sada do 3 odsto, rekao je Vu\u010di\u0107.<\/p>\n","protected":false},"excerpt":{"rendered":"<p>JAGODINA-Premijer Srbije Aleksandar Vu\u010di\u0107 izjavio je danas u Jagodini da \u0107e u naredne \u010detiri godine politika Vlade Srbije biti rast, razvoj i bolji \u017eivot gra\u0111ana. &hellip; <\/p>\n","protected":false},"author":4,"featured_media":5225,"comment_status":"open","ping_status":"open","sticky":false,"template":"","format":"standard","meta":{"footnotes":""},"categories":[22,2],"tags":[1362,393,58,120,63],"_links":{"self":[{"href":"https:\/\/centralmedia.rs\/index.php\/wp-json\/wp\/v2\/posts\/5224"}],"collection":[{"href":"https:\/\/centralmedia.rs\/index.php\/wp-json\/wp\/v2\/posts"}],"about":[{"href":"https:\/\/centralmedia.rs\/index.php\/wp-json\/wp\/v2\/types\/post"}],"author":[{"embeddable":true,"href":"https:\/\/centralmedia.rs\/index.php\/wp-json\/wp\/v2\/users\/4"}],"replies":[{"embeddable":true,"href":"https:\/\/centralmedia.rs\/index.php\/wp-json\/wp\/v2\/comments?post=5224"}],"version-history":[{"count":0,"href":"https:\/\/centralmedia.rs\/index.php\/wp-json\/wp\/v2\/posts\/5224\/revisions"}],"wp:featuredmedia":[{"embeddable":true,"href":"https:\/\/centralmedia.rs\/index.php\/wp-json\/wp\/v2\/media\/5225"}],"wp:attachment":[{"href":"https:\/\/centralmedia.rs\/index.php\/wp-json\/wp\/v2\/media?parent=5224"}],"wp:term":[{"taxonomy":"category","embeddable":true,"href":"https:\/\/centralmedia.rs\/index.php\/wp-json\/wp\/v2\/categories?post=5224"},{"taxonomy":"post_tag","embeddable":true,"href":"https:\/\/centralmedia.rs\/index.php\/wp-json\/wp\/v2\/tags?post=5224"}],"curies":[{"name":"wp","href":"https:\/\/api.w.org\/{rel}","templated":true}]}}