{"id":5233,"date":"2016-10-28T11:56:53","date_gmt":"2016-10-28T11:56:53","guid":{"rendered":"http:\/\/centralmedia.rs\/?p=5233"},"modified":"2016-10-28T11:57:24","modified_gmt":"2016-10-28T11:57:24","slug":"mostrum-iz-donjeg-vidova-udarao-zenu-u-glavu-smrti","status":"publish","type":"post","link":"https:\/\/centralmedia.rs\/index.php\/2016\/10\/28\/mostrum-iz-donjeg-vidova-udarao-zenu-u-glavu-smrti\/","title":{"rendered":"MONSTRUM IZ DONJEG VIDOVA &#8211; UDARAO \u017dENU U GLAVU DO SMRTI"},"content":{"rendered":"<p>PARA\u0106IN-Prema nezvani\u010dnim rezultatima obdukcije Daliborka Joci\u0107 (41) iz Donjeg Vidova kod Para\u0107ina preminula je zbog nagnje\u010denja mozga, uzrokovanog udarcima rukom i predmetom. Re\u010d je o vi\u0161e udaraca u glavu. \u017dena je imala rasekotine po telu od no\u017ea.Osumnji\u010deni za ubistvo Gradimir Joci\u0107 je ju\u010de u policiji negirao izvr\u0161enje zlo\u010dina. Rekao je da se ne se\u0107a doga\u0111aja, da ima rupe u pam\u0107enju. Njemu je \u00a0odre\u0111eno policijsko zadr\u017eavanje do 48 sati, a za sutra je predvi\u0111eno da bude saslu\u0161an vi\u0161eg tu\u017eioca. <a href=\"https:\/\/centralmedia.rs\/wp-content\/uploads\/2016\/10\/kuca-gradimirova-2.jpg\"><img loading=\"lazy\" decoding=\"async\" class=\"alignnone size-full wp-image-5197\" src=\"https:\/\/centralmedia.rs\/wp-content\/uploads\/2016\/10\/kuca-gradimirova-2.jpg\" alt=\"kuca-gradimirova-2\" width=\"900\" height=\"675\" srcset=\"https:\/\/centralmedia.rs\/wp-content\/uploads\/2016\/10\/kuca-gradimirova-2.jpg 900w, https:\/\/centralmedia.rs\/wp-content\/uploads\/2016\/10\/kuca-gradimirova-2-300x225.jpg 300w, https:\/\/centralmedia.rs\/wp-content\/uploads\/2016\/10\/kuca-gradimirova-2-768x576.jpg 768w, https:\/\/centralmedia.rs\/wp-content\/uploads\/2016\/10\/kuca-gradimirova-2-80x60.jpg 80w, https:\/\/centralmedia.rs\/wp-content\/uploads\/2016\/10\/kuca-gradimirova-2-265x198.jpg 265w\" sizes=\"(max-width: 900px) 100vw, 900px\" \/><\/a>\u00a0Centar za socijalni rad u Para\u0107inu preuzeo je starateljstvo nad \u010detvorodi\u0161njakom i uregentno smestio dete u hraniteljsku porodicu, posle mostruoznog ubistva njegove majke. Prema re\u010dima direktorke tog centra Biljane Milenovi\u0107 bi\u0107e izvr\u0161ena procena najbli\u017eih srodnika i ,,najverovatrni \u0107e se i\u0107i na srodni\u010dko hraniteljstvo, jer \u010detvorogod\u0161njak ima punoletne sestru i brata po majci\u201c.<\/p>\n<p>-Oni su u \u0161oku, zbog svega \u0161to se dogodilo. Izrazili su nameru i \u017eelju da preuzmu brigu o \u010detvorogodi\u0161njem bratu, kazala je ona.<a href=\"https:\/\/centralmedia.rs\/wp-content\/uploads\/2016\/10\/krv-1-paracin-g.j..jpg\"><img loading=\"lazy\" decoding=\"async\" class=\"alignnone size-full wp-image-5198\" src=\"https:\/\/centralmedia.rs\/wp-content\/uploads\/2016\/10\/krv-1-paracin-g.j..jpg\" alt=\"krv-1-paracin-g-j\" width=\"900\" height=\"675\" srcset=\"https:\/\/centralmedia.rs\/wp-content\/uploads\/2016\/10\/krv-1-paracin-g.j..jpg 900w, https:\/\/centralmedia.rs\/wp-content\/uploads\/2016\/10\/krv-1-paracin-g.j.-300x225.jpg 300w, https:\/\/centralmedia.rs\/wp-content\/uploads\/2016\/10\/krv-1-paracin-g.j.-768x576.jpg 768w, https:\/\/centralmedia.rs\/wp-content\/uploads\/2016\/10\/krv-1-paracin-g.j.-80x60.jpg 80w, https:\/\/centralmedia.rs\/wp-content\/uploads\/2016\/10\/krv-1-paracin-g.j.-265x198.jpg 265w\" sizes=\"(max-width: 900px) 100vw, 900px\" \/><\/a><\/p>\n<p>Daliborka je preminula u sredu ujutru posle vi\u0161esatnog monstruoznog i\u017eivljavanja njenog supruga Gradimira. Kom\u0161ije koje su je zatekle kako le\u017ei na travnjaku ispred ku\u0107e ka\u017eu da je bila sva u krvi i da je davala minimalne znake \u017eivota. Hitna pomo\u0107 je poku\u0161ala reanimaciju, ali na putu do bolnice je preminula. Gradimir je posle zlostavljanja supruge, kada je video da vi\u0161e ne pru\u017ea otpor, presvukao garderobu, probudio njenog \u010detvorogodi\u0161njeg sina i izveo na terasu, a zatim oti\u0161ao do radnje gde je naru\u010dio pivo za njega jo\u0161 jednog me\u0161tana toga sela. Tra\u017eio je da prodava\u010dica pozove policiju, pa joj zatim rekao da ne zove. Lice mu je bilo svo u krvi, ruke igrebane, govorio je da ga neko napao, da ne zna gde je supruga i da \u010detvorogodi\u0161njak pla\u010de sa terase. Prodava\u010dica ka\u017ee da je bio smiren, ali i zapazila da je dr\u017eao ne\u0161to ispod jakne. Zatim se uputio ka crkvi, \u0161utnuo je kapiju, hteo da uzme tu\u0111u biciklu, ali mu klisar nije dozvolio. Nastavio je baulja po seoskim ulicama dok ga patrola policije nije presrela i uhapsila. Kod njega je prona\u0111en no\u017e kojim je udarao i sekao nesre\u0107nu \u017eenu. Gradimir je radio \u0160vajcarskoj, gde se zbog bolesti penzionisao, iz prvog braka ima dve \u0107erke. Me\u0161tani Donjeg Vidova ka\u017eu da je on \u010desto me\u0161ao alkohol i tablete za smirenje. Daliborka ima dvoje dece iz prvog braka i jedno iz drugog, radila je u komunalnom preduze\u0107u. Njih dvoje bili su vezi protekle tri godine, i\u0161li na more, \u017eiveli zajedno.<\/p>\n","protected":false},"excerpt":{"rendered":"<p>PARA\u0106IN-Prema nezvani\u010dnim rezultatima obdukcije Daliborka Joci\u0107 (41) iz Donjeg Vidova kod Para\u0107ina preminula je zbog nagnje\u010denja mozga, uzrokovanog udarcima rukom i predmetom. Re\u010d je o &hellip; <\/p>\n","protected":false},"author":4,"featured_media":5196,"comment_status":"open","ping_status":"open","sticky":false,"template":"","format":"standard","meta":{"footnotes":""},"categories":[20,2],"tags":[1358,156,1359],"_links":{"self":[{"href":"https:\/\/centralmedia.rs\/index.php\/wp-json\/wp\/v2\/posts\/5233"}],"collection":[{"href":"https:\/\/centralmedia.rs\/index.php\/wp-json\/wp\/v2\/posts"}],"about":[{"href":"https:\/\/centralmedia.rs\/index.php\/wp-json\/wp\/v2\/types\/post"}],"author":[{"embeddable":true,"href":"https:\/\/centralmedia.rs\/index.php\/wp-json\/wp\/v2\/users\/4"}],"replies":[{"embeddable":true,"href":"https:\/\/centralmedia.rs\/index.php\/wp-json\/wp\/v2\/comments?post=5233"}],"version-history":[{"count":0,"href":"https:\/\/centralmedia.rs\/index.php\/wp-json\/wp\/v2\/posts\/5233\/revisions"}],"wp:featuredmedia":[{"embeddable":true,"href":"https:\/\/centralmedia.rs\/index.php\/wp-json\/wp\/v2\/media\/5196"}],"wp:attachment":[{"href":"https:\/\/centralmedia.rs\/index.php\/wp-json\/wp\/v2\/media?parent=5233"}],"wp:term":[{"taxonomy":"category","embeddable":true,"href":"https:\/\/centralmedia.rs\/index.php\/wp-json\/wp\/v2\/categories?post=5233"},{"taxonomy":"post_tag","embeddable":true,"href":"https:\/\/centralmedia.rs\/index.php\/wp-json\/wp\/v2\/tags?post=5233"}],"curies":[{"name":"wp","href":"https:\/\/api.w.org\/{rel}","templated":true}]}}