{"id":5236,"date":"2016-10-29T14:52:16","date_gmt":"2016-10-29T14:52:16","guid":{"rendered":"http:\/\/centralmedia.rs\/?p=5236"},"modified":"2016-10-29T14:52:16","modified_gmt":"2016-10-29T14:52:16","slug":"kolege-znale-za-pakao-koji-je-prezivljavala-ubijena-daliborka-sahranjena-u-bosnjanu","status":"publish","type":"post","link":"https:\/\/centralmedia.rs\/index.php\/2016\/10\/29\/kolege-znale-za-pakao-koji-je-prezivljavala-ubijena-daliborka-sahranjena-u-bosnjanu\/","title":{"rendered":"KOLEGE ZNALE ZA PAKAO KOJI JE PRE\u017dIVLJAVALA UBIJENA &#8211; DALIBORKA SAHRANJENA U BO\u0160NJANU"},"content":{"rendered":"<p>PARA\u0106IN &#8211; Daliborka\u00a0\u00a0 Joci\u0107 (41) koju je pre tri dana zverski ubijena \u00a0sahranjena je ju\u010de rodnom selu Bo\u0161njane kod Para\u0107ina pod devoja\u010dkim prezimenom Mijajlovi\u0107. Ubici, njenom suprugom Gradimiru (49) odre\u0111en je pritvor zbog izvr\u0161enja te\u0161kog ubistva. On se branio \u0107utanjem.<\/p>\n<p>-Nadala se da \u0107e sa \u010dovekom ,povratnikom iz \u0160vajcarske, stvoriti udobniji dom za malog Filipa. Trpela je sva maltretiranja i \u0161ikaniranja\u00a0 neizle\u010divog pijanca. Gradimir je bio alkoholi\u010dar i penzionisan je sa F dijagnozom.Bio je pod stalnom terapijom psihotika, me\u0161ao ih je sa alkoholom. Znali smo u preduze\u0107u Daliborkinu situaciju. \u010cesto je Daliborka dolazila na posao sa mordicama. Savetovale smo joj da ostavi nasilnika, ali\u00a0 se ona \u017ertvovala zbog malog Filipa, pri\u010daju kolege.<a href=\"https:\/\/centralmedia.rs\/wp-content\/uploads\/2016\/10\/IMG_0001.jpg\"><img loading=\"lazy\" decoding=\"async\" class=\"alignnone size-full wp-image-5238\" src=\"https:\/\/centralmedia.rs\/wp-content\/uploads\/2016\/10\/IMG_0001.jpg\" alt=\"img_0001\" width=\"900\" height=\"675\" srcset=\"https:\/\/centralmedia.rs\/wp-content\/uploads\/2016\/10\/IMG_0001.jpg 900w, https:\/\/centralmedia.rs\/wp-content\/uploads\/2016\/10\/IMG_0001-300x225.jpg 300w, https:\/\/centralmedia.rs\/wp-content\/uploads\/2016\/10\/IMG_0001-768x576.jpg 768w, https:\/\/centralmedia.rs\/wp-content\/uploads\/2016\/10\/IMG_0001-80x60.jpg 80w, https:\/\/centralmedia.rs\/wp-content\/uploads\/2016\/10\/IMG_0001-265x198.jpg 265w\" sizes=\"(max-width: 900px) 100vw, 900px\" \/><\/a><\/p>\n<p>Na\u017ealost, Daliborkine koleginice i kolege, koji su prisustvovali su njenom poslednjem ispra\u0107aju, tek sada su otkrili su znali \u0161ta pre\u017eivljava.<\/p>\n<p>\u010cedo moje \u0161to mi nisi rekla svoje muke. \u0160to ne ostavi krvnika i vrati se majci. Ostavi mi sada siro\u010de,malog Filipa,da ga gledam stara i bolesna,ridala je majka Zorica. Kraj nje su stajala Daliborkina deca \u00a0Jovana,Nemanja i \u010detvorogodi\u0161njim Filipom, koji je sada kod bake.<\/p>\n<p>Daliborka nije ima sre\u0107e ni sa predhodna dva supruga. Jedan je bio ljubomoran, ali razuman da se razvede, a drugi je nestao. Ona je krenula dalje, sa Gradimirom je bila nekoliko godina u vezi. Posle ven\u010danja u januaru ove godine, ona svakodnevno trpela maltretiranja nesposobnog alkoholo\u010dara. Pre tri dana zverski je tukao i ubadao no\u017eem do smrti. Zatim je \u0161etao po selu i \u010dastio pivom me\u0161tane. \u00a0On je posle hap\u0161enja rekao policiji da se ne se\u0107a ni\u010dega i da ima rupe u pam\u0107enju, kod tu\u017eioca se branio \u0107utanjem.<\/p>\n","protected":false},"excerpt":{"rendered":"<p>PARA\u0106IN &#8211; Daliborka\u00a0\u00a0 Joci\u0107 (41) koju je pre tri dana zverski ubijena \u00a0sahranjena je ju\u010de rodnom selu Bo\u0161njane kod Para\u0107ina pod devoja\u010dkim prezimenom Mijajlovi\u0107. Ubici, &hellip; <\/p>\n","protected":false},"author":4,"featured_media":5237,"comment_status":"open","ping_status":"open","sticky":false,"template":"","format":"standard","meta":{"footnotes":""},"categories":[20,2],"tags":[156,560,482,1363],"_links":{"self":[{"href":"https:\/\/centralmedia.rs\/index.php\/wp-json\/wp\/v2\/posts\/5236"}],"collection":[{"href":"https:\/\/centralmedia.rs\/index.php\/wp-json\/wp\/v2\/posts"}],"about":[{"href":"https:\/\/centralmedia.rs\/index.php\/wp-json\/wp\/v2\/types\/post"}],"author":[{"embeddable":true,"href":"https:\/\/centralmedia.rs\/index.php\/wp-json\/wp\/v2\/users\/4"}],"replies":[{"embeddable":true,"href":"https:\/\/centralmedia.rs\/index.php\/wp-json\/wp\/v2\/comments?post=5236"}],"version-history":[{"count":0,"href":"https:\/\/centralmedia.rs\/index.php\/wp-json\/wp\/v2\/posts\/5236\/revisions"}],"wp:featuredmedia":[{"embeddable":true,"href":"https:\/\/centralmedia.rs\/index.php\/wp-json\/wp\/v2\/media\/5237"}],"wp:attachment":[{"href":"https:\/\/centralmedia.rs\/index.php\/wp-json\/wp\/v2\/media?parent=5236"}],"wp:term":[{"taxonomy":"category","embeddable":true,"href":"https:\/\/centralmedia.rs\/index.php\/wp-json\/wp\/v2\/categories?post=5236"},{"taxonomy":"post_tag","embeddable":true,"href":"https:\/\/centralmedia.rs\/index.php\/wp-json\/wp\/v2\/tags?post=5236"}],"curies":[{"name":"wp","href":"https:\/\/api.w.org\/{rel}","templated":true}]}}