{"id":5240,"date":"2016-10-29T14:56:48","date_gmt":"2016-10-29T14:56:48","guid":{"rendered":"http:\/\/centralmedia.rs\/?p=5240"},"modified":"2016-12-15T10:14:12","modified_gmt":"2016-12-15T10:14:12","slug":"svetski-muzicki-spektakl-u-cupriji-pretpremijera-zavrsnog-koncerta-bemusa","status":"publish","type":"post","link":"https:\/\/centralmedia.rs\/index.php\/2016\/10\/29\/svetski-muzicki-spektakl-u-cupriji-pretpremijera-zavrsnog-koncerta-bemusa\/","title":{"rendered":"SVETSKI MUZI\u010cKI SPEKTAKL U \u0106UPRIJI &#8211; PRETPREMIJERA ZAVR\u0160NOG KONCERTA BEMUSA"},"content":{"rendered":"<p>\u0106UPRIJA-Pretpremijera zavr\u0161nog koncerta ovogodi\u0161njeg BEMUS-u bi\u0107e odr\u017eana u nedelju u 20 sati u sali muzi\u010dke \u0161kole Du\u0161an Skovran u \u0106upriji. Pod vo\u0111stvom Romana Simovi\u0107a,prve violine Londonskog simfonijskog orkestra,na koncertu \u0107e nastupiti Orkestar \u0160kole za muzi\u010dke talente iz \u0106uprije sa duva\u010dima Vojvo\u0111anske filharmonije i Milenom Simovi\u0107 na violi. Na programu koncerta su Bela Bartok: Rumunske igre, Volfgang Amadeus Mocart: Koncertantna simfonija, K. 364 i Ludvig van Betoven: Simfonija br. 7. Ulaz je besplatan.BEMUS-Beogradske muzi\u010dke sve\u010danosti su najstariji i najzna\u010dajniji muzi\u010dki festival u Srbiji i jedan od najprepoznatljivijih festivala umetni\u010dke muzike u Jugoisto\u010dnoj Evropi.<\/p>\n<p>Razglednica iz \u0106uprije\u2013 Ovaj projekat se realizuje uz pomo\u0107 sredstava iz bud\u017eeta Op\u0161tine \u0106uprija<a href=\"https:\/\/centralmedia.rs\/wp-content\/uploads\/2016\/12\/baner-za-projekte-final-jpg.jpg\"><img loading=\"lazy\" decoding=\"async\" class=\"size-full wp-image-5631 aligncenter\" src=\"https:\/\/centralmedia.rs\/wp-content\/uploads\/2016\/12\/baner-za-projekte-final-jpg.jpg\" alt=\"\" width=\"500\" height=\"150\" srcset=\"https:\/\/centralmedia.rs\/wp-content\/uploads\/2016\/12\/baner-za-projekte-final-jpg.jpg 500w, https:\/\/centralmedia.rs\/wp-content\/uploads\/2016\/12\/baner-za-projekte-final-jpg-300x90.jpg 300w\" sizes=\"(max-width: 500px) 100vw, 500px\" \/><\/a><\/p>\n","protected":false},"excerpt":{"rendered":"<p>\u0106UPRIJA-Pretpremijera zavr\u0161nog koncerta ovogodi\u0161njeg BEMUS-u bi\u0107e odr\u017eana u nedelju u 20 sati u sali muzi\u010dke \u0161kole Du\u0161an Skovran u \u0106upriji. Pod vo\u0111stvom Romana Simovi\u0107a,prve violine &hellip; <\/p>\n","protected":false},"author":4,"featured_media":5241,"comment_status":"open","ping_status":"open","sticky":false,"template":"","format":"standard","meta":{"footnotes":""},"categories":[1515,1524,2,15,887,12],"tags":[44,1365,1366,1364],"_links":{"self":[{"href":"https:\/\/centralmedia.rs\/index.php\/wp-json\/wp\/v2\/posts\/5240"}],"collection":[{"href":"https:\/\/centralmedia.rs\/index.php\/wp-json\/wp\/v2\/posts"}],"about":[{"href":"https:\/\/centralmedia.rs\/index.php\/wp-json\/wp\/v2\/types\/post"}],"author":[{"embeddable":true,"href":"https:\/\/centralmedia.rs\/index.php\/wp-json\/wp\/v2\/users\/4"}],"replies":[{"embeddable":true,"href":"https:\/\/centralmedia.rs\/index.php\/wp-json\/wp\/v2\/comments?post=5240"}],"version-history":[{"count":0,"href":"https:\/\/centralmedia.rs\/index.php\/wp-json\/wp\/v2\/posts\/5240\/revisions"}],"wp:featuredmedia":[{"embeddable":true,"href":"https:\/\/centralmedia.rs\/index.php\/wp-json\/wp\/v2\/media\/5241"}],"wp:attachment":[{"href":"https:\/\/centralmedia.rs\/index.php\/wp-json\/wp\/v2\/media?parent=5240"}],"wp:term":[{"taxonomy":"category","embeddable":true,"href":"https:\/\/centralmedia.rs\/index.php\/wp-json\/wp\/v2\/categories?post=5240"},{"taxonomy":"post_tag","embeddable":true,"href":"https:\/\/centralmedia.rs\/index.php\/wp-json\/wp\/v2\/tags?post=5240"}],"curies":[{"name":"wp","href":"https:\/\/api.w.org\/{rel}","templated":true}]}}