{"id":5243,"date":"2016-10-29T17:33:15","date_gmt":"2016-10-29T17:33:15","guid":{"rendered":"http:\/\/centralmedia.rs\/?p=5243"},"modified":"2016-10-29T17:33:48","modified_gmt":"2016-10-29T17:33:48","slug":"zavrsen-7-dops-najbolje-predstave-nemusti-jezik-beg","status":"publish","type":"post","link":"https:\/\/centralmedia.rs\/index.php\/2016\/10\/29\/zavrsen-7-dops-najbolje-predstave-nemusti-jezik-beg\/","title":{"rendered":"ZAVR\u0160EN 7. DOPS &#8211; NAJBOLJE PREDSTAVE SU NEMU\u0160TI JEZIK I BEG"},"content":{"rendered":"<p>JAGODINA-Najbolje predstave 7. Me\u0111unarodnog festivala De\u010dijih i omladinskih pozori\u0161nih predstava u Jagodini su Nemu\u0161ti jezik\u00a0 u izvo\u0111enju OAP &#8220;Branislav Nu\u0161i\u0107&#8221; iz Malog Crni\u0107a i Beg u izvo\u0111enju CEKOM iz Zrenjanina, odluka je \u017eirija u sastavu \u00a0dramski umetnici Milan Caci Mihailovi\u0107 \u00a0i Olga Odanovi\u0107,a ispred grada doma\u0107ina Jelena Pavlovi\u0107. Nagrade su dodeljene ve\u010deras, poslednjeg dana festivala, i za re\u017eiju, glavne \u017eenske i mu\u0161ke uloge, epozode, scenografiju i kostim, kao i spcijalna nagrada. Knji\u017eevniku\u00a0Pe\u0111i Trajkovi\u0107u iz Jagodine uru\u010dena je presti\u017ena nagrade ,,Selimir V. Milosavljevi\u0107&#8221;, koju dodeljuje DOPS.<\/p>\n<div id='gallery-1' class='gallery galleryid-5243 gallery-columns-4 gallery-size-thumbnail'><figure class='gallery-item'>\n\t\t\t<div class='gallery-icon landscape'>\n\t\t\t\t<a href='https:\/\/centralmedia.rs\/index.php\/2016\/10\/29\/zavrsen-7-dops-najbolje-predstave-nemusti-jezik-beg\/ziri\/'><img loading=\"lazy\" decoding=\"async\" width=\"150\" height=\"150\" src=\"https:\/\/centralmedia.rs\/wp-content\/uploads\/2016\/10\/ziri-150x150.jpg\" class=\"attachment-thumbnail size-thumbnail\" alt=\"\" \/><\/a>\n\t\t\t<\/div><\/figure><figure class='gallery-item'>\n\t\t\t<div class='gallery-icon landscape'>\n\t\t\t\t<a href='https:\/\/centralmedia.rs\/index.php\/2016\/10\/19\/nagrada-dops-selimir-v-milosavljevic-knjizevniku-pedi-trajkovicu\/pedja-trajkovic\/'><img loading=\"lazy\" decoding=\"async\" width=\"150\" height=\"150\" src=\"https:\/\/centralmedia.rs\/wp-content\/uploads\/2016\/10\/pedja-trajkovic-150x150.jpg\" class=\"attachment-thumbnail size-thumbnail\" alt=\"\" \/><\/a>\n\t\t\t<\/div><\/figure><figure class='gallery-item'>\n\t\t\t<div class='gallery-icon landscape'>\n\t\t\t\t<a href='https:\/\/centralmedia.rs\/index.php\/2016\/10\/29\/zavrsen-7-dops-najbolje-predstave-nemusti-jezik-beg\/beg-2\/'><img loading=\"lazy\" decoding=\"async\" width=\"150\" height=\"150\" src=\"https:\/\/centralmedia.rs\/wp-content\/uploads\/2016\/10\/beg-2-150x150.jpg\" class=\"attachment-thumbnail size-thumbnail\" alt=\"\" \/><\/a>\n\t\t\t<\/div><\/figure><figure class='gallery-item'>\n\t\t\t<div class='gallery-icon landscape'>\n\t\t\t\t<a href='https:\/\/centralmedia.rs\/index.php\/2016\/10\/29\/zavrsen-7-dops-najbolje-predstave-nemusti-jezik-beg\/nemusti-jezik\/'><img loading=\"lazy\" decoding=\"async\" width=\"150\" height=\"150\" src=\"https:\/\/centralmedia.rs\/wp-content\/uploads\/2016\/10\/nemusti-jezik-150x150.jpg\" class=\"attachment-thumbnail size-thumbnail\" alt=\"\" \/><\/a>\n\t\t\t<\/div><\/figure>\n\t\t<\/div>\n\n<p>Publika je u proteklih pet dana u de\u010dijoj selekci videla predstave Ludo da ne mo\u017ee biti lu\u0111e \u2013\u00a0 Kreativni studio \u010carolija iz Novog Sada, Nemu\u0161ti jezik \u2013 &#8211; OAP &#8220;Branislav Nu\u0161i\u0107&#8221; iz Malog Crni\u0107a,Porodica Kremenko \u2013 Dom kulture iz Prijepolja, Svinjareva tajna\u00a0 KC Gradsko pozori\u0161te iz \u00a0Smederevske Palanke I Slu\u010daj Sare Smit. Re\u0161en!\u00a0 &#8211; Dramski studio &#8220;Petar Pan&#8221; iz Kragujevca.<\/p>\n<div id='gallery-2' class='gallery galleryid-5243 gallery-columns-3 gallery-size-full'><figure class='gallery-item'>\n\t\t\t<div class='gallery-icon landscape'>\n\t\t\t\t<a href='https:\/\/centralmedia.rs\/index.php\/2016\/10\/29\/zavrsen-7-dops-najbolje-predstave-nemusti-jezik-beg\/beg\/'><img loading=\"lazy\" decoding=\"async\" width=\"960\" height=\"637\" src=\"https:\/\/centralmedia.rs\/wp-content\/uploads\/2016\/10\/beg.jpg\" class=\"attachment-full size-full\" alt=\"\" srcset=\"https:\/\/centralmedia.rs\/wp-content\/uploads\/2016\/10\/beg.jpg 960w, https:\/\/centralmedia.rs\/wp-content\/uploads\/2016\/10\/beg-300x199.jpg 300w, https:\/\/centralmedia.rs\/wp-content\/uploads\/2016\/10\/beg-768x510.jpg 768w\" sizes=\"(max-width: 960px) 100vw, 960px\" \/><\/a>\n\t\t\t<\/div><\/figure><figure class='gallery-item'>\n\t\t\t<div class='gallery-icon landscape'>\n\t\t\t\t<a href='https:\/\/centralmedia.rs\/index.php\/2016\/10\/29\/zavrsen-7-dops-najbolje-predstave-nemusti-jezik-beg\/publika\/'><img loading=\"lazy\" decoding=\"async\" width=\"960\" height=\"637\" src=\"https:\/\/centralmedia.rs\/wp-content\/uploads\/2016\/10\/publika.jpg\" class=\"attachment-full size-full\" alt=\"\" srcset=\"https:\/\/centralmedia.rs\/wp-content\/uploads\/2016\/10\/publika.jpg 960w, https:\/\/centralmedia.rs\/wp-content\/uploads\/2016\/10\/publika-300x199.jpg 300w, https:\/\/centralmedia.rs\/wp-content\/uploads\/2016\/10\/publika-768x510.jpg 768w\" sizes=\"(max-width: 960px) 100vw, 960px\" \/><\/a>\n\t\t\t<\/div><\/figure><figure class='gallery-item'>\n\t\t\t<div class='gallery-icon landscape'>\n\t\t\t\t<a href='https:\/\/centralmedia.rs\/index.php\/2016\/10\/29\/zavrsen-7-dops-najbolje-predstave-nemusti-jezik-beg\/nemusti-jezik-1\/'><img loading=\"lazy\" decoding=\"async\" width=\"960\" height=\"637\" src=\"https:\/\/centralmedia.rs\/wp-content\/uploads\/2016\/10\/nemusti-jezik-1.jpg\" class=\"attachment-full size-full\" alt=\"\" srcset=\"https:\/\/centralmedia.rs\/wp-content\/uploads\/2016\/10\/nemusti-jezik-1.jpg 960w, https:\/\/centralmedia.rs\/wp-content\/uploads\/2016\/10\/nemusti-jezik-1-300x199.jpg 300w, https:\/\/centralmedia.rs\/wp-content\/uploads\/2016\/10\/nemusti-jezik-1-768x510.jpg 768w\" sizes=\"(max-width: 960px) 100vw, 960px\" \/><\/a>\n\t\t\t<\/div><\/figure>\n\t\t<\/div>\n\n<p>U omladinskoj selekciji Beg \u2013\u00a0 CEKOM iz Zrenjanina, Staklena Mena\u017eerija \u2013 Dom kulture 25.maj iz Valandova u Makedoniji, Vodja- CUG teatar iz, Vranja, Teenage story- pri\u010da o odrastanju- DKC Deci na dar iz \u00a0Novog Sada i \u017divotinjska farma &#8211; Pozori\u0161na ku\u0107a culture iz Celje u Sloveniji.<\/p>\n","protected":false},"excerpt":{"rendered":"<p>JAGODINA-Najbolje predstave 7. Me\u0111unarodnog festivala De\u010dijih i omladinskih pozori\u0161nih predstava u Jagodini su Nemu\u0161ti jezik\u00a0 u izvo\u0111enju OAP &#8220;Branislav Nu\u0161i\u0107&#8221; iz Malog Crni\u0107a i Beg &hellip; <\/p>\n","protected":false},"author":4,"featured_media":5244,"comment_status":"open","ping_status":"open","sticky":false,"template":"","format":"standard","meta":{"footnotes":""},"categories":[2,15,12],"tags":[1329,58],"_links":{"self":[{"href":"https:\/\/centralmedia.rs\/index.php\/wp-json\/wp\/v2\/posts\/5243"}],"collection":[{"href":"https:\/\/centralmedia.rs\/index.php\/wp-json\/wp\/v2\/posts"}],"about":[{"href":"https:\/\/centralmedia.rs\/index.php\/wp-json\/wp\/v2\/types\/post"}],"author":[{"embeddable":true,"href":"https:\/\/centralmedia.rs\/index.php\/wp-json\/wp\/v2\/users\/4"}],"replies":[{"embeddable":true,"href":"https:\/\/centralmedia.rs\/index.php\/wp-json\/wp\/v2\/comments?post=5243"}],"version-history":[{"count":0,"href":"https:\/\/centralmedia.rs\/index.php\/wp-json\/wp\/v2\/posts\/5243\/revisions"}],"wp:featuredmedia":[{"embeddable":true,"href":"https:\/\/centralmedia.rs\/index.php\/wp-json\/wp\/v2\/media\/5244"}],"wp:attachment":[{"href":"https:\/\/centralmedia.rs\/index.php\/wp-json\/wp\/v2\/media?parent=5243"}],"wp:term":[{"taxonomy":"category","embeddable":true,"href":"https:\/\/centralmedia.rs\/index.php\/wp-json\/wp\/v2\/categories?post=5243"},{"taxonomy":"post_tag","embeddable":true,"href":"https:\/\/centralmedia.rs\/index.php\/wp-json\/wp\/v2\/tags?post=5243"}],"curies":[{"name":"wp","href":"https:\/\/api.w.org\/{rel}","templated":true}]}}