{"id":5257,"date":"2016-10-30T13:30:35","date_gmt":"2016-10-30T13:30:35","guid":{"rendered":"http:\/\/centralmedia.rs\/?p=5257"},"modified":"2016-10-30T13:30:35","modified_gmt":"2016-10-30T13:30:35","slug":"jos-jedna-zrtva-crne-tacke-u-dragocvetu-ispracala-cerku-na-fakultet-poginula","status":"publish","type":"post","link":"https:\/\/centralmedia.rs\/index.php\/2016\/10\/30\/jos-jedna-zrtva-crne-tacke-u-dragocvetu-ispracala-cerku-na-fakultet-poginula\/","title":{"rendered":"JO\u0160 JEDNA \u017dRTVA ,,CRNE TA\u010cKE&#8221; U DRAGOCVETU &#8211; ISPRA\u0106ALA \u0106ERKU NA FAKULTET I POGINULA"},"content":{"rendered":"<p>JAGODINA &#8211;\u00a0U te\u0161koj saobra\u0107ajnoj nezgodi na rengionalnom putu Jagodina \u2013Kraguejvac u Dragocvetu poginula je medicinska sestra Op\u0161te bolnice u tom gradu Sla\u0111ana .R. (51), potvrdio jer direktor te bolnice Milo\u0161 Luki\u0107.<a href=\"https:\/\/centralmedia.rs\/wp-content\/uploads\/2016\/10\/crna-tacka-dragocvet-1-jagodina-g.j..jpg\"><img loading=\"lazy\" decoding=\"async\" class=\"alignnone size-full wp-image-5259\" src=\"https:\/\/centralmedia.rs\/wp-content\/uploads\/2016\/10\/crna-tacka-dragocvet-1-jagodina-g.j..jpg\" alt=\"crna-tacka-dragocvet-1-jagodina-g-j\" width=\"900\" height=\"675\" srcset=\"https:\/\/centralmedia.rs\/wp-content\/uploads\/2016\/10\/crna-tacka-dragocvet-1-jagodina-g.j..jpg 900w, https:\/\/centralmedia.rs\/wp-content\/uploads\/2016\/10\/crna-tacka-dragocvet-1-jagodina-g.j.-300x225.jpg 300w, https:\/\/centralmedia.rs\/wp-content\/uploads\/2016\/10\/crna-tacka-dragocvet-1-jagodina-g.j.-768x576.jpg 768w, https:\/\/centralmedia.rs\/wp-content\/uploads\/2016\/10\/crna-tacka-dragocvet-1-jagodina-g.j.-80x60.jpg 80w, https:\/\/centralmedia.rs\/wp-content\/uploads\/2016\/10\/crna-tacka-dragocvet-1-jagodina-g.j.-265x198.jpg 265w\" sizes=\"(max-width: 900px) 100vw, 900px\" \/><\/a><\/p>\n<p>Nesre\u0107a se dogodila u subotu oko 21 sat u selu Dragocvet, gde je S.R \u017eivela, kada je na nju naletelo kombi vozilo. U trenutku pogibije ona je bila sa \u0107erkom, studentkinjom Medicinskog fakulteta u Kragujevcu. Kom\u0161ije ka\u017eu da je majka ispra\u0107ala \u0107erku u Kragujevac na studije i da su od ku\u0107e krenule ka obli\u017enjem autobuskom stajali\u0161tu. Polako su se kretale ivicom kolovoza sa torbama u rukama. U tom trenutku velikom brzinom nai\u0161ao je kombi, kojim je upravljao njihov kom\u0161ija, i sa le\u0111a pokosio nesre\u0107nu \u017eenu. Od udaraca vozila ona je letela vi\u0161e metara. Zbog te\u0161kih povreda S.R. je na licu mesta preminula. Ina\u010de, S.R. je radila kao medicinska sestra na Odeljenju neuropsihijatrije. \u00a0Policija utvr\u0111uje okolnosti pod kojim je S.R izgubila \u017eivot.<\/p>\n<div id='gallery-1' class='gallery galleryid-5257 gallery-columns-2 gallery-size-full'><figure class='gallery-item'>\n\t\t\t<div class='gallery-icon landscape'>\n\t\t\t\t<a href='https:\/\/centralmedia.rs\/index.php\/2016\/02\/22\/ukleti-most-na-josanickoj-reci-kod-dragocveta\/saobracajka-jagdoina-g-j\/'><img loading=\"lazy\" decoding=\"async\" width=\"900\" height=\"675\" src=\"https:\/\/centralmedia.rs\/wp-content\/uploads\/2016\/02\/saobracajka-jagdoina-g.j..jpg\" class=\"attachment-full size-full\" alt=\"\" srcset=\"https:\/\/centralmedia.rs\/wp-content\/uploads\/2016\/02\/saobracajka-jagdoina-g.j..jpg 900w, https:\/\/centralmedia.rs\/wp-content\/uploads\/2016\/02\/saobracajka-jagdoina-g.j.-300x225.jpg 300w, https:\/\/centralmedia.rs\/wp-content\/uploads\/2016\/02\/saobracajka-jagdoina-g.j.-768x576.jpg 768w, https:\/\/centralmedia.rs\/wp-content\/uploads\/2016\/02\/saobracajka-jagdoina-g.j.-80x60.jpg 80w, https:\/\/centralmedia.rs\/wp-content\/uploads\/2016\/02\/saobracajka-jagdoina-g.j.-265x198.jpg 265w\" sizes=\"(max-width: 900px) 100vw, 900px\" \/><\/a>\n\t\t\t<\/div><\/figure><figure class='gallery-item'>\n\t\t\t<div class='gallery-icon portrait'>\n\t\t\t\t<a href='https:\/\/centralmedia.rs\/index.php\/2016\/02\/22\/ukleti-most-na-josanickoj-reci-kod-dragocveta\/saobracajka-4-jagdoina-g-j\/'><img loading=\"lazy\" decoding=\"async\" width=\"900\" height=\"1200\" src=\"https:\/\/centralmedia.rs\/wp-content\/uploads\/2016\/02\/saobracajka-4-jagdoina-g.j..jpg\" class=\"attachment-full size-full\" alt=\"\" srcset=\"https:\/\/centralmedia.rs\/wp-content\/uploads\/2016\/02\/saobracajka-4-jagdoina-g.j..jpg 900w, https:\/\/centralmedia.rs\/wp-content\/uploads\/2016\/02\/saobracajka-4-jagdoina-g.j.-225x300.jpg 225w, https:\/\/centralmedia.rs\/wp-content\/uploads\/2016\/02\/saobracajka-4-jagdoina-g.j.-768x1024.jpg 768w\" sizes=\"(max-width: 900px) 100vw, 900px\" \/><\/a>\n\t\t\t<\/div><\/figure>\n\t\t<\/div>\n\n<p>Pedesetak metara dalje u februaru ove godine \u017eivote su izgubili supru\u017enici Marija Agatonovi\u0107 (23) i Slavi\u0161a Vasi\u0107 (30) iz Rakitova kod Jagodine. Re\u010d je o ,,crnoj ta\u010dki\u201d, odnosno mostu preko Jo\u0161ani\u010dke reke u Dragocvetu na regionalnom putu Jagodina-Kragujevac. Na tom delu puta, prema pri\u010di me\u0161tana Dragocveta, zbog prebrze vo\u017enje i nedostatka pe\u0161ak\u010de staze \u010deste su saobra\u0107ajne nezgode. Dolazilo je \u010dak i do sletanja autobusa, ali pre ove oni pamte dve nesre\u0107e od pre 25 i 30 godina, kada je vi\u0161e \u00a0mladih ljudi izgubilo \u017eivote.<\/p>\n","protected":false},"excerpt":{"rendered":"<p>JAGODINA &#8211;\u00a0U te\u0161koj saobra\u0107ajnoj nezgodi na rengionalnom putu Jagodina \u2013Kraguejvac u Dragocvetu poginula je medicinska sestra Op\u0161te bolnice u tom gradu Sla\u0111ana .R. (51), potvrdio &hellip; <\/p>\n","protected":false},"author":4,"featured_media":5258,"comment_status":"open","ping_status":"open","sticky":false,"template":"","format":"standard","meta":{"footnotes":""},"categories":[20,2],"tags":[1367,555,318,58],"_links":{"self":[{"href":"https:\/\/centralmedia.rs\/index.php\/wp-json\/wp\/v2\/posts\/5257"}],"collection":[{"href":"https:\/\/centralmedia.rs\/index.php\/wp-json\/wp\/v2\/posts"}],"about":[{"href":"https:\/\/centralmedia.rs\/index.php\/wp-json\/wp\/v2\/types\/post"}],"author":[{"embeddable":true,"href":"https:\/\/centralmedia.rs\/index.php\/wp-json\/wp\/v2\/users\/4"}],"replies":[{"embeddable":true,"href":"https:\/\/centralmedia.rs\/index.php\/wp-json\/wp\/v2\/comments?post=5257"}],"version-history":[{"count":0,"href":"https:\/\/centralmedia.rs\/index.php\/wp-json\/wp\/v2\/posts\/5257\/revisions"}],"wp:featuredmedia":[{"embeddable":true,"href":"https:\/\/centralmedia.rs\/index.php\/wp-json\/wp\/v2\/media\/5258"}],"wp:attachment":[{"href":"https:\/\/centralmedia.rs\/index.php\/wp-json\/wp\/v2\/media?parent=5257"}],"wp:term":[{"taxonomy":"category","embeddable":true,"href":"https:\/\/centralmedia.rs\/index.php\/wp-json\/wp\/v2\/categories?post=5257"},{"taxonomy":"post_tag","embeddable":true,"href":"https:\/\/centralmedia.rs\/index.php\/wp-json\/wp\/v2\/tags?post=5257"}],"curies":[{"name":"wp","href":"https:\/\/api.w.org\/{rel}","templated":true}]}}