{"id":5264,"date":"2016-10-31T12:04:48","date_gmt":"2016-10-31T12:04:48","guid":{"rendered":"http:\/\/centralmedia.rs\/?p=5264"},"modified":"2016-12-15T00:23:45","modified_gmt":"2016-12-15T00:23:45","slug":"roman-simovic-muzicirao-sa-talentima-u-cupriji","status":"publish","type":"post","link":"https:\/\/centralmedia.rs\/index.php\/2016\/10\/31\/roman-simovic-muzicirao-sa-talentima-u-cupriji\/","title":{"rendered":"ROMAN SIMOVI\u0106 MUZICIRAO SA TALENTIMA U \u0106UPRIJI"},"content":{"rendered":"<p>\u0106UPRIJA-Pretpremijera zavr\u0161nog koncerta ovogodi\u0161njeg BEMUS-a odr\u017eana je pred prepunom salom muzi\u010dke \u0161kole Du\u0161an Skovran u \u0106upriji, a dvosatni koncert protekao je uz ovacije i aplauze. Na vionlini je muzicirao Roman Simovi\u0107,koncert majstor Londonskog simfonijskog orkestra sa sugrugom Milenom na violi, u\u010denicima \u00a0\u0160kole za muzi\u010dke talente iz \u0106uprije i duva\u010dima Vojvo\u0111anske filharmonije.<a href=\"https:\/\/centralmedia.rs\/wp-content\/uploads\/2016\/10\/roman-i-milena-simovic-1.jpg\"><img loading=\"lazy\" decoding=\"async\" class=\"alignnone size-full wp-image-5266\" src=\"https:\/\/centralmedia.rs\/wp-content\/uploads\/2016\/10\/roman-i-milena-simovic-1.jpg\" alt=\"roman-i-milena-simovic-1\" width=\"960\" height=\"720\" srcset=\"https:\/\/centralmedia.rs\/wp-content\/uploads\/2016\/10\/roman-i-milena-simovic-1.jpg 960w, https:\/\/centralmedia.rs\/wp-content\/uploads\/2016\/10\/roman-i-milena-simovic-1-300x225.jpg 300w, https:\/\/centralmedia.rs\/wp-content\/uploads\/2016\/10\/roman-i-milena-simovic-1-768x576.jpg 768w, https:\/\/centralmedia.rs\/wp-content\/uploads\/2016\/10\/roman-i-milena-simovic-1-80x60.jpg 80w, https:\/\/centralmedia.rs\/wp-content\/uploads\/2016\/10\/roman-i-milena-simovic-1-265x198.jpg 265w\" sizes=\"(max-width: 960px) 100vw, 960px\" \/><\/a>Ina\u010de, Simovi\u0107 posle 11 godina nastupa na BEMUSU. Na njegovu inicijativu taj koncert obele\u017ei\u0107e nastupom sa orkestrom \u0160kole za muzi\u010dke talente iz \u0106uprije.<\/p>\n<p>-Proveo sam nezaboravnih godinu dana u \u0160koli za muzi\u010dke talente. Ovo je na\u010din da se odu\u017eim \u0161koli i \u0106upriji, ali i dam motiv talentovanim u\u010denicima da jo\u0161 vi\u0161e rade. Njihov talenat mo\u017ee da \u00a0se stimuli\u0161e samo kroz rad na velikim i zahtevnim koncertima kao \u0161to je ovaj. Veliki koncerti su potrebni talentima da osete atmosferu i uzbu\u0111enje pred prepunim salama u kojima nastupaju. Mislim da \u0107e im ovo iskustvo koristiti i dati smisao njihovom daljem radu, rekao je Simovi\u0107.<a href=\"https:\/\/centralmedia.rs\/wp-content\/uploads\/2016\/10\/roman-i-milena-simovic-2.jpg\"><img loading=\"lazy\" decoding=\"async\" class=\"alignnone size-full wp-image-5267\" src=\"https:\/\/centralmedia.rs\/wp-content\/uploads\/2016\/10\/roman-i-milena-simovic-2.jpg\" alt=\"roman-i-milena-simovic-2\" width=\"900\" height=\"627\" srcset=\"https:\/\/centralmedia.rs\/wp-content\/uploads\/2016\/10\/roman-i-milena-simovic-2.jpg 900w, https:\/\/centralmedia.rs\/wp-content\/uploads\/2016\/10\/roman-i-milena-simovic-2-300x209.jpg 300w, https:\/\/centralmedia.rs\/wp-content\/uploads\/2016\/10\/roman-i-milena-simovic-2-768x535.jpg 768w, https:\/\/centralmedia.rs\/wp-content\/uploads\/2016\/10\/roman-i-milena-simovic-2-100x70.jpg 100w\" sizes=\"(max-width: 900px) 100vw, 900px\" \/><\/a> <a href=\"https:\/\/centralmedia.rs\/wp-content\/uploads\/2016\/10\/sala.jpg\"><img loading=\"lazy\" decoding=\"async\" class=\"alignnone size-full wp-image-5268\" src=\"https:\/\/centralmedia.rs\/wp-content\/uploads\/2016\/10\/sala.jpg\" alt=\"sala\" width=\"960\" height=\"720\" srcset=\"https:\/\/centralmedia.rs\/wp-content\/uploads\/2016\/10\/sala.jpg 960w, https:\/\/centralmedia.rs\/wp-content\/uploads\/2016\/10\/sala-300x225.jpg 300w, https:\/\/centralmedia.rs\/wp-content\/uploads\/2016\/10\/sala-768x576.jpg 768w, https:\/\/centralmedia.rs\/wp-content\/uploads\/2016\/10\/sala-80x60.jpg 80w, https:\/\/centralmedia.rs\/wp-content\/uploads\/2016\/10\/sala-265x198.jpg 265w\" sizes=\"(max-width: 960px) 100vw, 960px\" \/><\/a><\/p>\n<p>Na programu koncerta su bili Bela Bartok: Rumunske igre, Volfgang Amadeus Mocart: Koncertna simfonija, K. 364 i Ludvig van Betoven: Simfonija br. 7. BEMUS-Beogradske muzi\u010dke sve\u010danosti su najstariji i najzna\u010dajniji muzi\u010dki festival u Srbiji i jedan od najprepoznatljivijih festivala umetni\u010dke muzike u Jugoisto\u010dnoj Evropi. Zavr\u0161ni koncert na ovogodi\u0161nejm BEMUS-u je u utorak 1 novembra.<\/p>\n<p>Razglednica iz \u0106uprije\u2013 Ovaj projekat se realizuje uz pomo\u0107 sredstava iz bud\u017eeta Op\u0161tine \u0106uprija<a href=\"https:\/\/centralmedia.rs\/wp-content\/uploads\/2016\/12\/baner-za-projekte-final-jpg.jpg\"><img loading=\"lazy\" decoding=\"async\" class=\"size-full wp-image-5631 aligncenter\" src=\"https:\/\/centralmedia.rs\/wp-content\/uploads\/2016\/12\/baner-za-projekte-final-jpg.jpg\" alt=\"\" width=\"500\" height=\"150\" srcset=\"https:\/\/centralmedia.rs\/wp-content\/uploads\/2016\/12\/baner-za-projekte-final-jpg.jpg 500w, https:\/\/centralmedia.rs\/wp-content\/uploads\/2016\/12\/baner-za-projekte-final-jpg-300x90.jpg 300w\" sizes=\"(max-width: 500px) 100vw, 500px\" \/><\/a><\/p>\n","protected":false},"excerpt":{"rendered":"<p>\u0106UPRIJA-Pretpremijera zavr\u0161nog koncerta ovogodi\u0161njeg BEMUS-a odr\u017eana je pred prepunom salom muzi\u010dke \u0161kole Du\u0161an Skovran u \u0106upriji, a dvosatni koncert protekao je uz ovacije i aplauze. &hellip; <\/p>\n","protected":false},"author":4,"featured_media":5265,"comment_status":"open","ping_status":"open","sticky":false,"template":"","format":"standard","meta":{"footnotes":""},"categories":[1515,1524,2,15,887,12],"tags":[44,1366,1369],"_links":{"self":[{"href":"https:\/\/centralmedia.rs\/index.php\/wp-json\/wp\/v2\/posts\/5264"}],"collection":[{"href":"https:\/\/centralmedia.rs\/index.php\/wp-json\/wp\/v2\/posts"}],"about":[{"href":"https:\/\/centralmedia.rs\/index.php\/wp-json\/wp\/v2\/types\/post"}],"author":[{"embeddable":true,"href":"https:\/\/centralmedia.rs\/index.php\/wp-json\/wp\/v2\/users\/4"}],"replies":[{"embeddable":true,"href":"https:\/\/centralmedia.rs\/index.php\/wp-json\/wp\/v2\/comments?post=5264"}],"version-history":[{"count":0,"href":"https:\/\/centralmedia.rs\/index.php\/wp-json\/wp\/v2\/posts\/5264\/revisions"}],"wp:featuredmedia":[{"embeddable":true,"href":"https:\/\/centralmedia.rs\/index.php\/wp-json\/wp\/v2\/media\/5265"}],"wp:attachment":[{"href":"https:\/\/centralmedia.rs\/index.php\/wp-json\/wp\/v2\/media?parent=5264"}],"wp:term":[{"taxonomy":"category","embeddable":true,"href":"https:\/\/centralmedia.rs\/index.php\/wp-json\/wp\/v2\/categories?post=5264"},{"taxonomy":"post_tag","embeddable":true,"href":"https:\/\/centralmedia.rs\/index.php\/wp-json\/wp\/v2\/tags?post=5264"}],"curies":[{"name":"wp","href":"https:\/\/api.w.org\/{rel}","templated":true}]}}