{"id":5282,"date":"2016-11-03T12:06:36","date_gmt":"2016-11-03T12:06:36","guid":{"rendered":"http:\/\/centralmedia.rs\/?p=5282"},"modified":"2017-01-19T23:42:03","modified_gmt":"2017-01-19T23:42:03","slug":"treci-dan-strajka-radnika-ciglane-u-svilajncu","status":"publish","type":"post","link":"https:\/\/centralmedia.rs\/index.php\/2016\/11\/03\/treci-dan-strajka-radnika-ciglane-u-svilajncu\/","title":{"rendered":"TRE\u0106I DAN \u0160TRAJKA RADNIKA CIGLANE U SVILAJNCU"},"content":{"rendered":"<p>SVILAJNAC-Pozivamo premijera Aleksandra Vu\u010di\u0107a da do\u0111e u Svilajnac i otvori sto radnih mesta, jer sumnjamo da savetnik predsednika Srbije Predrag Miki\u0107 uti\u010de preko Privrednog suda u Kraljevu na ga\u0161enje ciglane, poru\u010dili su radnici svilajna\u010dke Ciglane, koji ve\u0107 tre\u0107i dan \u0161trajku u krugu te fabrike. Oni su u\u0161li u krug, zatim izgradili mini logor pored kapije i no\u0107u se greju se oko vatre ne \u017eele\u0107i da napuste preduze\u0107e. Radnici \u00a0zahtevaju \u0161to hitniju rekaciju dr\u017eave oko re\u0161avanja problema vlasni\u0161tva, isplatu pet zarada i overu zdravstvenih knji\u017eica. \u00a0Preduze\u0107e Status integral Miki\u0107evog sina Stefana bilo je u zakupu te ciglane\u00a0 do 23. juna, kada je iz ste\u010daja prodata kupcu koji je ponudio 2 miliona evra. Me\u0111utim, kupac, i pored vi\u0161e poku\u0161aja ste\u010dajnog upravnika, ni do danas nije u\u0161ao u posed\u00a0 imovine koju mu je dr\u017eava prodala.<\/p>\n<div id='gallery-1' class='gallery galleryid-5282 gallery-columns-3 gallery-size-full'><figure class='gallery-item'>\n\t\t\t<div class='gallery-icon landscape'>\n\t\t\t\t<a href='https:\/\/centralmedia.rs\/index.php\/2016\/11\/03\/treci-dan-strajka-radnika-ciglane-u-svilajncu\/ciglana-1-svilajnac-g-j\/'><img loading=\"lazy\" decoding=\"async\" width=\"900\" height=\"675\" src=\"https:\/\/centralmedia.rs\/wp-content\/uploads\/2016\/11\/ciglana-1-svilajnac-g.j..jpg\" class=\"attachment-full size-full\" alt=\"\" srcset=\"https:\/\/centralmedia.rs\/wp-content\/uploads\/2016\/11\/ciglana-1-svilajnac-g.j..jpg 900w, https:\/\/centralmedia.rs\/wp-content\/uploads\/2016\/11\/ciglana-1-svilajnac-g.j.-300x225.jpg 300w, https:\/\/centralmedia.rs\/wp-content\/uploads\/2016\/11\/ciglana-1-svilajnac-g.j.-768x576.jpg 768w, https:\/\/centralmedia.rs\/wp-content\/uploads\/2016\/11\/ciglana-1-svilajnac-g.j.-80x60.jpg 80w, https:\/\/centralmedia.rs\/wp-content\/uploads\/2016\/11\/ciglana-1-svilajnac-g.j.-265x198.jpg 265w\" sizes=\"(max-width: 900px) 100vw, 900px\" \/><\/a>\n\t\t\t<\/div><\/figure><figure class='gallery-item'>\n\t\t\t<div class='gallery-icon landscape'>\n\t\t\t\t<a href='https:\/\/centralmedia.rs\/index.php\/2016\/11\/03\/treci-dan-strajka-radnika-ciglane-u-svilajncu\/ciglana-2-svilajnac-g-j\/'><img loading=\"lazy\" decoding=\"async\" width=\"900\" height=\"675\" src=\"https:\/\/centralmedia.rs\/wp-content\/uploads\/2016\/11\/ciglana-2-svilajnac-g.j..jpg\" class=\"attachment-full size-full\" alt=\"\" srcset=\"https:\/\/centralmedia.rs\/wp-content\/uploads\/2016\/11\/ciglana-2-svilajnac-g.j..jpg 900w, https:\/\/centralmedia.rs\/wp-content\/uploads\/2016\/11\/ciglana-2-svilajnac-g.j.-300x225.jpg 300w, https:\/\/centralmedia.rs\/wp-content\/uploads\/2016\/11\/ciglana-2-svilajnac-g.j.-768x576.jpg 768w, https:\/\/centralmedia.rs\/wp-content\/uploads\/2016\/11\/ciglana-2-svilajnac-g.j.-80x60.jpg 80w, https:\/\/centralmedia.rs\/wp-content\/uploads\/2016\/11\/ciglana-2-svilajnac-g.j.-265x198.jpg 265w\" sizes=\"(max-width: 900px) 100vw, 900px\" \/><\/a>\n\t\t\t<\/div><\/figure><figure class='gallery-item'>\n\t\t\t<div class='gallery-icon landscape'>\n\t\t\t\t<a href='https:\/\/centralmedia.rs\/index.php\/2016\/11\/03\/treci-dan-strajka-radnika-ciglane-u-svilajncu\/ciglana-3-svilajnac-g-j\/'><img loading=\"lazy\" decoding=\"async\" width=\"900\" height=\"675\" src=\"https:\/\/centralmedia.rs\/wp-content\/uploads\/2016\/11\/ciglana-3-svilajnac-g.j..jpg\" class=\"attachment-full size-full\" alt=\"\" srcset=\"https:\/\/centralmedia.rs\/wp-content\/uploads\/2016\/11\/ciglana-3-svilajnac-g.j..jpg 900w, https:\/\/centralmedia.rs\/wp-content\/uploads\/2016\/11\/ciglana-3-svilajnac-g.j.-300x225.jpg 300w, https:\/\/centralmedia.rs\/wp-content\/uploads\/2016\/11\/ciglana-3-svilajnac-g.j.-768x576.jpg 768w, https:\/\/centralmedia.rs\/wp-content\/uploads\/2016\/11\/ciglana-3-svilajnac-g.j.-80x60.jpg 80w, https:\/\/centralmedia.rs\/wp-content\/uploads\/2016\/11\/ciglana-3-svilajnac-g.j.-265x198.jpg 265w\" sizes=\"(max-width: 900px) 100vw, 900px\" \/><\/a>\n\t\t\t<\/div><\/figure>\n\t\t<\/div>\n\n<p>-Posle prodaje do\u0161lo je do raskida ugovora o zakupu Ciglane, a rok za iseljenje je bio 8 dana. Me\u0111utim, obezbe\u0111enje Status integrala vr\u0161i opstrukciju i onemogu\u0107ava da ste\u010dajni upravnik preda fabriku kupcu. Najve\u0107a opstrukcija je od Privrednog suda u Kraljevu koji je du\u017ean da donese odgovaraju\u0107e pravne akte, ali svi zahtevi novog vlasnika na tom sudu su odbijeni. Sumnjamo da na opstrukciju uti\u010de savetnik predsednika Srbije Predrag Miki\u0107 , ka\u017ee upravnik te ciglane Sa\u0161a \u017divi\u0107 i najavljuje protest radnika ispred Privrednog suda u Kraljevu.<\/p>\n<p>Radnici su bili na godi\u0161njem odmoru od 21. jula do 8. avgusta, a obezbe\u0111enje im nije dozvolilo posle toga da u\u0111u u krug preduze\u0107a. Radne knji\u017eice su zadr\u017eane u Status integralu, te radnici nemaju mogu\u0107nosti zaposlenja kod drugog poslodavca. \u00a0Po prijavi radnika pre tri meseca Inspekcija za rad do sada nije kontrolisala to preduze\u0107e.<\/p>\n<p>-Radnici su se pre tri dana spontano skupili sa \u017eeljom da prekinu agoniju. U\u0161li smo u krug fabrike. Pozivamo novog kupca da do\u0111e sa ste\u010dajnim upravnikom i u\u0111e u preduze\u0107e. Ova apsurdna situacija mora da se re\u0161i, u suportonom i\u0107i\u0107emo do premijera Vu\u010di\u0107a, ministarke Mihajlovi\u0107, ministra Vulina \u00a0i gde god bude bilo potrebno, \u0161ef prodaje Igor Nedeljkovi\u0107.<\/p>\n<p>Posle prodaje Ciglane do\u0161lo je do promene u Status intgralu i \u00a0kao novi vlasnik registrovan je Predrag Radonjanin. Preduze\u0107e je krajem juna imalo zalihe oko 50 miliona dinara, posle vlasni\u010dke promene ra\u010dun je blokiran za 400 miliona dinara.<strong><em>ozitivni primeri Razglednica iz <\/em><\/strong><strong><em>\u0106uprije<\/em><\/strong><strong><em> \u2013 Projekat se realizuje uz p<\/em><\/strong><\/p>\n","protected":false},"excerpt":{"rendered":"<p>SVILAJNAC-Pozivamo premijera Aleksandra Vu\u010di\u0107a da do\u0111e u Svilajnac i otvori sto radnih mesta, jer sumnjamo da savetnik predsednika Srbije Predrag Miki\u0107 uti\u010de preko Privrednog suda &hellip; <\/p>\n","protected":false},"author":4,"featured_media":5283,"comment_status":"open","ping_status":"open","sticky":false,"template":"","format":"standard","meta":{"footnotes":""},"categories":[22,1524,2,887,1517],"tags":[910,211,38],"_links":{"self":[{"href":"https:\/\/centralmedia.rs\/index.php\/wp-json\/wp\/v2\/posts\/5282"}],"collection":[{"href":"https:\/\/centralmedia.rs\/index.php\/wp-json\/wp\/v2\/posts"}],"about":[{"href":"https:\/\/centralmedia.rs\/index.php\/wp-json\/wp\/v2\/types\/post"}],"author":[{"embeddable":true,"href":"https:\/\/centralmedia.rs\/index.php\/wp-json\/wp\/v2\/users\/4"}],"replies":[{"embeddable":true,"href":"https:\/\/centralmedia.rs\/index.php\/wp-json\/wp\/v2\/comments?post=5282"}],"version-history":[{"count":0,"href":"https:\/\/centralmedia.rs\/index.php\/wp-json\/wp\/v2\/posts\/5282\/revisions"}],"wp:featuredmedia":[{"embeddable":true,"href":"https:\/\/centralmedia.rs\/index.php\/wp-json\/wp\/v2\/media\/5283"}],"wp:attachment":[{"href":"https:\/\/centralmedia.rs\/index.php\/wp-json\/wp\/v2\/media?parent=5282"}],"wp:term":[{"taxonomy":"category","embeddable":true,"href":"https:\/\/centralmedia.rs\/index.php\/wp-json\/wp\/v2\/categories?post=5282"},{"taxonomy":"post_tag","embeddable":true,"href":"https:\/\/centralmedia.rs\/index.php\/wp-json\/wp\/v2\/tags?post=5282"}],"curies":[{"name":"wp","href":"https:\/\/api.w.org\/{rel}","templated":true}]}}