{"id":5317,"date":"2016-11-05T14:46:52","date_gmt":"2016-11-05T14:46:52","guid":{"rendered":"http:\/\/centralmedia.rs\/?p=5317"},"modified":"2016-11-05T14:46:52","modified_gmt":"2016-11-05T14:46:52","slug":"skandal-tuca-doktora-cuprijskoj-bolnici","status":"publish","type":"post","link":"https:\/\/centralmedia.rs\/index.php\/2016\/11\/05\/skandal-tuca-doktora-cuprijskoj-bolnici\/","title":{"rendered":"SKANDAL :TU\u010cA DOKTORA \u0106UPRIJSKOJ BOLNICI"},"content":{"rendered":"<p>\u0106UPRIJA-Na\u010delnik Odeljenja ginekologije \u0107uprijske Op\u0161te bolnice dr Radi\u0161a Mladenovi\u0107 (58) u tu\u010di sa kolegom dr Vladanom Kalu\u0111erovi\u0107em (48) zadobio je te\u0161ke telesne povrede, potvr\u0111eno je u toj bolnici. On je operisan zbog polomljenog nosa, a zadobio je povrede rebara. Dr Kalu\u0111erovi\u0107e ima povrede po vratu. Poku\u0161ali smo da stupimo kontakt sa rukovodstvom bolnice, ali \u00a0bez uspeha.<\/p>\n<p>-\u010culi smo da se ne\u0161to doga\u0111a u \u0161efovoj kancelariji, ne\u0161to je palo. Pomislili smo da je neka pacijentkinja ili posetilac pao u nesvest. Odmah smo uleteli i zatekli smo oborenog dr Mladenovi\u0107a celog u krvi i dr Kalu\u0111erovi\u0107a u koji ga napada. Kolege su ih razdvojile nekako, pri\u010daju zaposleni na tom odeljenju.<\/p>\n<p>Po njihovim re\u010dima dr Kalu\u0111erovi\u0107 godinama ne komunicira sa dr Mladenovi\u0107em, ali i sa ve\u0107inom ostalih kolega sa tog odeljenja. Situacija je prili\u010dno napeta zbog toga.<\/p>\n<p>-Niko ne zna za\u0161to je dr Kalu\u0111erovi\u0107 u\u0161ao u kancelariju dr Mladenovi\u0107a i za\u0161to su se potukli. Mo\u017eda je vi\u0161egodi\u0161nje \u0107utanje i izostanak komunkacije me\u0111u kolegama doveo do nesporazuma i posle do ne \u017eeljenih situacija, ka\u017eu u toj bolnici.<\/p>\n<p>Dr Mladenovi\u0107 je operisan i hospitalizovan na ORL odeljenju, dok je dr Kalu\u0111erovi\u0107 posle pregleda pu\u0161ten na ku\u0107no le\u010denje. Oni su dali izjave policiji i o\u010dekuje se preduzimanje zakonskih mera. Do tada njih dvojica ne\u0107e raditi.<\/p>\n","protected":false},"excerpt":{"rendered":"<p>\u0106UPRIJA-Na\u010delnik Odeljenja ginekologije \u0107uprijske Op\u0161te bolnice dr Radi\u0161a Mladenovi\u0107 (58) u tu\u010di sa kolegom dr Vladanom Kalu\u0111erovi\u0107em (48) zadobio je te\u0161ke telesne povrede, potvr\u0111eno je &hellip; <\/p>\n","protected":false},"author":4,"featured_media":660,"comment_status":"open","ping_status":"open","sticky":false,"template":"","format":"standard","meta":{"footnotes":""},"categories":[28,20,2],"tags":[135,44,536,832],"_links":{"self":[{"href":"https:\/\/centralmedia.rs\/index.php\/wp-json\/wp\/v2\/posts\/5317"}],"collection":[{"href":"https:\/\/centralmedia.rs\/index.php\/wp-json\/wp\/v2\/posts"}],"about":[{"href":"https:\/\/centralmedia.rs\/index.php\/wp-json\/wp\/v2\/types\/post"}],"author":[{"embeddable":true,"href":"https:\/\/centralmedia.rs\/index.php\/wp-json\/wp\/v2\/users\/4"}],"replies":[{"embeddable":true,"href":"https:\/\/centralmedia.rs\/index.php\/wp-json\/wp\/v2\/comments?post=5317"}],"version-history":[{"count":0,"href":"https:\/\/centralmedia.rs\/index.php\/wp-json\/wp\/v2\/posts\/5317\/revisions"}],"wp:featuredmedia":[{"embeddable":true,"href":"https:\/\/centralmedia.rs\/index.php\/wp-json\/wp\/v2\/media\/660"}],"wp:attachment":[{"href":"https:\/\/centralmedia.rs\/index.php\/wp-json\/wp\/v2\/media?parent=5317"}],"wp:term":[{"taxonomy":"category","embeddable":true,"href":"https:\/\/centralmedia.rs\/index.php\/wp-json\/wp\/v2\/categories?post=5317"},{"taxonomy":"post_tag","embeddable":true,"href":"https:\/\/centralmedia.rs\/index.php\/wp-json\/wp\/v2\/tags?post=5317"}],"curies":[{"name":"wp","href":"https:\/\/api.w.org\/{rel}","templated":true}]}}