{"id":5321,"date":"2016-11-05T15:29:57","date_gmt":"2016-11-05T15:29:57","guid":{"rendered":"http:\/\/centralmedia.rs\/?p=5321"},"modified":"2016-12-15T00:14:54","modified_gmt":"2016-12-15T00:14:54","slug":"60-balkanski-kros-u-cupriji-dominacija-turskih-trkaca","status":"publish","type":"post","link":"https:\/\/centralmedia.rs\/index.php\/2016\/11\/05\/60-balkanski-kros-u-cupriji-dominacija-turskih-trkaca\/","title":{"rendered":"60. BALKANSKI KROS U \u0106UPRIJI &#8211; DOMINACIJA TURSKIH TRKA\u010cA"},"content":{"rendered":"<p>\u0106UPRIJA-Na 60. Balkanskom krosu u \u0106upriji turski atleti\u010dari pokazali su apsolutnu dominaciju osvojiv\u0161i 6 zlatnih medalja u ekipnom plasmanu, ali i pojedina\u010dno sa 14 odli\u010dja od ukupno 18 u \u0161est trka. Ekipno reprezentacija Turske je prva, Rumunije druga i Bugarske tre\u0107a. Na takmi\u010denju je u\u010destvovalo 13 reprezantacija sa 250 takmi\u010dara. Najbolji u seniorskoj konkurenciji bili su rumunka Bobocel Ancuta i tur\u010din Omer Tucer. Najbolji plasman za Srbiju je peto mesto juniora Elzana Bibi\u0107a, dok je na prvom nastupu u seniorskoj konkurenciji Amela Terzi\u0107 bila 11 . Selektor Slobodan Popovi\u0107 rekao je da je to realnost u ovom trenutku, ali i da na\u0161im\u00a0 dugopruga\u0161ima vi\u0161e odgovora prole\u0107ni termin odr\u017eavanja krosa, jer je jesen kraj sezone.<\/p>\n<div id='gallery-1' class='gallery galleryid-5321 gallery-columns-3 gallery-size-full'><figure class='gallery-item'>\n\t\t\t<div class='gallery-icon landscape'>\n\t\t\t\t<a href='https:\/\/centralmedia.rs\/index.php\/2016\/11\/05\/60-balkanski-kros-u-cupriji-dominacija-turskih-trkaca\/kros-2-cuprija-g-j\/'><img loading=\"lazy\" decoding=\"async\" width=\"900\" height=\"675\" src=\"https:\/\/centralmedia.rs\/wp-content\/uploads\/2016\/11\/kros-2-cuprija-g.j..jpg\" class=\"attachment-full size-full\" alt=\"\" srcset=\"https:\/\/centralmedia.rs\/wp-content\/uploads\/2016\/11\/kros-2-cuprija-g.j..jpg 900w, https:\/\/centralmedia.rs\/wp-content\/uploads\/2016\/11\/kros-2-cuprija-g.j.-300x225.jpg 300w, https:\/\/centralmedia.rs\/wp-content\/uploads\/2016\/11\/kros-2-cuprija-g.j.-768x576.jpg 768w, https:\/\/centralmedia.rs\/wp-content\/uploads\/2016\/11\/kros-2-cuprija-g.j.-80x60.jpg 80w, https:\/\/centralmedia.rs\/wp-content\/uploads\/2016\/11\/kros-2-cuprija-g.j.-265x198.jpg 265w\" sizes=\"(max-width: 900px) 100vw, 900px\" \/><\/a>\n\t\t\t<\/div><\/figure><figure class='gallery-item'>\n\t\t\t<div class='gallery-icon landscape'>\n\t\t\t\t<a href='https:\/\/centralmedia.rs\/index.php\/2016\/11\/05\/60-balkanski-kros-u-cupriji-dominacija-turskih-trkaca\/kros-3-cuprija-g-j\/'><img loading=\"lazy\" decoding=\"async\" width=\"900\" height=\"675\" src=\"https:\/\/centralmedia.rs\/wp-content\/uploads\/2016\/11\/kros-3-cuprija-g.j..jpg\" class=\"attachment-full size-full\" alt=\"\" srcset=\"https:\/\/centralmedia.rs\/wp-content\/uploads\/2016\/11\/kros-3-cuprija-g.j..jpg 900w, https:\/\/centralmedia.rs\/wp-content\/uploads\/2016\/11\/kros-3-cuprija-g.j.-300x225.jpg 300w, https:\/\/centralmedia.rs\/wp-content\/uploads\/2016\/11\/kros-3-cuprija-g.j.-768x576.jpg 768w, https:\/\/centralmedia.rs\/wp-content\/uploads\/2016\/11\/kros-3-cuprija-g.j.-80x60.jpg 80w, https:\/\/centralmedia.rs\/wp-content\/uploads\/2016\/11\/kros-3-cuprija-g.j.-265x198.jpg 265w\" sizes=\"(max-width: 900px) 100vw, 900px\" \/><\/a>\n\t\t\t<\/div><\/figure><figure class='gallery-item'>\n\t\t\t<div class='gallery-icon landscape'>\n\t\t\t\t<a href='https:\/\/centralmedia.rs\/index.php\/2016\/11\/05\/60-balkanski-kros-u-cupriji-dominacija-turskih-trkaca\/kros-4-cuprija-g-j\/'><img loading=\"lazy\" decoding=\"async\" width=\"900\" height=\"675\" src=\"https:\/\/centralmedia.rs\/wp-content\/uploads\/2016\/11\/kros-4-cuprija-g.j..jpg\" class=\"attachment-full size-full\" alt=\"\" srcset=\"https:\/\/centralmedia.rs\/wp-content\/uploads\/2016\/11\/kros-4-cuprija-g.j..jpg 900w, https:\/\/centralmedia.rs\/wp-content\/uploads\/2016\/11\/kros-4-cuprija-g.j.-300x225.jpg 300w, https:\/\/centralmedia.rs\/wp-content\/uploads\/2016\/11\/kros-4-cuprija-g.j.-768x576.jpg 768w, https:\/\/centralmedia.rs\/wp-content\/uploads\/2016\/11\/kros-4-cuprija-g.j.-80x60.jpg 80w, https:\/\/centralmedia.rs\/wp-content\/uploads\/2016\/11\/kros-4-cuprija-g.j.-265x198.jpg 265w\" sizes=\"(max-width: 900px) 100vw, 900px\" \/><\/a>\n\t\t\t<\/div><\/figure>\n\t\t<\/div>\n\n<p>-\u0106uprija je grad atletike i zato je organizovan i jubilarni Balkanski kros. \u0106uprija je grad atletskih legendi, koji su ostvarili najve\u0107e rezultate. Ovo je pravi put da \u0106uprija ponovo postane atletska sila izgradnjom sportskog kompleksa. Verujem da \u0107emo 2018. godine u \u0106upriji organizovati Balkanijadu na novom stadionu. Svi u\u010desnici oti\u0161li su zadovoljni iz \u0106uprije. Dragan Zdravkovi\u0107 je pokazao, \u00a0pored toga \u0161to je \u0161ampion, odli\u010dne organizatorske sposobnosti, rekao je \u00a0predsednik ASS Slobodan Brankovi\u0107.<\/p>\n<p>\u017delja \u0106uprije je da ponovo ima atletske \u0161ampione, ali uslove za njihovo stvaranje.<\/p>\n<p>-Ovo je prvi korak ka o\u017eivljavanju atletike. Po\u010detkom 2017. godine po\u010de\u0107emo sa realizacijom izgradnje atletskog kompleksa koji \u0107e nosti ime legendarnog trenera Aleksandara Ace Petrovi\u0107a. Re\u010d je o formiranju Atletskog razvojnog centra za Balkan, istakao je predsednik te op\u0161tine Ninoslav Eri\u0107.<\/p>\n<p>Razglednica iz \u0106uprije\u2013 Ovaj projekat se realizuje uz pomo\u0107 sredstava iz bud\u017eeta Op\u0161tine \u0106uprija<a href=\"https:\/\/centralmedia.rs\/wp-content\/uploads\/2016\/12\/baner-za-projekte-final-jpg.jpg\"><img loading=\"lazy\" decoding=\"async\" class=\"size-full wp-image-5631 aligncenter\" src=\"https:\/\/centralmedia.rs\/wp-content\/uploads\/2016\/12\/baner-za-projekte-final-jpg.jpg\" alt=\"\" width=\"500\" height=\"150\" srcset=\"https:\/\/centralmedia.rs\/wp-content\/uploads\/2016\/12\/baner-za-projekte-final-jpg.jpg 500w, https:\/\/centralmedia.rs\/wp-content\/uploads\/2016\/12\/baner-za-projekte-final-jpg-300x90.jpg 300w\" sizes=\"(max-width: 500px) 100vw, 500px\" \/><\/a><\/p>\n","protected":false},"excerpt":{"rendered":"<p>\u0106UPRIJA-Na 60. Balkanskom krosu u \u0106upriji turski atleti\u010dari pokazali su apsolutnu dominaciju osvojiv\u0161i 6 zlatnih medalja u ekipnom plasmanu, ali i pojedina\u010dno sa 14 odli\u010dja &hellip; <\/p>\n","protected":false},"author":4,"featured_media":5322,"comment_status":"open","ping_status":"open","sticky":false,"template":"","format":"standard","meta":{"footnotes":""},"categories":[1515,1524,2,887,21],"tags":[594,44,1385],"_links":{"self":[{"href":"https:\/\/centralmedia.rs\/index.php\/wp-json\/wp\/v2\/posts\/5321"}],"collection":[{"href":"https:\/\/centralmedia.rs\/index.php\/wp-json\/wp\/v2\/posts"}],"about":[{"href":"https:\/\/centralmedia.rs\/index.php\/wp-json\/wp\/v2\/types\/post"}],"author":[{"embeddable":true,"href":"https:\/\/centralmedia.rs\/index.php\/wp-json\/wp\/v2\/users\/4"}],"replies":[{"embeddable":true,"href":"https:\/\/centralmedia.rs\/index.php\/wp-json\/wp\/v2\/comments?post=5321"}],"version-history":[{"count":0,"href":"https:\/\/centralmedia.rs\/index.php\/wp-json\/wp\/v2\/posts\/5321\/revisions"}],"wp:featuredmedia":[{"embeddable":true,"href":"https:\/\/centralmedia.rs\/index.php\/wp-json\/wp\/v2\/media\/5322"}],"wp:attachment":[{"href":"https:\/\/centralmedia.rs\/index.php\/wp-json\/wp\/v2\/media?parent=5321"}],"wp:term":[{"taxonomy":"category","embeddable":true,"href":"https:\/\/centralmedia.rs\/index.php\/wp-json\/wp\/v2\/categories?post=5321"},{"taxonomy":"post_tag","embeddable":true,"href":"https:\/\/centralmedia.rs\/index.php\/wp-json\/wp\/v2\/tags?post=5321"}],"curies":[{"name":"wp","href":"https:\/\/api.w.org\/{rel}","templated":true}]}}