{"id":5337,"date":"2016-11-07T15:11:14","date_gmt":"2016-11-07T15:11:14","guid":{"rendered":"http:\/\/centralmedia.rs\/?p=5337"},"modified":"2016-11-07T15:11:14","modified_gmt":"2016-11-07T15:11:14","slug":"sahranjen-sesnaestogodisnjak-u-jagodini-nepregledna-kolona-rodbine-prijatelja","status":"publish","type":"post","link":"https:\/\/centralmedia.rs\/index.php\/2016\/11\/07\/sahranjen-sesnaestogodisnjak-u-jagodini-nepregledna-kolona-rodbine-prijatelja\/","title":{"rendered":"SAHRANJEN \u0160ESNAESTOGODI\u0160NJAK U JAGODINI- NEPREGLEDNA KOLONA RODBINE I PRIJATELJA"},"content":{"rendered":"<p>JAGODINA-Nepregledna kolona rodbine i prijatelja u ponedeljak je na jagodinskom gradskom groblju odala po\u0161tu tragi\u010dno preminulom \u0161esnaestogodi\u0161njaku Luki Jaramazu. On je preminuo na licu meste u subotu u 23.30 od posledica povreda nastalih strujim udarom, prilikom \u00a0penjanja na napu\u0161teni vagon u blizini \u017delezni\u010dke stanice u Jagodini. U\u010denici i profesori srednje \u0161kole Nikola Tesla, koju je Luka poha\u0111ao, uputili su poslednji pozdrav svom drugu. Sahrana je obavljena bez ckvenog obreda, jedan od \u010dlanova \u00a0porodice se u potresnom govoru \u00a0oprostio od Luke, pominju\u0107i sve njegove kvalitete. Vi\u0161e tu\u017eila\u0161tvo zapo\u010delo je predistra\u017eni postupak o okolnostima smrti nesre\u0107nog \u0161esnaestogodi\u0161njaka. Zbog tekstova u medijima neki od roditelja Lukinih drugova bili su jako nervozni, neraspolo\u017eeni prema novinarima, pretili tu\u017ebama, tra\u017eili \u00a0,,dozvole\u201d\u2026dok su \u0161esnaestogodi\u0161njaci slede\u0107i njihov primer i dobacivali novinarima ,,dabogda vam ruke otpale\u201d. Prise\u0107aju\u0107i se detalja od subote uve\u010de majka jednog od Lukinih drugara kazala je da su se \u00a0okupili pre grada kod njih ku\u0107i.<\/p>\n<p>-To je bio uobi\u010dajeni ritual, a zatim bi oti\u0161li na \u0110ur\u0111evo Brdo. Luka i \u0110.C. su se, me\u0111utim, \u00a0odvojili od ostalih drugova koji su bili na \u0110ur\u0111evom Brdu i po\u0161li su do grada. Kazali su da idu do starog Juhora. Kada su kasnije pozvali Luku na telefon nije se javljao, dok se \u0110.C. javio nekoliko puta kratko i ponavljao ,,Luka, Luka..\u201d, te prekidao vezu. Zabrinuli su se i krenuli su tamo.Zatekli su vozila policije i vatrogasce, pri\u010da ta majka.<\/p>\n<p>Ona se ka\u017ee da su se deca ,,mnogo potresla i da niko ne zna razlog&#8221;. Na sahrani se pri\u010dalo da je Luka je nameravao sa vrha vagona telefonom da slika grad.<\/p>\n<p>-On se popeo na napu\u0161teni vagon i kada je zamahnuo rukom na gore strujni udar od 25.000 volti ga je bacio sa vagona. Bio je mrtav na licu mesta. O\u010devidci ka\u017eu da je imao vidne povrede glave i da su mu meka tkiva bukvalno izletela. Zatim mu se zapalila ode\u0107a, koju ni vatrogasci nisu mogli da ugase. Bukvalo ga je struja iznutra sagorela, pri\u010dali su roditelji u\u010denika ju\u010de na sahrani.<\/p>\n<p>Sahrani su prisustvovali i vatrogasci, kolege Lukinog oca Steve.<\/p>\n","protected":false},"excerpt":{"rendered":"<p>JAGODINA-Nepregledna kolona rodbine i prijatelja u ponedeljak je na jagodinskom gradskom groblju odala po\u0161tu tragi\u010dno preminulom \u0161esnaestogodi\u0161njaku Luki Jaramazu. On je preminuo na licu meste &hellip; <\/p>\n","protected":false},"author":4,"featured_media":5338,"comment_status":"open","ping_status":"open","sticky":false,"template":"","format":"standard","meta":{"footnotes":""},"categories":[20,2],"tags":[58,560,1388],"_links":{"self":[{"href":"https:\/\/centralmedia.rs\/index.php\/wp-json\/wp\/v2\/posts\/5337"}],"collection":[{"href":"https:\/\/centralmedia.rs\/index.php\/wp-json\/wp\/v2\/posts"}],"about":[{"href":"https:\/\/centralmedia.rs\/index.php\/wp-json\/wp\/v2\/types\/post"}],"author":[{"embeddable":true,"href":"https:\/\/centralmedia.rs\/index.php\/wp-json\/wp\/v2\/users\/4"}],"replies":[{"embeddable":true,"href":"https:\/\/centralmedia.rs\/index.php\/wp-json\/wp\/v2\/comments?post=5337"}],"version-history":[{"count":0,"href":"https:\/\/centralmedia.rs\/index.php\/wp-json\/wp\/v2\/posts\/5337\/revisions"}],"wp:featuredmedia":[{"embeddable":true,"href":"https:\/\/centralmedia.rs\/index.php\/wp-json\/wp\/v2\/media\/5338"}],"wp:attachment":[{"href":"https:\/\/centralmedia.rs\/index.php\/wp-json\/wp\/v2\/media?parent=5337"}],"wp:term":[{"taxonomy":"category","embeddable":true,"href":"https:\/\/centralmedia.rs\/index.php\/wp-json\/wp\/v2\/categories?post=5337"},{"taxonomy":"post_tag","embeddable":true,"href":"https:\/\/centralmedia.rs\/index.php\/wp-json\/wp\/v2\/tags?post=5337"}],"curies":[{"name":"wp","href":"https:\/\/api.w.org\/{rel}","templated":true}]}}