{"id":5343,"date":"2016-11-07T21:30:24","date_gmt":"2016-11-07T21:30:24","guid":{"rendered":"http:\/\/centralmedia.rs\/?p=5343"},"modified":"2016-11-07T21:30:24","modified_gmt":"2016-11-07T21:30:24","slug":"jagodinski-studenti-sesti-put-u-becu","status":"publish","type":"post","link":"https:\/\/centralmedia.rs\/index.php\/2016\/11\/07\/jagodinski-studenti-sesti-put-u-becu\/","title":{"rendered":"JAGODINSKI STUDENTI \u0160ESTI PUT U BE\u010cU"},"content":{"rendered":"<p>JAGODINA-U organizaciji Skup\u0161tine grada Jagodina ve\u010deras je \u0161esti put 600 studenata \u00a0iz Jagodine i drugih srpskih gradova otputovalo u austrijsku prestonicu Be\u010d. Oni \u0107e u Be\u010du boraviti od 8. do 10. novembra.<\/p>\n<figure id=\"attachment_5345\" aria-describedby=\"caption-attachment-5345\" style=\"width: 900px\" class=\"wp-caption alignnone\"><a href=\"https:\/\/centralmedia.rs\/wp-content\/uploads\/2016\/11\/snezana-vukasinovic-jagodina-g.j..jpg\"><img loading=\"lazy\" decoding=\"async\" class=\"size-full wp-image-5345\" src=\"https:\/\/centralmedia.rs\/wp-content\/uploads\/2016\/11\/snezana-vukasinovic-jagodina-g.j..jpg\" alt=\"Sne\u017eana Vuka\u0161inovi\u0107\" width=\"900\" height=\"665\" srcset=\"https:\/\/centralmedia.rs\/wp-content\/uploads\/2016\/11\/snezana-vukasinovic-jagodina-g.j..jpg 900w, https:\/\/centralmedia.rs\/wp-content\/uploads\/2016\/11\/snezana-vukasinovic-jagodina-g.j.-300x222.jpg 300w, https:\/\/centralmedia.rs\/wp-content\/uploads\/2016\/11\/snezana-vukasinovic-jagodina-g.j.-768x567.jpg 768w, https:\/\/centralmedia.rs\/wp-content\/uploads\/2016\/11\/snezana-vukasinovic-jagodina-g.j.-80x60.jpg 80w\" sizes=\"(max-width: 900px) 100vw, 900px\" \/><\/a><figcaption id=\"caption-attachment-5345\" class=\"wp-caption-text\">Sne\u017eana Vuka\u0161inovi\u0107<\/figcaption><\/figure>\n<p>-Jagodina je grad mladih i shodno tome oni u\u017eivaju niz privilegija, jedan je putovanje u Be\u010d. Putovanje je donacija mnogih donator, dakle grad iz bud\u017eeta ne izdvaja ni jedan dinar. Ovo je jedinstvena prilika da studenti iz drugih gradova koji su na jagodinskim fakultetima osete beneficije koje pru\u017eamo. Studenti su dobili i d\u017eeparac, kazala je zamenica gradona\u010delnika Sne\u017eana Vuka\u0161inovi\u0107.<\/p>\n<p>Tokom boravka u Be\u010du, politi\u010dki deo delegacije \u00a0ima\u0107e vi\u0161e razgovora poslanicima be\u010dkog parlamenta i prijem kod zamenika gradona\u010delnika Be\u010da Johana Gudenusa. U Jagodini studira preko 2.000 studenata iz 45 gradova, a studenti\u00a0\u0107e, osim Univrziteta u Be\u010du, posetiti i mnogobrojne kulturne i istorijske znamenitosti ovog grada. Sa studentima putuju i zaposleni u De\u010dijim pred\u0161kolskim ustanovama Jagodine, koji \u0107e posetiti ustanove tog tipa i upoznati se sa njihovim na\u010dinom rada.<\/p>\n","protected":false},"excerpt":{"rendered":"<p>JAGODINA-U organizaciji Skup\u0161tine grada Jagodina ve\u010deras je \u0161esti put 600 studenata \u00a0iz Jagodine i drugih srpskih gradova otputovalo u austrijsku prestonicu Be\u010d. Oni \u0107e u &hellip; <\/p>\n","protected":false},"author":4,"featured_media":5344,"comment_status":"open","ping_status":"open","sticky":false,"template":"","format":"standard","meta":{"footnotes":""},"categories":[14,2,12],"tags":[209,58,213],"_links":{"self":[{"href":"https:\/\/centralmedia.rs\/index.php\/wp-json\/wp\/v2\/posts\/5343"}],"collection":[{"href":"https:\/\/centralmedia.rs\/index.php\/wp-json\/wp\/v2\/posts"}],"about":[{"href":"https:\/\/centralmedia.rs\/index.php\/wp-json\/wp\/v2\/types\/post"}],"author":[{"embeddable":true,"href":"https:\/\/centralmedia.rs\/index.php\/wp-json\/wp\/v2\/users\/4"}],"replies":[{"embeddable":true,"href":"https:\/\/centralmedia.rs\/index.php\/wp-json\/wp\/v2\/comments?post=5343"}],"version-history":[{"count":0,"href":"https:\/\/centralmedia.rs\/index.php\/wp-json\/wp\/v2\/posts\/5343\/revisions"}],"wp:featuredmedia":[{"embeddable":true,"href":"https:\/\/centralmedia.rs\/index.php\/wp-json\/wp\/v2\/media\/5344"}],"wp:attachment":[{"href":"https:\/\/centralmedia.rs\/index.php\/wp-json\/wp\/v2\/media?parent=5343"}],"wp:term":[{"taxonomy":"category","embeddable":true,"href":"https:\/\/centralmedia.rs\/index.php\/wp-json\/wp\/v2\/categories?post=5343"},{"taxonomy":"post_tag","embeddable":true,"href":"https:\/\/centralmedia.rs\/index.php\/wp-json\/wp\/v2\/tags?post=5343"}],"curies":[{"name":"wp","href":"https:\/\/api.w.org\/{rel}","templated":true}]}}