{"id":5358,"date":"2016-11-08T15:37:41","date_gmt":"2016-11-08T15:37:41","guid":{"rendered":"http:\/\/centralmedia.rs\/?p=5358"},"modified":"2016-11-10T10:36:41","modified_gmt":"2016-11-10T10:36:41","slug":"dermomedika-u-paracinu-ordinacija-za-plasticnu-estetsku-rekonstruktivnu-hirurgiju-dr-nene-miletic","status":"publish","type":"post","link":"https:\/\/centralmedia.rs\/index.php\/2016\/11\/08\/dermomedika-u-paracinu-ordinacija-za-plasticnu-estetsku-rekonstruktivnu-hirurgiju-dr-nene-miletic\/","title":{"rendered":"DERMOMEDIKA U PARA\u0106INU- ORDINACIJA ZA PLASTI\u010cNU, ESTETSKU I REKONSTRUKTIVNU HIRURGIJU DR NENE MILETI\u0106"},"content":{"rendered":"<p>Dermomedika u Para\u0107inu prerasla je od antiaging centra u Ordinaciju za estetsku, plasti\u010dnu i rekonstruktivnu hirurgiju, na \u010dijem je \u010delu dr Sne\u017eana Nena Mileti\u0107, jedna od vode\u0107ih plasti\u010dnih i rekonstruktivnih hiruga u Srbiji i regionu. Pored dosada\u0161njih antiaging procedura, u ponudi je vi\u0161e vrsta estetskih intervencija, operacija dobro\u0107udnih i zlo\u0107udinh tumora ko\u017ee, kao i digitalna dermoskopija &#8211; dijagnostika mlade\u017ea i ostalih promena na ko\u017ei.<\/p>\n<div id='gallery-1' class='gallery galleryid-5358 gallery-columns-3 gallery-size-full'><figure class='gallery-item'>\n\t\t\t<div class='gallery-icon landscape'>\n\t\t\t\t<a href='https:\/\/centralmedia.rs\/index.php\/2016\/11\/08\/dermomedika-u-paracinu-ordinacija-za-plasticnu-estetsku-rekonstruktivnu-hirurgiju-dr-nene-miletic\/dermomedica-3\/'><img loading=\"lazy\" decoding=\"async\" width=\"900\" height=\"675\" src=\"https:\/\/centralmedia.rs\/wp-content\/uploads\/2016\/11\/dermomedica-.jpg\" class=\"attachment-full size-full\" alt=\"\" srcset=\"https:\/\/centralmedia.rs\/wp-content\/uploads\/2016\/11\/dermomedica-.jpg 900w, https:\/\/centralmedia.rs\/wp-content\/uploads\/2016\/11\/dermomedica--300x225.jpg 300w, https:\/\/centralmedia.rs\/wp-content\/uploads\/2016\/11\/dermomedica--768x576.jpg 768w, https:\/\/centralmedia.rs\/wp-content\/uploads\/2016\/11\/dermomedica--80x60.jpg 80w, https:\/\/centralmedia.rs\/wp-content\/uploads\/2016\/11\/dermomedica--265x198.jpg 265w\" sizes=\"(max-width: 900px) 100vw, 900px\" \/><\/a>\n\t\t\t<\/div><\/figure><figure class='gallery-item'>\n\t\t\t<div class='gallery-icon landscape'>\n\t\t\t\t<a href='https:\/\/centralmedia.rs\/index.php\/2016\/11\/08\/dermomedika-u-paracinu-ordinacija-za-plasticnu-estetsku-rekonstruktivnu-hirurgiju-dr-nene-miletic\/dermomedica-1\/'><img loading=\"lazy\" decoding=\"async\" width=\"900\" height=\"675\" src=\"https:\/\/centralmedia.rs\/wp-content\/uploads\/2016\/11\/dermomedica-1.jpg\" class=\"attachment-full size-full\" alt=\"\" srcset=\"https:\/\/centralmedia.rs\/wp-content\/uploads\/2016\/11\/dermomedica-1.jpg 900w, https:\/\/centralmedia.rs\/wp-content\/uploads\/2016\/11\/dermomedica-1-300x225.jpg 300w, https:\/\/centralmedia.rs\/wp-content\/uploads\/2016\/11\/dermomedica-1-768x576.jpg 768w, https:\/\/centralmedia.rs\/wp-content\/uploads\/2016\/11\/dermomedica-1-80x60.jpg 80w, https:\/\/centralmedia.rs\/wp-content\/uploads\/2016\/11\/dermomedica-1-265x198.jpg 265w\" sizes=\"(max-width: 900px) 100vw, 900px\" \/><\/a>\n\t\t\t<\/div><\/figure><figure class='gallery-item'>\n\t\t\t<div class='gallery-icon landscape'>\n\t\t\t\t<a href='https:\/\/centralmedia.rs\/index.php\/2016\/11\/08\/dermomedika-u-paracinu-ordinacija-za-plasticnu-estetsku-rekonstruktivnu-hirurgiju-dr-nene-miletic\/dermomedica-2-2\/'><img loading=\"lazy\" decoding=\"async\" width=\"900\" height=\"675\" src=\"https:\/\/centralmedia.rs\/wp-content\/uploads\/2016\/11\/dermomedica-2.jpg\" class=\"attachment-full size-full\" alt=\"\" srcset=\"https:\/\/centralmedia.rs\/wp-content\/uploads\/2016\/11\/dermomedica-2.jpg 900w, https:\/\/centralmedia.rs\/wp-content\/uploads\/2016\/11\/dermomedica-2-300x225.jpg 300w, https:\/\/centralmedia.rs\/wp-content\/uploads\/2016\/11\/dermomedica-2-768x576.jpg 768w, https:\/\/centralmedia.rs\/wp-content\/uploads\/2016\/11\/dermomedica-2-80x60.jpg 80w, https:\/\/centralmedia.rs\/wp-content\/uploads\/2016\/11\/dermomedica-2-265x198.jpg 265w\" sizes=\"(max-width: 900px) 100vw, 900px\" \/><\/a>\n\t\t\t<\/div><\/figure>\n\t\t<\/div>\n\n<p>-Pacijenti dobijaju mogu\u0107nost le\u010denja svih procedura kao u bolni\u010dkim uslovima. Problem tumora ko\u017ee bi\u0107e re\u0161avan operativnim le\u010denjem. Novina na prostoru centralne Srbije u tom smislu je radio talasna hirurgija, koja je apsolutni hit. To je posebno interesantno zbog bezbolnog i beskrvnog ukljanjanje mlade\u017ea i re\u0161avanja drugih promena na ko\u017ei (kondilomi, virusne bradavice, xantelazme) bez o\u017eiljaka, ka\u017ee dr Nena.<\/p>\n<div id='gallery-2' class='gallery galleryid-5358 gallery-columns-3 gallery-size-full'><figure class='gallery-item'>\n\t\t\t<div class='gallery-icon landscape'>\n\t\t\t\t<a href='https:\/\/centralmedia.rs\/index.php\/2016\/11\/08\/dermomedika-u-paracinu-ordinacija-za-plasticnu-estetsku-rekonstruktivnu-hirurgiju-dr-nene-miletic\/dermomedica-4\/'><img loading=\"lazy\" decoding=\"async\" width=\"900\" height=\"675\" src=\"https:\/\/centralmedia.rs\/wp-content\/uploads\/2016\/11\/dermomedica-4.jpg\" class=\"attachment-full size-full\" alt=\"\" srcset=\"https:\/\/centralmedia.rs\/wp-content\/uploads\/2016\/11\/dermomedica-4.jpg 900w, https:\/\/centralmedia.rs\/wp-content\/uploads\/2016\/11\/dermomedica-4-300x225.jpg 300w, https:\/\/centralmedia.rs\/wp-content\/uploads\/2016\/11\/dermomedica-4-768x576.jpg 768w, https:\/\/centralmedia.rs\/wp-content\/uploads\/2016\/11\/dermomedica-4-80x60.jpg 80w, https:\/\/centralmedia.rs\/wp-content\/uploads\/2016\/11\/dermomedica-4-265x198.jpg 265w\" sizes=\"(max-width: 900px) 100vw, 900px\" \/><\/a>\n\t\t\t<\/div><\/figure><figure class='gallery-item'>\n\t\t\t<div class='gallery-icon landscape'>\n\t\t\t\t<a href='https:\/\/centralmedia.rs\/index.php\/2016\/11\/08\/dermomedika-u-paracinu-ordinacija-za-plasticnu-estetsku-rekonstruktivnu-hirurgiju-dr-nene-miletic\/dermomedica-5\/'><img loading=\"lazy\" decoding=\"async\" width=\"900\" height=\"675\" src=\"https:\/\/centralmedia.rs\/wp-content\/uploads\/2016\/11\/dermomedica-5.jpg\" class=\"attachment-full size-full\" alt=\"\" srcset=\"https:\/\/centralmedia.rs\/wp-content\/uploads\/2016\/11\/dermomedica-5.jpg 900w, https:\/\/centralmedia.rs\/wp-content\/uploads\/2016\/11\/dermomedica-5-300x225.jpg 300w, https:\/\/centralmedia.rs\/wp-content\/uploads\/2016\/11\/dermomedica-5-768x576.jpg 768w, https:\/\/centralmedia.rs\/wp-content\/uploads\/2016\/11\/dermomedica-5-80x60.jpg 80w, https:\/\/centralmedia.rs\/wp-content\/uploads\/2016\/11\/dermomedica-5-265x198.jpg 265w\" sizes=\"(max-width: 900px) 100vw, 900px\" \/><\/a>\n\t\t\t<\/div><\/figure><figure class='gallery-item'>\n\t\t\t<div class='gallery-icon landscape'>\n\t\t\t\t<a href='https:\/\/centralmedia.rs\/index.php\/2016\/11\/08\/dermomedika-u-paracinu-ordinacija-za-plasticnu-estetsku-rekonstruktivnu-hirurgiju-dr-nene-miletic\/dermomedica-7\/'><img loading=\"lazy\" decoding=\"async\" width=\"900\" height=\"675\" src=\"https:\/\/centralmedia.rs\/wp-content\/uploads\/2016\/11\/dermomedica-7.jpg\" class=\"attachment-full size-full\" alt=\"\" srcset=\"https:\/\/centralmedia.rs\/wp-content\/uploads\/2016\/11\/dermomedica-7.jpg 900w, https:\/\/centralmedia.rs\/wp-content\/uploads\/2016\/11\/dermomedica-7-300x225.jpg 300w, https:\/\/centralmedia.rs\/wp-content\/uploads\/2016\/11\/dermomedica-7-768x576.jpg 768w, https:\/\/centralmedia.rs\/wp-content\/uploads\/2016\/11\/dermomedica-7-80x60.jpg 80w, https:\/\/centralmedia.rs\/wp-content\/uploads\/2016\/11\/dermomedica-7-265x198.jpg 265w\" sizes=\"(max-width: 900px) 100vw, 900px\" \/><\/a>\n\t\t\t<\/div><\/figure>\n\t\t<\/div>\n\n<p>Ordinacija \u0107e pru\u017eati\u00a0 usluge pregleda i le\u010denja pacijenata sa manjim opekotinama i hroni\u010dnim ranama.<\/p>\n<p>-Vrsni konsultanti iz najboljih beogradskih klinika bi\u0107e dostupni na\u0161im pacijentima iz centralne Srbije, a re\u010d je o najpoznatijim kardiolozima, vaskularnim hiruzima, dermatolozima, alergolozima, endokrinolozima. U ordinaciji \u0107e se raditi sve vrste hiru\u0161kih intervencija iz estetske i rekonstruktivne hirurgije, koje se rade u lokalnoj anesteziji ili analgosedaciji-kratkotrajnoj op\u0161toj anesteziji, obja\u0161njava dr Nena.<\/p>\n<div id='gallery-3' class='gallery galleryid-5358 gallery-columns-3 gallery-size-full'><figure class='gallery-item'>\n\t\t\t<div class='gallery-icon landscape'>\n\t\t\t\t<a href='https:\/\/centralmedia.rs\/index.php\/2016\/11\/08\/dermomedika-u-paracinu-ordinacija-za-plasticnu-estetsku-rekonstruktivnu-hirurgiju-dr-nene-miletic\/dermomedica-8\/'><img loading=\"lazy\" decoding=\"async\" width=\"900\" height=\"675\" src=\"https:\/\/centralmedia.rs\/wp-content\/uploads\/2016\/11\/dermomedica-8.jpg\" class=\"attachment-full size-full\" alt=\"\" srcset=\"https:\/\/centralmedia.rs\/wp-content\/uploads\/2016\/11\/dermomedica-8.jpg 900w, https:\/\/centralmedia.rs\/wp-content\/uploads\/2016\/11\/dermomedica-8-300x225.jpg 300w, https:\/\/centralmedia.rs\/wp-content\/uploads\/2016\/11\/dermomedica-8-768x576.jpg 768w, https:\/\/centralmedia.rs\/wp-content\/uploads\/2016\/11\/dermomedica-8-80x60.jpg 80w, https:\/\/centralmedia.rs\/wp-content\/uploads\/2016\/11\/dermomedica-8-265x198.jpg 265w\" sizes=\"(max-width: 900px) 100vw, 900px\" \/><\/a>\n\t\t\t<\/div><\/figure><figure class='gallery-item'>\n\t\t\t<div class='gallery-icon landscape'>\n\t\t\t\t<a href='https:\/\/centralmedia.rs\/index.php\/2016\/11\/08\/dermomedika-u-paracinu-ordinacija-za-plasticnu-estetsku-rekonstruktivnu-hirurgiju-dr-nene-miletic\/dermomedica-10\/'><img loading=\"lazy\" decoding=\"async\" width=\"900\" height=\"634\" src=\"https:\/\/centralmedia.rs\/wp-content\/uploads\/2016\/11\/dermomedica-10.jpg\" class=\"attachment-full size-full\" alt=\"\" srcset=\"https:\/\/centralmedia.rs\/wp-content\/uploads\/2016\/11\/dermomedica-10.jpg 900w, https:\/\/centralmedia.rs\/wp-content\/uploads\/2016\/11\/dermomedica-10-300x211.jpg 300w, https:\/\/centralmedia.rs\/wp-content\/uploads\/2016\/11\/dermomedica-10-768x541.jpg 768w, https:\/\/centralmedia.rs\/wp-content\/uploads\/2016\/11\/dermomedica-10-100x70.jpg 100w\" sizes=\"(max-width: 900px) 100vw, 900px\" \/><\/a>\n\t\t\t<\/div><\/figure><figure class='gallery-item'>\n\t\t\t<div class='gallery-icon landscape'>\n\t\t\t\t<a href='https:\/\/centralmedia.rs\/index.php\/2016\/11\/08\/dermomedika-u-paracinu-ordinacija-za-plasticnu-estetsku-rekonstruktivnu-hirurgiju-dr-nene-miletic\/dermomedica-11\/'><img loading=\"lazy\" decoding=\"async\" width=\"900\" height=\"675\" src=\"https:\/\/centralmedia.rs\/wp-content\/uploads\/2016\/11\/dermomedica-11.jpg\" class=\"attachment-full size-full\" alt=\"\" srcset=\"https:\/\/centralmedia.rs\/wp-content\/uploads\/2016\/11\/dermomedica-11.jpg 900w, https:\/\/centralmedia.rs\/wp-content\/uploads\/2016\/11\/dermomedica-11-300x225.jpg 300w, https:\/\/centralmedia.rs\/wp-content\/uploads\/2016\/11\/dermomedica-11-768x576.jpg 768w, https:\/\/centralmedia.rs\/wp-content\/uploads\/2016\/11\/dermomedica-11-80x60.jpg 80w, https:\/\/centralmedia.rs\/wp-content\/uploads\/2016\/11\/dermomedica-11-265x198.jpg 265w\" sizes=\"(max-width: 900px) 100vw, 900px\" \/><\/a>\n\t\t\t<\/div><\/figure>\n\t\t<\/div>\n\n<p>Ordinacija Dermomedika sara\u0111uje sa najpoznatijim proizvo\u0111a\u010dima estetskih proizvoda iz \u0160vajcarske i SAD, te se koriste\u00a0 najsavremeniji preaparati i materijali prilikom intervencija.<\/p>\n<p>-Tr\u017ei\u0161te Srbije je preplavljeno preparatima iz Kine i Koreje, isklju\u010divo sara\u0111ujemo najpoznatijim kompanijama sa vi\u0161edecenijskom tradicijom. \u0160to se ti\u010de hilurionskih filera tu su najpoznatije svetske kompanije Juvederm, Restylan i Teosyal. Pored vi\u0161egodi\u0161njeg iskustva, unapre\u0111enog savremenim dijagnosti\u010dkim i hiru\u0161kim\u00a0 procedurama, to je garancija za kvalitet usluga, a tome u prilog govori \u010dinjenica da niko od pacijenata nikada nije imao neki problem ili negativnu reakciju posle intervencije, pri\u010da dr Nena.<\/p>\n<div id='gallery-4' class='gallery galleryid-5358 gallery-columns-3 gallery-size-full'><figure class='gallery-item'>\n\t\t\t<div class='gallery-icon landscape'>\n\t\t\t\t<a href='https:\/\/centralmedia.rs\/index.php\/2016\/11\/08\/dermomedika-u-paracinu-ordinacija-za-plasticnu-estetsku-rekonstruktivnu-hirurgiju-dr-nene-miletic\/dermomedica-12\/'><img loading=\"lazy\" decoding=\"async\" width=\"900\" height=\"675\" src=\"https:\/\/centralmedia.rs\/wp-content\/uploads\/2016\/11\/dermomedica-12.jpg\" class=\"attachment-full size-full\" alt=\"\" srcset=\"https:\/\/centralmedia.rs\/wp-content\/uploads\/2016\/11\/dermomedica-12.jpg 900w, https:\/\/centralmedia.rs\/wp-content\/uploads\/2016\/11\/dermomedica-12-300x225.jpg 300w, https:\/\/centralmedia.rs\/wp-content\/uploads\/2016\/11\/dermomedica-12-768x576.jpg 768w, https:\/\/centralmedia.rs\/wp-content\/uploads\/2016\/11\/dermomedica-12-80x60.jpg 80w, https:\/\/centralmedia.rs\/wp-content\/uploads\/2016\/11\/dermomedica-12-265x198.jpg 265w\" sizes=\"(max-width: 900px) 100vw, 900px\" \/><\/a>\n\t\t\t<\/div><\/figure><figure class='gallery-item'>\n\t\t\t<div class='gallery-icon landscape'>\n\t\t\t\t<a href='https:\/\/centralmedia.rs\/index.php\/2016\/11\/08\/dermomedika-u-paracinu-ordinacija-za-plasticnu-estetsku-rekonstruktivnu-hirurgiju-dr-nene-miletic\/dermomedica-14\/'><img loading=\"lazy\" decoding=\"async\" width=\"900\" height=\"675\" src=\"https:\/\/centralmedia.rs\/wp-content\/uploads\/2016\/11\/dermomedica-14.jpg\" class=\"attachment-full size-full\" alt=\"\" srcset=\"https:\/\/centralmedia.rs\/wp-content\/uploads\/2016\/11\/dermomedica-14.jpg 900w, https:\/\/centralmedia.rs\/wp-content\/uploads\/2016\/11\/dermomedica-14-300x225.jpg 300w, https:\/\/centralmedia.rs\/wp-content\/uploads\/2016\/11\/dermomedica-14-768x576.jpg 768w, https:\/\/centralmedia.rs\/wp-content\/uploads\/2016\/11\/dermomedica-14-80x60.jpg 80w, https:\/\/centralmedia.rs\/wp-content\/uploads\/2016\/11\/dermomedica-14-265x198.jpg 265w\" sizes=\"(max-width: 900px) 100vw, 900px\" \/><\/a>\n\t\t\t<\/div><\/figure><figure class='gallery-item'>\n\t\t\t<div class='gallery-icon landscape'>\n\t\t\t\t<a href='https:\/\/centralmedia.rs\/index.php\/2016\/11\/08\/dermomedika-u-paracinu-ordinacija-za-plasticnu-estetsku-rekonstruktivnu-hirurgiju-dr-nene-miletic\/dermomedica-15\/'><img loading=\"lazy\" decoding=\"async\" width=\"900\" height=\"675\" src=\"https:\/\/centralmedia.rs\/wp-content\/uploads\/2016\/11\/dermomedica-15.jpg\" class=\"attachment-full size-full\" alt=\"\" srcset=\"https:\/\/centralmedia.rs\/wp-content\/uploads\/2016\/11\/dermomedica-15.jpg 900w, https:\/\/centralmedia.rs\/wp-content\/uploads\/2016\/11\/dermomedica-15-300x225.jpg 300w, https:\/\/centralmedia.rs\/wp-content\/uploads\/2016\/11\/dermomedica-15-768x576.jpg 768w, https:\/\/centralmedia.rs\/wp-content\/uploads\/2016\/11\/dermomedica-15-80x60.jpg 80w, https:\/\/centralmedia.rs\/wp-content\/uploads\/2016\/11\/dermomedica-15-265x198.jpg 265w\" sizes=\"(max-width: 900px) 100vw, 900px\" \/><\/a>\n\t\t\t<\/div><\/figure>\n\t\t<\/div>\n\n<p>Aquafiler je nova generacija filera koja je se primenjuje kod remodeliranja lica, ali i tela, grudi i zadnjice. Re\u010d je o savremenoj zameni za operativni zahvat i zato je posebno interesantan.<\/p>\n<p>-Sve \u0161to se koristi u Dermomedici je registrovano na tr\u017ei\u0161tu i nema nikakvih nusefekata. Oporavak posle tih intervencija nije predvi\u0111en, jer pacijent ustaje i odmah se vra\u0107a redovnim obavezama. Cene usluga prilago\u0111ene su standardu pacijenata centralne Srbije. Pacijenti dobijaju sve usluge bez \u010dekanja, a maksimalni rok do zakazivanja pregleda, preko dijagostike i intervencije je sedam dana, ka\u017ee dr Nena.<a href=\"https:\/\/centralmedia.rs\/wp-content\/uploads\/2016\/11\/dermomedica-17.jpg\"><img loading=\"lazy\" decoding=\"async\" class=\"alignnone size-full wp-image-5372\" src=\"https:\/\/centralmedia.rs\/wp-content\/uploads\/2016\/11\/dermomedica-17.jpg\" alt=\"dermomedica-17\" width=\"675\" height=\"900\" srcset=\"https:\/\/centralmedia.rs\/wp-content\/uploads\/2016\/11\/dermomedica-17.jpg 675w, https:\/\/centralmedia.rs\/wp-content\/uploads\/2016\/11\/dermomedica-17-225x300.jpg 225w\" sizes=\"(max-width: 675px) 100vw, 675px\" \/><\/a><\/p>\n<p>Ona savetuje da se najmanje jednom godi\u0161nje obavi pregled ko\u017ee digitalnom dermatoskopijom, jer savremena oprema dijagnozu postavlja sa 99,9 odsto ta\u010dnosti, tako da hirurg mo\u017ee odmah reagovati a pacijent ne gubi dragoceno vreme. Karcinomi ko\u017ee su ekspanziji, te na vreme uo\u010dene promene treba odmah re\u0161avati radiotalsnom hirugijom. Ordinacija Dermomedika u Para\u0107inu nalazi se u ulici Adakalska 13\/4, telefoni za zakazivanje 035 571-391 i 063 103 55 61, mail dermomedicaja@gmail.com. Ordinacija Dermomedika sa ponosim isti\u010de svoj slogan ZDRAVLJE I LEPOTA, jer omogu\u0107ava konforno re\u0161avanje svih zdravstvenih problema, najsavremenijim aparatima i materijalima,uz pristupa\u010dne cene i ljubazno osoblje.<\/p>\n","protected":false},"excerpt":{"rendered":"<p>Dermomedika u Para\u0107inu prerasla je od antiaging centra u Ordinaciju za estetsku, plasti\u010dnu i rekonstruktivnu hirurgiju, na \u010dijem je \u010delu dr Sne\u017eana Nena Mileti\u0107, jedna &hellip; <\/p>\n","protected":false},"author":4,"featured_media":5359,"comment_status":"open","ping_status":"open","sticky":false,"template":"","format":"standard","meta":{"footnotes":""},"categories":[2,7,6],"tags":[1394,1395,156],"_links":{"self":[{"href":"https:\/\/centralmedia.rs\/index.php\/wp-json\/wp\/v2\/posts\/5358"}],"collection":[{"href":"https:\/\/centralmedia.rs\/index.php\/wp-json\/wp\/v2\/posts"}],"about":[{"href":"https:\/\/centralmedia.rs\/index.php\/wp-json\/wp\/v2\/types\/post"}],"author":[{"embeddable":true,"href":"https:\/\/centralmedia.rs\/index.php\/wp-json\/wp\/v2\/users\/4"}],"replies":[{"embeddable":true,"href":"https:\/\/centralmedia.rs\/index.php\/wp-json\/wp\/v2\/comments?post=5358"}],"version-history":[{"count":0,"href":"https:\/\/centralmedia.rs\/index.php\/wp-json\/wp\/v2\/posts\/5358\/revisions"}],"wp:featuredmedia":[{"embeddable":true,"href":"https:\/\/centralmedia.rs\/index.php\/wp-json\/wp\/v2\/media\/5359"}],"wp:attachment":[{"href":"https:\/\/centralmedia.rs\/index.php\/wp-json\/wp\/v2\/media?parent=5358"}],"wp:term":[{"taxonomy":"category","embeddable":true,"href":"https:\/\/centralmedia.rs\/index.php\/wp-json\/wp\/v2\/categories?post=5358"},{"taxonomy":"post_tag","embeddable":true,"href":"https:\/\/centralmedia.rs\/index.php\/wp-json\/wp\/v2\/tags?post=5358"}],"curies":[{"name":"wp","href":"https:\/\/api.w.org\/{rel}","templated":true}]}}