{"id":5374,"date":"2016-11-08T16:09:08","date_gmt":"2016-11-08T16:09:08","guid":{"rendered":"http:\/\/centralmedia.rs\/?p=5374"},"modified":"2016-11-08T18:03:57","modified_gmt":"2016-11-08T18:03:57","slug":"sacekusa-za-ivana-jovanovica-brutalno-ubijen-sa-deset-metaka","status":"publish","type":"post","link":"https:\/\/centralmedia.rs\/index.php\/2016\/11\/08\/sacekusa-za-ivana-jovanovica-brutalno-ubijen-sa-deset-metaka\/","title":{"rendered":"SA\u010cEKU\u0160A ZA IVANA JOVANOVI\u0106A-BRUTALNO UBIJEN SA DESET METAKA"},"content":{"rendered":"<p>JAGODINA-U sa\u010deku\u0161i u Jagodini ubica ispalio deset metaka Ivana Jovanovi\u0107a-Iv\u010du (45)! Ranjeni su njegov bratanac Jovan Jovanovi\u0107 (26) i drug Sa\u0161a Petrovi\u0107-Kec (43), obojica iz Jagodine. Ubica sa kapulja\u010dom na glavi, koji se krio u obli\u017enjem \u017ebunju, pri\u0161ao je njihovom kombiju u trenutku kada su oni u\u0161li i sasuo ceo \u0161an\u017eer u telo Ivana Jovanovi\u0107a, a zatim je u\u0161ao u drugi auto, koji je dovezao njegov sau\u010desnik, i udaljio se sa lica mesta. Auto je prona\u0111en zapaljen u \u0160ljunkari izme\u0111u Bagrdana i Vojske kod Svilajnca.<\/p>\n<div id='gallery-1' class='gallery galleryid-5374 gallery-columns-2 gallery-size-thumbnail'><figure class='gallery-item'>\n\t\t\t<div class='gallery-icon portrait'>\n\t\t\t\t<a href='https:\/\/centralmedia.rs\/index.php\/2016\/11\/08\/sacekusa-za-ivana-jovanovica-brutalno-ubijen-sa-deset-metaka\/jovan-jovanovic-1\/'><img loading=\"lazy\" decoding=\"async\" width=\"150\" height=\"150\" src=\"https:\/\/centralmedia.rs\/wp-content\/uploads\/2016\/11\/jovan-jovanovic-1-150x150.jpg\" class=\"attachment-thumbnail size-thumbnail\" alt=\"\" aria-describedby=\"gallery-1-5376\" \/><\/a>\n\t\t\t<\/div>\n\t\t\t\t<figcaption class='wp-caption-text gallery-caption' id='gallery-1-5376'>\n\t\t\t\tJovan Jovanovi\u0107\n\t\t\t\t<\/figcaption><\/figure><figure class='gallery-item'>\n\t\t\t<div class='gallery-icon portrait'>\n\t\t\t\t<a href='https:\/\/centralmedia.rs\/index.php\/2016\/11\/08\/sacekusa-za-ivana-jovanovica-brutalno-ubijen-sa-deset-metaka\/sasa-petovic\/'><img loading=\"lazy\" decoding=\"async\" width=\"150\" height=\"150\" src=\"https:\/\/centralmedia.rs\/wp-content\/uploads\/2016\/11\/sasa-petovic-150x150.jpg\" class=\"attachment-thumbnail size-thumbnail\" alt=\"\" aria-describedby=\"gallery-1-5377\" \/><\/a>\n\t\t\t<\/div>\n\t\t\t\t<figcaption class='wp-caption-text gallery-caption' id='gallery-1-5377'>\n\t\t\t\tSa\u0161a Petrovi\u0107\n\t\t\t\t<\/figcaption><\/figure>\n\t\t<\/div>\n\n<p>-Ne znam ko je to uradio, ali bolje da ne znam. Te\u0161ko mi je \u0161to sam izgubio brata. Moj sin je ranjen,pri\u010da je Ivanov brat Vladan.<a href=\"https:\/\/centralmedia.rs\/wp-content\/uploads\/2016\/11\/jagodina-1-jagodina-g.j..jpg\"><img loading=\"lazy\" decoding=\"async\" class=\"alignnone size-full wp-image-5348\" src=\"https:\/\/centralmedia.rs\/wp-content\/uploads\/2016\/11\/jagodina-1-jagodina-g.j..jpg\" alt=\"jagodina-1-jagodina-g-j\" width=\"900\" height=\"675\" srcset=\"https:\/\/centralmedia.rs\/wp-content\/uploads\/2016\/11\/jagodina-1-jagodina-g.j..jpg 900w, https:\/\/centralmedia.rs\/wp-content\/uploads\/2016\/11\/jagodina-1-jagodina-g.j.-300x225.jpg 300w, https:\/\/centralmedia.rs\/wp-content\/uploads\/2016\/11\/jagodina-1-jagodina-g.j.-768x576.jpg 768w, https:\/\/centralmedia.rs\/wp-content\/uploads\/2016\/11\/jagodina-1-jagodina-g.j.-80x60.jpg 80w, https:\/\/centralmedia.rs\/wp-content\/uploads\/2016\/11\/jagodina-1-jagodina-g.j.-265x198.jpg 265w\" sizes=\"(max-width: 900px) 100vw, 900px\" \/><\/a><\/p>\n<p>Njih trojica su pre napada bili u kafani u ulici Milana Mijalkovi\u0107a.<\/p>\n<p>-Mirno pili pi\u0107e i sedeli u kafani kod Popa, pred kraj radnog vremena su krenuli i iza\u0161li iz objekta. Zatim su se \u010duli pucnji, pucalo je kao na veselju. Zanali smo da nije dobro i da je pucali na Iv\u010du. Kada smo iza\u0161li videli smo da je te\u0161ko ranjen, davao je znake \u017eivota, ali bili su ranjeni Joca u nogu i Sa\u0161a u rame. Iv\u010da nije izdr\u017eao i preminuo, pri\u010daju ljudi koji su se zatekli na licu mesta. \u00a0\u00a0\u00a0\u00a0\u00a0\u00a0<a href=\"https:\/\/centralmedia.rs\/wp-content\/uploads\/2016\/11\/kafana-1-jagodina-g.j..jpg\"><img loading=\"lazy\" decoding=\"async\" class=\"alignnone size-full wp-image-5378\" src=\"https:\/\/centralmedia.rs\/wp-content\/uploads\/2016\/11\/kafana-1-jagodina-g.j..jpg\" alt=\"kafana-1-jagodina-g-j\" width=\"900\" height=\"675\" srcset=\"https:\/\/centralmedia.rs\/wp-content\/uploads\/2016\/11\/kafana-1-jagodina-g.j..jpg 900w, https:\/\/centralmedia.rs\/wp-content\/uploads\/2016\/11\/kafana-1-jagodina-g.j.-300x225.jpg 300w, https:\/\/centralmedia.rs\/wp-content\/uploads\/2016\/11\/kafana-1-jagodina-g.j.-768x576.jpg 768w, https:\/\/centralmedia.rs\/wp-content\/uploads\/2016\/11\/kafana-1-jagodina-g.j.-80x60.jpg 80w, https:\/\/centralmedia.rs\/wp-content\/uploads\/2016\/11\/kafana-1-jagodina-g.j.-265x198.jpg 265w\" sizes=\"(max-width: 900px) 100vw, 900px\" \/><\/a><\/p>\n<p>Jovan i Sa\u0161a su u jagodinskoj bolnici pod policijskim obezbe\u0111enjem.<\/p>\n<p>-Imali ustrelne rane, Jovan u koleno, a Sa\u0161a u rame. Sve smo sanirali i oni su dobro, ka\u017ee hirirg dr Ra\u0161ko Ra\u0161i\u0107<\/p>\n<p>Policija za sada ne saop\u0161tava ni\u0161ta o\u00a0 tom doga\u0111aju. Vidno je poja\u010dano prisustvo policije u gradu. Vi\u0161i tu\u017eilac je naredio prikupljanje dokaza, obavljena je obdukcija i ve\u0161taci su pregledali zapaljeno vozilo. Ivan Jovanovi\u0107 poti\u010de iz ugledne jagodinske porodice, ali zbog nemirnog duha zapadao je u manje i ve\u0107e probleme, ali niko ovako ne\u0161to nije o\u010dekivao. Otac je dvoje dece. Motivi ovog, po svemu sude\u0107i profesionalnog ubistva, ne mogu da se naslute, mada se ulici pri\u010da o raznim incidentima i nerazja\u0161njenim situacijama sa opasnim momcima koji su se dogodili u proteklih meseci. \u00a0Sahrana je u sredu u 13.30 sati.<\/p>\n<p>&nbsp;<\/p>\n","protected":false},"excerpt":{"rendered":"<p>JAGODINA-U sa\u010deku\u0161i u Jagodini ubica ispalio deset metaka Ivana Jovanovi\u0107a-Iv\u010du (45)! Ranjeni su njegov bratanac Jovan Jovanovi\u0107 (26) i drug Sa\u0161a Petrovi\u0107-Kec (43), obojica iz &hellip; <\/p>\n","protected":false},"author":4,"featured_media":5349,"comment_status":"open","ping_status":"open","sticky":false,"template":"","format":"standard","meta":{"footnotes":""},"categories":[20,2],"tags":[],"_links":{"self":[{"href":"https:\/\/centralmedia.rs\/index.php\/wp-json\/wp\/v2\/posts\/5374"}],"collection":[{"href":"https:\/\/centralmedia.rs\/index.php\/wp-json\/wp\/v2\/posts"}],"about":[{"href":"https:\/\/centralmedia.rs\/index.php\/wp-json\/wp\/v2\/types\/post"}],"author":[{"embeddable":true,"href":"https:\/\/centralmedia.rs\/index.php\/wp-json\/wp\/v2\/users\/4"}],"replies":[{"embeddable":true,"href":"https:\/\/centralmedia.rs\/index.php\/wp-json\/wp\/v2\/comments?post=5374"}],"version-history":[{"count":0,"href":"https:\/\/centralmedia.rs\/index.php\/wp-json\/wp\/v2\/posts\/5374\/revisions"}],"wp:featuredmedia":[{"embeddable":true,"href":"https:\/\/centralmedia.rs\/index.php\/wp-json\/wp\/v2\/media\/5349"}],"wp:attachment":[{"href":"https:\/\/centralmedia.rs\/index.php\/wp-json\/wp\/v2\/media?parent=5374"}],"wp:term":[{"taxonomy":"category","embeddable":true,"href":"https:\/\/centralmedia.rs\/index.php\/wp-json\/wp\/v2\/categories?post=5374"},{"taxonomy":"post_tag","embeddable":true,"href":"https:\/\/centralmedia.rs\/index.php\/wp-json\/wp\/v2\/tags?post=5374"}],"curies":[{"name":"wp","href":"https:\/\/api.w.org\/{rel}","templated":true}]}}