{"id":5380,"date":"2016-11-08T16:22:58","date_gmt":"2016-11-08T16:22:58","guid":{"rendered":"http:\/\/centralmedia.rs\/?p=5380"},"modified":"2016-11-08T16:22:58","modified_gmt":"2016-11-08T16:22:58","slug":"komisija-vojske-srbijekadeti-krivi-za-pogibiju-vojska-nije-odgovorna","status":"publish","type":"post","link":"https:\/\/centralmedia.rs\/index.php\/2016\/11\/08\/komisija-vojske-srbijekadeti-krivi-za-pogibiju-vojska-nije-odgovorna\/","title":{"rendered":"KOMISIJA VOJSKE SRBIJE:KADETI KRIVI ZA POGIBIJU, VOJSKA NIJE ODGOVORNA"},"content":{"rendered":"<p>JAGODINA-General Bojan Zrni\u0107 izjavio je, na dana\u0161njem nastavku su\u0111enja majoru Vinku \u017dnidar\u0161i\u010du zbog pogibije dva i ranjavanja vi\u0161e kadeta Vojske Srbije na poligonu Pasuljanske livade 2012 godine, da je prema izve\u0161taju komisije, kojom je on predsedavao, zaklju\u010deno da je ,,vanredni doga\u0111aj nastao kao posledica nepropisnog , samovoljnog i nedisciplinovanog postupanja \u00a0kadeta i kadetkinja Pe\u0161adije 133. klase Vojne akademije-direktnim u\u010de\u0161\u0107em u vanrednom doga\u0111aju i nije u odgovornosti vojne organizacije \u201c.<\/p>\n<p>-Propusti vojne organizacije koji su doprineli doga\u0111aju ogledaju se u \u010dinjenicama da se na mestu van oblasnih zona na\u0161ao zaostali neeksplodirani projektil. To je odgovornost Vojne akademije i komande poligona, kao i da su postojali propusti u planiranju, realizaciji i kontroli poligone obuke, \u0161to je odgovornost Vojne akademije, rekao je general Zrni\u0107.<\/p>\n<figure id=\"attachment_5384\" aria-describedby=\"caption-attachment-5384\" style=\"width: 396px\" class=\"wp-caption alignnone\"><a href=\"https:\/\/centralmedia.rs\/wp-content\/uploads\/2016\/11\/major-znidarsic-jagodina-g.j.-2.jpg\"><img loading=\"lazy\" decoding=\"async\" class=\"size-full wp-image-5384\" src=\"https:\/\/centralmedia.rs\/wp-content\/uploads\/2016\/11\/major-znidarsic-jagodina-g.j.-2.jpg\" alt=\"Major Vinko \u017dnidar\u0161i\u0107\" width=\"396\" height=\"612\" srcset=\"https:\/\/centralmedia.rs\/wp-content\/uploads\/2016\/11\/major-znidarsic-jagodina-g.j.-2.jpg 396w, https:\/\/centralmedia.rs\/wp-content\/uploads\/2016\/11\/major-znidarsic-jagodina-g.j.-2-194x300.jpg 194w\" sizes=\"(max-width: 396px) 100vw, 396px\" \/><\/a><figcaption id=\"caption-attachment-5384\" class=\"wp-caption-text\">Major Vinko \u017dnidar\u0161i\u0107<\/figcaption><\/figure>\n<p>Svedok general Zrni\u0107 i optu\u017eeni major \u017dnidr\u0161i\u010d su odgovarali na pitanja sudije i advokata o mestu izvo\u0111enja ve\u017ebe.<\/p>\n<p>-Komisija je utvrdila da ve\u017eba nije odr\u017eana na predvi\u0111enoj lokaciji, ali posle analiza utvr\u0111eno da to nije uticalo na nastanak vanrednog doga\u0111aja, rekao je general Zrni\u0107.<\/p>\n<figure id=\"attachment_5385\" aria-describedby=\"caption-attachment-5385\" style=\"width: 900px\" class=\"wp-caption alignnone\"><a href=\"https:\/\/centralmedia.rs\/wp-content\/uploads\/2016\/11\/tomislav-milojevic-jagodina-g.j..jpg\"><img loading=\"lazy\" decoding=\"async\" class=\"size-full wp-image-5385\" src=\"https:\/\/centralmedia.rs\/wp-content\/uploads\/2016\/11\/tomislav-milojevic-jagodina-g.j..jpg\" alt=\"Tomislav Mileti\u0107\" width=\"900\" height=\"675\" srcset=\"https:\/\/centralmedia.rs\/wp-content\/uploads\/2016\/11\/tomislav-milojevic-jagodina-g.j..jpg 900w, https:\/\/centralmedia.rs\/wp-content\/uploads\/2016\/11\/tomislav-milojevic-jagodina-g.j.-300x225.jpg 300w, https:\/\/centralmedia.rs\/wp-content\/uploads\/2016\/11\/tomislav-milojevic-jagodina-g.j.-768x576.jpg 768w, https:\/\/centralmedia.rs\/wp-content\/uploads\/2016\/11\/tomislav-milojevic-jagodina-g.j.-80x60.jpg 80w, https:\/\/centralmedia.rs\/wp-content\/uploads\/2016\/11\/tomislav-milojevic-jagodina-g.j.-265x198.jpg 265w\" sizes=\"(max-width: 900px) 100vw, 900px\" \/><\/a><figcaption id=\"caption-attachment-5385\" class=\"wp-caption-text\">Tomislav Mileti\u0107<\/figcaption><\/figure>\n<p>Major \u017dnidar\u0161i\u0107 je objasnio da je do promene lokacije za izvo\u0111enje ve\u017ebe \u00a0do\u0161lo zbog izmene rasporeda rada na poligonu, odnosno realizacije bojevog ga\u0111anja druge jedinice poligonu. Nadramati\u010dniji trenutak sa su\u0111enja bio je kada je otac poginulog kadeta Tomislav Milojevi\u0107 pitao majora \u017dnidar\u0161i\u0107a da li bi negov sin bio \u017eiv da nije do\u0161lo do promene loakcije za izvo\u0111enje ve\u017ebe.<\/p>\n<p>-Vodio sam kadete tamo gde je sam verovao da je bezbedno, odgovorio je major.<\/p>\n<p>U toku su\u0111enja prezentiran je podatak da su na mestu na kome su kadeti izvodili ve\u017ebu neke jedinice ranije koristile za skladi\u0161tenje novih i nekori\u0161\u0107enih ubojnih sredstava. Projektil koji je izazvao eksploziju, smrt i ranjavanje kadeta je bio star i neeksplodiran posle ispucavanja, a \u00a0skladi\u0161ta ne slu\u017ee za prikupljanje neeksplodiranih ubojnih sredstava.\u00a0Na Poligonu Pasuljanske livade kod \u0106uprije18. juna 2012. godine u toku priprema za ve\u017ebu &#8220;Diplomac 2012&#8221;, od zaostalog projektila\u00a0automatskog baca\u010da granata 30 mm BVG, koga su kadeti prona\u0161li, a jedan od njih, navodno \u0161utnuo i izazvao\u00a0eksploziju, poginulo je dvoje kadeta \u010detvrte godine Vojne akademije Milina Mileti\u0107 (23) iz Gornjeg\u00a0Milanovca i Filip Milojevi\u0107 (24) iz Gornje Trnave kod Topole, a petoro kadeta povre\u0111eno.<\/p>\n","protected":false},"excerpt":{"rendered":"<p>JAGODINA-General Bojan Zrni\u0107 izjavio je, na dana\u0161njem nastavku su\u0111enja majoru Vinku \u017dnidar\u0161i\u010du zbog pogibije dva i ranjavanja vi\u0161e kadeta Vojske Srbije na poligonu Pasuljanske livade &hellip; <\/p>\n","protected":false},"author":4,"featured_media":5383,"comment_status":"open","ping_status":"open","sticky":false,"template":"","format":"standard","meta":{"footnotes":""},"categories":[20,2],"tags":[58,1396,636],"_links":{"self":[{"href":"https:\/\/centralmedia.rs\/index.php\/wp-json\/wp\/v2\/posts\/5380"}],"collection":[{"href":"https:\/\/centralmedia.rs\/index.php\/wp-json\/wp\/v2\/posts"}],"about":[{"href":"https:\/\/centralmedia.rs\/index.php\/wp-json\/wp\/v2\/types\/post"}],"author":[{"embeddable":true,"href":"https:\/\/centralmedia.rs\/index.php\/wp-json\/wp\/v2\/users\/4"}],"replies":[{"embeddable":true,"href":"https:\/\/centralmedia.rs\/index.php\/wp-json\/wp\/v2\/comments?post=5380"}],"version-history":[{"count":0,"href":"https:\/\/centralmedia.rs\/index.php\/wp-json\/wp\/v2\/posts\/5380\/revisions"}],"wp:featuredmedia":[{"embeddable":true,"href":"https:\/\/centralmedia.rs\/index.php\/wp-json\/wp\/v2\/media\/5383"}],"wp:attachment":[{"href":"https:\/\/centralmedia.rs\/index.php\/wp-json\/wp\/v2\/media?parent=5380"}],"wp:term":[{"taxonomy":"category","embeddable":true,"href":"https:\/\/centralmedia.rs\/index.php\/wp-json\/wp\/v2\/categories?post=5380"},{"taxonomy":"post_tag","embeddable":true,"href":"https:\/\/centralmedia.rs\/index.php\/wp-json\/wp\/v2\/tags?post=5380"}],"curies":[{"name":"wp","href":"https:\/\/api.w.org\/{rel}","templated":true}]}}