{"id":5388,"date":"2016-11-09T13:25:58","date_gmt":"2016-11-09T13:25:58","guid":{"rendered":"http:\/\/centralmedia.rs\/?p=5388"},"modified":"2016-11-10T13:58:29","modified_gmt":"2016-11-10T13:58:29","slug":"paracinci-organizuju-proslavu-trampove-pobede","status":"publish","type":"post","link":"https:\/\/centralmedia.rs\/index.php\/2016\/11\/09\/paracinci-organizuju-proslavu-trampove-pobede\/","title":{"rendered":"PARA\u0106INCI ORGANIZUJU PROSLAVU TRAMPOVE POBEDE"},"content":{"rendered":"<p>PARA\u0106IN-NVO Alterantivni parlament gra\u0111ana iz Para\u0107ina organizova\u0107e proslavu pobede Donalda Trampa na predsedni\u010dkim izborima u SAD, najavio je predsednik te NVO Milan Ili\u0107. Proslava i banket bi\u0107e organizovani sutra u 13 sati u elitnom ugostiteljskom objektu u tom gradu.<a href=\"https:\/\/centralmedia.rs\/wp-content\/uploads\/2016\/10\/TRAMP-PARACIN-G.J..jpg\"><img loading=\"lazy\" decoding=\"async\" class=\"alignnone size-full wp-image-5172\" src=\"https:\/\/centralmedia.rs\/wp-content\/uploads\/2016\/10\/TRAMP-PARACIN-G.J..jpg\" alt=\"tramp-paracin-g-j\" width=\"900\" height=\"600\" srcset=\"https:\/\/centralmedia.rs\/wp-content\/uploads\/2016\/10\/TRAMP-PARACIN-G.J..jpg 900w, https:\/\/centralmedia.rs\/wp-content\/uploads\/2016\/10\/TRAMP-PARACIN-G.J.-300x200.jpg 300w, https:\/\/centralmedia.rs\/wp-content\/uploads\/2016\/10\/TRAMP-PARACIN-G.J.-768x512.jpg 768w\" sizes=\"(max-width: 900px) 100vw, 900px\" \/><\/a><\/p>\n<p>-Gra\u0111ani Para\u0107ina bili su apsolutno na strani Trampa, o\u010dekivali smo pobedu. On je daleko bolja opcija za Srbiju od kandidatkinje Demokrata. Tramp ne \u017eeli krizna \u017eari\u0161ta u ovom delu Evrope, a gospo\u0111a Klinton je najavljivala da \u0107e poja\u010dati vojno prisustvo prema Rusiji i Ukrajini, odnosno baze u Bugarskoj i Rumuniji. Neformalni dan \u017ealosti u Hrvatskoj , BIH, Kosovu i Crnoj Gori dovoljno govori o prilog na\u0161oj tezi i podr\u0161ci Trpamu,rekao je Ili\u0107.<\/p>\n<p>On o\u010dekuje da \u0107e za Srbiju nastupiti bolje vreme, u kome \u0107e Srbi mo\u0107i SAD da tretiraju kao prijatelja uz ostvarivanje ekonomskih i svih drugih odnosa.<\/p>\n<p>-Zahvaljujem se Srbima u Los An\u0111elosu, \u010cikagu, Njujorku i drugim gradovima, kojima je zaigralo srce posle Trampove pobede. Politika SAD \u0107e se itekako promeniti prema Srbiji iz vi\u0161e razloga, zaklju\u010dio je Ili\u0107.<\/p>\n<p>Ta NVO je postavila baner povr\u0161ine 24 kvadtara u centru grada sa likom Trampa i u znak podr\u0161ke.<\/p>\n","protected":false},"excerpt":{"rendered":"<p>PARA\u0106IN-NVO Alterantivni parlament gra\u0111ana iz Para\u0107ina organizova\u0107e proslavu pobede Donalda Trampa na predsedni\u010dkim izborima u SAD, najavio je predsednik te NVO Milan Ili\u0107. Proslava i &hellip; <\/p>\n","protected":false},"author":4,"featured_media":5171,"comment_status":"open","ping_status":"open","sticky":false,"template":"","format":"standard","meta":{"footnotes":""},"categories":[13,12],"tags":[1397,156,1353],"_links":{"self":[{"href":"https:\/\/centralmedia.rs\/index.php\/wp-json\/wp\/v2\/posts\/5388"}],"collection":[{"href":"https:\/\/centralmedia.rs\/index.php\/wp-json\/wp\/v2\/posts"}],"about":[{"href":"https:\/\/centralmedia.rs\/index.php\/wp-json\/wp\/v2\/types\/post"}],"author":[{"embeddable":true,"href":"https:\/\/centralmedia.rs\/index.php\/wp-json\/wp\/v2\/users\/4"}],"replies":[{"embeddable":true,"href":"https:\/\/centralmedia.rs\/index.php\/wp-json\/wp\/v2\/comments?post=5388"}],"version-history":[{"count":0,"href":"https:\/\/centralmedia.rs\/index.php\/wp-json\/wp\/v2\/posts\/5388\/revisions"}],"wp:featuredmedia":[{"embeddable":true,"href":"https:\/\/centralmedia.rs\/index.php\/wp-json\/wp\/v2\/media\/5171"}],"wp:attachment":[{"href":"https:\/\/centralmedia.rs\/index.php\/wp-json\/wp\/v2\/media?parent=5388"}],"wp:term":[{"taxonomy":"category","embeddable":true,"href":"https:\/\/centralmedia.rs\/index.php\/wp-json\/wp\/v2\/categories?post=5388"},{"taxonomy":"post_tag","embeddable":true,"href":"https:\/\/centralmedia.rs\/index.php\/wp-json\/wp\/v2\/tags?post=5388"}],"curies":[{"name":"wp","href":"https:\/\/api.w.org\/{rel}","templated":true}]}}