{"id":5393,"date":"2016-11-10T10:40:58","date_gmt":"2016-11-10T10:40:58","guid":{"rendered":"http:\/\/centralmedia.rs\/?p=5393"},"modified":"2017-01-19T23:37:45","modified_gmt":"2017-01-19T23:37:45","slug":"deseti-dan-strajka-u-svilajnackoj-ciglani-ukoliko-vucic-ne-pomogne-skacemo-u-moravu","status":"publish","type":"post","link":"https:\/\/centralmedia.rs\/index.php\/2016\/11\/10\/deseti-dan-strajka-u-svilajnackoj-ciglani-ukoliko-vucic-ne-pomogne-skacemo-u-moravu\/","title":{"rendered":"DESETI DAN \u0160TRAJKA U SVILAJNA\u010cKOJ CIGLANI &#8211; UKOLIKO VU\u010cI\u0106 NE POMOGNE SKA\u010cEMO U MORAVU"},"content":{"rendered":"<p>SVILAJNAC-Pozvali smo premijera Aleksandra Vu\u010di\u0107a da pomogne u re\u0161avanju na\u0161eg problema, jer je politika ume\u0161ana u na\u0161 problem, ukoliko nam on ne pomogne, ostaje nam da kolektivno sko\u010dimo sa mosta u Moravu, zapretio je jedan od vo\u0111a radni\u010dkog \u0161trajka u svilajna\u010dkoj Ciglani Sa\u0161a \u017divi\u0107 desetog dana protesta. Zaposleni kraljeva\u010dkog Status integrala, koji je bio u zakupu te ciglane, ve\u0107 pet meseci nisu primili zaradu i ne mogu da do\u0111u do radnih knji\u017eica kako bi re\u0161ili svoj radni status. Ta ciglana je prodata iz ste\u010daja 23. juna za 2 miliona evra, kada je i raskinut ugovor o zakupu. Me\u0111utim, zakupac se nije iselio, ste\u010dajni upravnik nije uveo kupca u imovinu, inspektori za rad ne kontroli\u0161u rad Satus integrala, nadle\u017eni sudovi se ne ogla\u0161avaju. Radnici su upu\u0107ivali pisma ministrima Zorani Mihajlovi\u0107, Aleksandru Vulinu i Neli Kuburovi\u0107.<\/p>\n<div id='gallery-1' class='gallery galleryid-5393 gallery-columns-3 gallery-size-thumbnail'><figure class='gallery-item'>\n\t\t\t<div class='gallery-icon landscape'>\n\t\t\t\t<a href='https:\/\/centralmedia.rs\/index.php\/2016\/11\/10\/deseti-dan-strajka-u-svilajnackoj-ciglani-ukoliko-vucic-ne-pomogne-skacemo-u-moravu\/deseti-dan-2-svilajnac-gj\/'><img loading=\"lazy\" decoding=\"async\" width=\"150\" height=\"150\" src=\"https:\/\/centralmedia.rs\/wp-content\/uploads\/2016\/11\/deseti-dan-2-svilajnac-gj-150x150.jpg\" class=\"attachment-thumbnail size-thumbnail\" alt=\"\" \/><\/a>\n\t\t\t<\/div><\/figure><figure class='gallery-item'>\n\t\t\t<div class='gallery-icon landscape'>\n\t\t\t\t<a href='https:\/\/centralmedia.rs\/index.php\/2016\/11\/10\/deseti-dan-strajka-u-svilajnackoj-ciglani-ukoliko-vucic-ne-pomogne-skacemo-u-moravu\/deseti-dan-svilajnac-gj\/'><img loading=\"lazy\" decoding=\"async\" width=\"150\" height=\"150\" src=\"https:\/\/centralmedia.rs\/wp-content\/uploads\/2016\/11\/deseti-dan-svilajnac-gj-150x150.jpg\" class=\"attachment-thumbnail size-thumbnail\" alt=\"\" \/><\/a>\n\t\t\t<\/div><\/figure><figure class='gallery-item'>\n\t\t\t<div class='gallery-icon landscape'>\n\t\t\t\t<a href='https:\/\/centralmedia.rs\/index.php\/2016\/11\/10\/deseti-dan-strajka-u-svilajnackoj-ciglani-ukoliko-vucic-ne-pomogne-skacemo-u-moravu\/deseti-dan-3-svilajnac-gj\/'><img loading=\"lazy\" decoding=\"async\" width=\"150\" height=\"150\" src=\"https:\/\/centralmedia.rs\/wp-content\/uploads\/2016\/11\/deseti-dan-3-svilajnac-gj-150x150.jpg\" class=\"attachment-thumbnail size-thumbnail\" alt=\"\" \/><\/a>\n\t\t\t<\/div><\/figure>\n\t\t<\/div>\n\n<p>-Ukoliko Vu\u010di\u0107 ne odgovori na na\u0161e zahteve, radikalizova\u0107emo protest blokira\u0107emo dr\u017eavne institucije, centar Svilajnca, most na Moravi, dove\u0161\u0107emo porodice i decu. O\u010dekujemo da neko mora da se oglasi, jer ne mogu svi da \u0107ute. Nemamo vi\u0161e razloga da se vra\u0107amo ku\u0107i, staja\u0107emo po zimi i niko ne mo\u017ee da nas pomeri sa kapije. Na\u0161a i egzsitencija na\u0161ih porodica vi\u0161e ne postoji, isti\u010de \u017divi\u0107.<\/p>\n<p>Ipak, Osnovni sud u Despotovcu je doneo privremenu meru da ,,sudski izvr\u0161itelj ukloni radnike iz prostorija poslodavca\u201d.<\/p>\n<p>-Ta odluka je doneta na osnovu zahtev vlasnika Status integral Predraga Radonjanina, koga inspektori rada ne mogu da prona\u0111u, po na\u0161im prijavama, ve\u0107 tri meseca. Privredni sud u Kraljevu, sa druge strane, ni\u0161ta ne radi na tome da Status integral napusti imovinu koja je prodata 23. juna, kada je raskinut ugovor o zakupu. Status integral vr\u0161i uzurpaciju Ciglane i nema nikakavo pravo da zahteva da radnici iza\u0111u iz preduze\u0107a, jer su i oni tu bespravno, obja\u0161najva \u017divi\u0107.<\/p>\n<p>Preduze\u0107e Status integral je do prodaje ciglane bilo u vlasni\u0161tvu Stefana Miki\u0107a sina ekonomskog savetnika predsednika Srbije Predraga Miki\u0107a. Posle toga, kao vlasnik je registrovan Predrag Radonjanin. Proizvodnja u Ciglani je prestala polovinom jula, oko 70 radnika je pre deset dana u\u0161lo u krug preduze\u0107a i \u00a0postavilo \u0161ator u blizini kapije, smrzavaju se, ali ne \u017eele da se promere.<\/p>\n","protected":false},"excerpt":{"rendered":"<p>SVILAJNAC-Pozvali smo premijera Aleksandra Vu\u010di\u0107a da pomogne u re\u0161avanju na\u0161eg problema, jer je politika ume\u0161ana u na\u0161 problem, ukoliko nam on ne pomogne, ostaje nam &hellip; <\/p>\n","protected":false},"author":4,"featured_media":5394,"comment_status":"open","ping_status":"open","sticky":false,"template":"","format":"standard","meta":{"footnotes":""},"categories":[22,1524,2,887,1517],"tags":[910,1398,211,38,63],"_links":{"self":[{"href":"https:\/\/centralmedia.rs\/index.php\/wp-json\/wp\/v2\/posts\/5393"}],"collection":[{"href":"https:\/\/centralmedia.rs\/index.php\/wp-json\/wp\/v2\/posts"}],"about":[{"href":"https:\/\/centralmedia.rs\/index.php\/wp-json\/wp\/v2\/types\/post"}],"author":[{"embeddable":true,"href":"https:\/\/centralmedia.rs\/index.php\/wp-json\/wp\/v2\/users\/4"}],"replies":[{"embeddable":true,"href":"https:\/\/centralmedia.rs\/index.php\/wp-json\/wp\/v2\/comments?post=5393"}],"version-history":[{"count":0,"href":"https:\/\/centralmedia.rs\/index.php\/wp-json\/wp\/v2\/posts\/5393\/revisions"}],"wp:featuredmedia":[{"embeddable":true,"href":"https:\/\/centralmedia.rs\/index.php\/wp-json\/wp\/v2\/media\/5394"}],"wp:attachment":[{"href":"https:\/\/centralmedia.rs\/index.php\/wp-json\/wp\/v2\/media?parent=5393"}],"wp:term":[{"taxonomy":"category","embeddable":true,"href":"https:\/\/centralmedia.rs\/index.php\/wp-json\/wp\/v2\/categories?post=5393"},{"taxonomy":"post_tag","embeddable":true,"href":"https:\/\/centralmedia.rs\/index.php\/wp-json\/wp\/v2\/tags?post=5393"}],"curies":[{"name":"wp","href":"https:\/\/api.w.org\/{rel}","templated":true}]}}