{"id":5465,"date":"2016-11-16T14:37:30","date_gmt":"2016-11-16T14:37:30","guid":{"rendered":"http:\/\/centralmedia.rs\/?p=5465"},"modified":"2016-12-14T23:52:24","modified_gmt":"2016-12-14T23:52:24","slug":"pobratimili-se-cuprija-su-jang-u-kini","status":"publish","type":"post","link":"https:\/\/centralmedia.rs\/index.php\/2016\/11\/16\/pobratimili-se-cuprija-su-jang-u-kini\/","title":{"rendered":"POBRATIMILI SE \u0106UPRIJA I \u0160U JANG U KINI"},"content":{"rendered":"<p>\u0106UPRIJA-Prilikom nedavne posete Kini predsednik Op\u0161tine \u0106uprija Ninoslav Eri\u0107 je \u00a0sa gradona\u010delnikom kineskog grada \u0160u Jang Bjen \u0110an \u0110unom potpisao je memorandum \u00a0o bratimljenju dva grada. Razlog posete je uspostavljanje bilateralnih odnosa, pro\u0161irenje privredne saradnje i bratimljenje dva grada. \u0160u Jang je dvomilionski grad, koji je na 28. mestu po privrednom razvoju u toj dr\u017eavi. Primer dobre saradnje dva grada je kompanija Eurofiber koja \u0107e pokrenuti 17. novembra proizvodnju u \u0106upriju. Privrednici iz Kine su zainteresovani za formiranje privrednog parka u \u0106upriji, jer jo\u0161 jedna kompanija \u017eeli da zapo\u010dne proizvodnju u Srbiji. Otvaranju pogona Eurofibera u \u0106upriji prisustvova\u0107e \u00a0predsednik Vlade Srbije Aleksandar Vu\u010di\u0107 i kineski ambasador Li Man\u010dang. Tom \u010dinu prisustvova\u0107e i 30 privrednika iz Kine. Re\u010d je pogonu za proizvodnju vlakana, po\u010detna investicija je vredna milion evra i zaposli\u0107e tridesetak radnika, a Kinezi planiraju izgradnju pogona od 20.000 kvadarata u \u0107uprijskoj industrijskoj zoni i upo\u0161ljavanje vi\u0161e stotina radnika.<\/p>\n<p>Razglednica iz \u0106uprije\u2013 Ovaj projekat se realizuje uz pomo\u0107 sredstava iz bud\u017eeta Op\u0161tine \u0106uprija<a href=\"https:\/\/centralmedia.rs\/wp-content\/uploads\/2016\/12\/baner-za-projekte-final-jpg.jpg\"><img loading=\"lazy\" decoding=\"async\" class=\"size-full wp-image-5631 aligncenter\" src=\"https:\/\/centralmedia.rs\/wp-content\/uploads\/2016\/12\/baner-za-projekte-final-jpg.jpg\" alt=\"\" width=\"500\" height=\"150\" srcset=\"https:\/\/centralmedia.rs\/wp-content\/uploads\/2016\/12\/baner-za-projekte-final-jpg.jpg 500w, https:\/\/centralmedia.rs\/wp-content\/uploads\/2016\/12\/baner-za-projekte-final-jpg-300x90.jpg 300w\" sizes=\"(max-width: 500px) 100vw, 500px\" \/><\/a><\/p>\n","protected":false},"excerpt":{"rendered":"<p>\u0106UPRIJA-Prilikom nedavne posete Kini predsednik Op\u0161tine \u0106uprija Ninoslav Eri\u0107 je \u00a0sa gradona\u010delnikom kineskog grada \u0160u Jang Bjen \u0110an \u0110unom potpisao je memorandum \u00a0o bratimljenju dva &hellip; <\/p>\n","protected":false},"author":4,"featured_media":5466,"comment_status":"open","ping_status":"open","sticky":false,"template":"","format":"standard","meta":{"footnotes":""},"categories":[22,1515,1524,2,887],"tags":[44,1208,375,1414,63],"_links":{"self":[{"href":"https:\/\/centralmedia.rs\/index.php\/wp-json\/wp\/v2\/posts\/5465"}],"collection":[{"href":"https:\/\/centralmedia.rs\/index.php\/wp-json\/wp\/v2\/posts"}],"about":[{"href":"https:\/\/centralmedia.rs\/index.php\/wp-json\/wp\/v2\/types\/post"}],"author":[{"embeddable":true,"href":"https:\/\/centralmedia.rs\/index.php\/wp-json\/wp\/v2\/users\/4"}],"replies":[{"embeddable":true,"href":"https:\/\/centralmedia.rs\/index.php\/wp-json\/wp\/v2\/comments?post=5465"}],"version-history":[{"count":0,"href":"https:\/\/centralmedia.rs\/index.php\/wp-json\/wp\/v2\/posts\/5465\/revisions"}],"wp:featuredmedia":[{"embeddable":true,"href":"https:\/\/centralmedia.rs\/index.php\/wp-json\/wp\/v2\/media\/5466"}],"wp:attachment":[{"href":"https:\/\/centralmedia.rs\/index.php\/wp-json\/wp\/v2\/media?parent=5465"}],"wp:term":[{"taxonomy":"category","embeddable":true,"href":"https:\/\/centralmedia.rs\/index.php\/wp-json\/wp\/v2\/categories?post=5465"},{"taxonomy":"post_tag","embeddable":true,"href":"https:\/\/centralmedia.rs\/index.php\/wp-json\/wp\/v2\/tags?post=5465"}],"curies":[{"name":"wp","href":"https:\/\/api.w.org\/{rel}","templated":true}]}}