{"id":5473,"date":"2016-11-17T15:26:38","date_gmt":"2016-11-17T15:26:38","guid":{"rendered":"http:\/\/centralmedia.rs\/?p=5473"},"modified":"2016-12-14T23:47:26","modified_gmt":"2016-12-14T23:47:26","slug":"vucic-otvorio-kineskaufabriku-u-cupriji-kina-strateski-politicki-privredni-partner-srbije","status":"publish","type":"post","link":"https:\/\/centralmedia.rs\/index.php\/2016\/11\/17\/vucic-otvorio-kineskaufabriku-u-cupriji-kina-strateski-politicki-privredni-partner-srbije\/","title":{"rendered":"VU\u010cI\u0106 OTVORIO KINESKU FABRIKU U \u0106UPRIJI &#8211; KINA STRATE\u0160KI POLITI\u010cKI I PRIVREDNI PARTNER SRBIJE"},"content":{"rendered":"<p>\u0106UPRIJA- Srbija je spoljnu politiku i spoljnoekonomske odnose vezala u zna\u010dajnoj meri za Kinu, ocenio je danas na otvaranju pogona kineske kompanije Eurofiber u \u0106upriji premijer Aleksandar Vu\u010di\u0107. Re\u010d je o investiciji koja je vredna milion evra, ali plan Kineza je da se ulo\u017ei jo\u0161 13 miliona evra i zaposli\u00a0 jo\u0161 200 radnika.<\/p>\n<div id='gallery-1' class='gallery galleryid-5473 gallery-columns-3 gallery-size-full'><figure class='gallery-item'>\n\t\t\t<div class='gallery-icon landscape'>\n\t\t\t\t<a href='https:\/\/centralmedia.rs\/index.php\/2016\/11\/17\/vucic-otvorio-kineskaufabriku-u-cupriji-kina-strateski-politicki-privredni-partner-srbije\/vucic-7-cuprija-g-j\/'><img loading=\"lazy\" decoding=\"async\" width=\"900\" height=\"675\" src=\"https:\/\/centralmedia.rs\/wp-content\/uploads\/2016\/11\/vucic-7-cuprija-g.j..jpg\" class=\"attachment-full size-full\" alt=\"\" srcset=\"https:\/\/centralmedia.rs\/wp-content\/uploads\/2016\/11\/vucic-7-cuprija-g.j..jpg 900w, https:\/\/centralmedia.rs\/wp-content\/uploads\/2016\/11\/vucic-7-cuprija-g.j.-300x225.jpg 300w, https:\/\/centralmedia.rs\/wp-content\/uploads\/2016\/11\/vucic-7-cuprija-g.j.-768x576.jpg 768w, https:\/\/centralmedia.rs\/wp-content\/uploads\/2016\/11\/vucic-7-cuprija-g.j.-80x60.jpg 80w, https:\/\/centralmedia.rs\/wp-content\/uploads\/2016\/11\/vucic-7-cuprija-g.j.-265x198.jpg 265w\" sizes=\"(max-width: 900px) 100vw, 900px\" \/><\/a>\n\t\t\t<\/div><\/figure><figure class='gallery-item'>\n\t\t\t<div class='gallery-icon landscape'>\n\t\t\t\t<a href='https:\/\/centralmedia.rs\/index.php\/2016\/11\/17\/vucic-otvorio-kineskaufabriku-u-cupriji-kina-strateski-politicki-privredni-partner-srbije\/vucic-8-cuprija-g-j-2\/'><img loading=\"lazy\" decoding=\"async\" width=\"900\" height=\"675\" src=\"https:\/\/centralmedia.rs\/wp-content\/uploads\/2016\/11\/vucic-8-cuprija-g.j..jpg\" class=\"attachment-full size-full\" alt=\"\" srcset=\"https:\/\/centralmedia.rs\/wp-content\/uploads\/2016\/11\/vucic-8-cuprija-g.j..jpg 900w, https:\/\/centralmedia.rs\/wp-content\/uploads\/2016\/11\/vucic-8-cuprija-g.j.-300x225.jpg 300w, https:\/\/centralmedia.rs\/wp-content\/uploads\/2016\/11\/vucic-8-cuprija-g.j.-768x576.jpg 768w, https:\/\/centralmedia.rs\/wp-content\/uploads\/2016\/11\/vucic-8-cuprija-g.j.-80x60.jpg 80w, https:\/\/centralmedia.rs\/wp-content\/uploads\/2016\/11\/vucic-8-cuprija-g.j.-265x198.jpg 265w\" sizes=\"(max-width: 900px) 100vw, 900px\" \/><\/a>\n\t\t\t<\/div><\/figure><figure class='gallery-item'>\n\t\t\t<div class='gallery-icon landscape'>\n\t\t\t\t<a href='https:\/\/centralmedia.rs\/index.php\/2016\/11\/17\/vucic-otvorio-kineskaufabriku-u-cupriji-kina-strateski-politicki-privredni-partner-srbije\/vucic-5-cuprija-g-j-2\/'><img loading=\"lazy\" decoding=\"async\" width=\"900\" height=\"675\" src=\"https:\/\/centralmedia.rs\/wp-content\/uploads\/2016\/11\/vucic-5-cuprija-g.j..jpg\" class=\"attachment-full size-full\" alt=\"\" srcset=\"https:\/\/centralmedia.rs\/wp-content\/uploads\/2016\/11\/vucic-5-cuprija-g.j..jpg 900w, https:\/\/centralmedia.rs\/wp-content\/uploads\/2016\/11\/vucic-5-cuprija-g.j.-300x225.jpg 300w, https:\/\/centralmedia.rs\/wp-content\/uploads\/2016\/11\/vucic-5-cuprija-g.j.-768x576.jpg 768w, https:\/\/centralmedia.rs\/wp-content\/uploads\/2016\/11\/vucic-5-cuprija-g.j.-80x60.jpg 80w, https:\/\/centralmedia.rs\/wp-content\/uploads\/2016\/11\/vucic-5-cuprija-g.j.-265x198.jpg 265w\" sizes=\"(max-width: 900px) 100vw, 900px\" \/><\/a>\n\t\t\t<\/div><\/figure>\n\t\t<\/div>\n\n<p>-Pitali su me za\u0161to idem na otvaranje 70 radnih mesta, a bi\u0107e ih jo\u0161 200. Mo\u017eda je mogao neko drugi, a ne premijer. Rekao sam da je 70 radnih mesta je egzsitencija za 70 porodica. Jo\u0161 200 radnih mesta ne zna\u010di mnogo mo\u017eda nekom od nas iz centra \u00a0Beograda, Novog Sada ili drugog grada u na\u0161oj zemlji. Ali, za tih 70 ili 270 porodica zna\u010di sve na svetu. Za nas je svako radno mesto i svaka obezbe\u0111ena porodica svetinja. Na\u0161i prijatelji iz Kine su mnogo uradili,rekao je Vu\u010di\u0107.<\/p>\n<p>On je podsetio da je trud ambasadora Li Man\u010dang je ogroman, kao i energija, jer je on je svaki dan u Vladi Srbije<\/p>\n<p>-Bez njega ni\u0161ta ne bi mogli da uradimo. Siguran sam da \u0106upriju \u010dekaju bolji dani. Vlada Srbije spremna je da pomogne izgradnju hale Eurofiber od 20.000 kvadrata i subvencionisanje zapo\u0161ljavanja jo\u0161 200 radnika. O\u010dekujemo dolazak jo\u0161 kompanija iz Kine, najavio je Vu\u010de\u0107.<\/p>\n<p>Ambasador Li Man\u010dag je istakao da je danas praznik, jer ,,moj zemljak iz \u0160angaja je napravio prvi korak i smatram da ne\u0107e da se pokaje, ima\u0107e veliki uspeh u \u0106upriji i Srbiji\u201c<\/p>\n<p>-O\u010dekujem da vi\u0161e kineskih privrednika do\u0111e u Srbiju.\u00a0 Kineska kompanija ima nameru da napravi farmu za 20.000 grla stoke, a meso \u0107e izvoziti za Kinu. Ovih dana traju intenzivni razgovori sa kompanijom za uvoz suncokretovog ulja iz Srbije. Poznati kineski pisci ovih dana zapo\u010de\u0107e pisanje o lepotama Srbije i to \u0107e biti lepa propaganda za Srbiju, rekao je Li Man\u010dag.<\/p>\n<p>Predsednik Op\u0161tine \u0106uprija Ninoslav Eri\u0107 naveo je da \u0107e Eurofiber zaposliti 70 radnika i da je ta op\u0161tina subvencionisala taj projekat sa 27 miliona dinara.<\/p>\n<p>-U slede\u0107oj fazi, za tri godine, krenu\u0107e realizacija projekta za upo\u0161ljavanje jo\u0161 200 radnika. Gradi\u0107e se hala povr\u0161ine 20.000 kvadarata, a ukupna investicija je 13 miliona evra. Dr\u017eava \u0107e podr\u017eati ovaj projekat. \u017delimo da vratimo \u0106upriji epitet privrednog centra i uposlimo 28.000 nezaposlenih u Pomoravlju. Kroz naprednu \u0106upriju napravi\u0107emo napredni Pomoravski okrug, istakao je Eri\u0107<\/p>\n<p>Otvaranju fabrike prisustvovalo je 30 privrednika iz \u0160angaja i predsednika Privredne komore tog grada.<a href=\"https:\/\/centralmedia.rs\/wp-content\/uploads\/2016\/11\/vucic-6-cuprija-g.j..jpg\"><img loading=\"lazy\" decoding=\"async\" class=\"alignnone size-full wp-image-5478\" src=\"https:\/\/centralmedia.rs\/wp-content\/uploads\/2016\/11\/vucic-6-cuprija-g.j..jpg\" alt=\"vucic-6-cuprija-g-j\" width=\"900\" height=\"675\" srcset=\"https:\/\/centralmedia.rs\/wp-content\/uploads\/2016\/11\/vucic-6-cuprija-g.j..jpg 900w, https:\/\/centralmedia.rs\/wp-content\/uploads\/2016\/11\/vucic-6-cuprija-g.j.-300x225.jpg 300w, https:\/\/centralmedia.rs\/wp-content\/uploads\/2016\/11\/vucic-6-cuprija-g.j.-768x576.jpg 768w, https:\/\/centralmedia.rs\/wp-content\/uploads\/2016\/11\/vucic-6-cuprija-g.j.-80x60.jpg 80w, https:\/\/centralmedia.rs\/wp-content\/uploads\/2016\/11\/vucic-6-cuprija-g.j.-265x198.jpg 265w\" sizes=\"(max-width: 900px) 100vw, 900px\" \/><\/a><\/p>\n<p>LEPA DAMA IZ KINE U VU\u010cI\u0106EVOM ZAGRLJAJU<\/p>\n<p>\u0106UPRIJA-Lepa dama ima pitanje za premijera Vu\u010di\u0107a, jer ima nameru da u \u0106upriji izgradi centar za izvoz robe u Evropu, rekao je ambasador Kine Li Man\u010dag u \u0106upriji u svok govoru na otovaranju fabirke Eurofiber. Ona se zatim popela na binu i zagrlila Vu\u010di\u0107a, a on je uzvratio da je znao da je to Centar za promet robe. Nepoznata kineska lepotica ostala je na bini do kraja govora.<\/p>\n<p>Razglednica iz \u0106uprije\u2013 Ovaj projekat se realizuje uz pomo\u0107 sredstava iz bud\u017eeta Op\u0161tine \u0106uprija<a href=\"https:\/\/centralmedia.rs\/wp-content\/uploads\/2016\/12\/baner-za-projekte-final-jpg.jpg\"><img loading=\"lazy\" decoding=\"async\" class=\"size-full wp-image-5631 aligncenter\" src=\"https:\/\/centralmedia.rs\/wp-content\/uploads\/2016\/12\/baner-za-projekte-final-jpg.jpg\" alt=\"\" width=\"500\" height=\"150\" srcset=\"https:\/\/centralmedia.rs\/wp-content\/uploads\/2016\/12\/baner-za-projekte-final-jpg.jpg 500w, https:\/\/centralmedia.rs\/wp-content\/uploads\/2016\/12\/baner-za-projekte-final-jpg-300x90.jpg 300w\" sizes=\"(max-width: 500px) 100vw, 500px\" \/><\/a><\/p>\n","protected":false},"excerpt":{"rendered":"<p>\u0106UPRIJA- Srbija je spoljnu politiku i spoljnoekonomske odnose vezala u zna\u010dajnoj meri za Kinu, ocenio je danas na otvaranju pogona kineske kompanije Eurofiber u \u0106upriji &hellip; <\/p>\n","protected":false},"author":4,"featured_media":5474,"comment_status":"open","ping_status":"open","sticky":false,"template":"","format":"standard","meta":{"footnotes":""},"categories":[1515,1524,2,13,887,12],"tags":[44,193,1208,63],"_links":{"self":[{"href":"https:\/\/centralmedia.rs\/index.php\/wp-json\/wp\/v2\/posts\/5473"}],"collection":[{"href":"https:\/\/centralmedia.rs\/index.php\/wp-json\/wp\/v2\/posts"}],"about":[{"href":"https:\/\/centralmedia.rs\/index.php\/wp-json\/wp\/v2\/types\/post"}],"author":[{"embeddable":true,"href":"https:\/\/centralmedia.rs\/index.php\/wp-json\/wp\/v2\/users\/4"}],"replies":[{"embeddable":true,"href":"https:\/\/centralmedia.rs\/index.php\/wp-json\/wp\/v2\/comments?post=5473"}],"version-history":[{"count":0,"href":"https:\/\/centralmedia.rs\/index.php\/wp-json\/wp\/v2\/posts\/5473\/revisions"}],"wp:featuredmedia":[{"embeddable":true,"href":"https:\/\/centralmedia.rs\/index.php\/wp-json\/wp\/v2\/media\/5474"}],"wp:attachment":[{"href":"https:\/\/centralmedia.rs\/index.php\/wp-json\/wp\/v2\/media?parent=5473"}],"wp:term":[{"taxonomy":"category","embeddable":true,"href":"https:\/\/centralmedia.rs\/index.php\/wp-json\/wp\/v2\/categories?post=5473"},{"taxonomy":"post_tag","embeddable":true,"href":"https:\/\/centralmedia.rs\/index.php\/wp-json\/wp\/v2\/tags?post=5473"}],"curies":[{"name":"wp","href":"https:\/\/api.w.org\/{rel}","templated":true}]}}