{"id":5481,"date":"2016-11-18T11:45:07","date_gmt":"2016-11-18T11:45:07","guid":{"rendered":"http:\/\/centralmedia.rs\/?p=5481"},"modified":"2016-11-18T14:22:38","modified_gmt":"2016-11-18T14:22:38","slug":"armagedon-u-cupriji-iskoriscavao-maloletna-lica-preko-fejsbuka","status":"publish","type":"post","link":"https:\/\/centralmedia.rs\/index.php\/2016\/11\/18\/armagedon-u-cupriji-iskoriscavao-maloletna-lica-preko-fejsbuka\/","title":{"rendered":"ARMAGEDON U \u0106UPRIJI &#8211; ISKORI\u0160\u0106AVAO MALOLETNA LICA PREKO FEJSBUKA"},"content":{"rendered":"<p>JAGODINA-Pripadnici policije, u nastavku akcije ARMAGEDON, u saradnji sa Posebnim tu\u017eila\u0161tvom za borbu protiv visokotehnolo\u0161kog kriminala,\u00a0 uhapsili su Stevana Radovanovi\u0107a. (40)\u00a0 iz \u0106uprije, zbog osnova sumnje da je\u00a0 izvr\u0161io krivi\u010dno delo iskori\u0161\u0107avanje ra\u010dunarske mre\u017ee ili komunikacije drugim tehni\u010dkim sredstvima za izvr\u0161enje krivi\u010dnih dela protiv polne slobode prema maloletnom licu, saop\u0161teno je iz MUP Srbija.\u0106upri\u010dani ka\u017eu da je re\u010d o \u010doveku koji je o\u017eenjen i ima decu.<\/p>\n<p>-Steva je ranije je \u00a0bio problemati\u010dan. Sada je \u017eiveo povu\u010deno, odavno ga nema u javnosti. Vozio je taksi, a sada kamion, pri\u010daju \u0106upri\u010dani.<\/p>\n<p>Dosada\u0161njim radom policije identifikovana jedna \u017ertva sa kojom je osumnji\u010deni stupio u kontakt. Policija poziva gra\u0111ane, ukoliko raspola\u017eu saznanjima da je njihovo dete stupilo u kontakt sa osumnji\u010denim putem la\u017enih profila na dru\u0161tvenoj mre\u017ei \u2019\u2019Fejsbuk\u2019\u2019 pod nazivima \u2019\u2019Ivan Petrovi\u0107\u2019\u2019 i \u201eIgor Risti\u0107\u201c, da kontaktiraju policijske slu\u017ebenike Ministarstva unutra\u0161njih poslova na telefon 011 27 43 927.<a href=\"https:\/\/centralmedia.rs\/wp-content\/uploads\/2016\/11\/armagedon-ivan-petrovic-mup-1.jpg\"><img loading=\"lazy\" decoding=\"async\" class=\"alignnone size-full wp-image-5483\" src=\"https:\/\/centralmedia.rs\/wp-content\/uploads\/2016\/11\/armagedon-ivan-petrovic-mup-1.jpg\" alt=\"armagedon-ivan-petrovic-mup-1\" width=\"1429\" height=\"1028\" srcset=\"https:\/\/centralmedia.rs\/wp-content\/uploads\/2016\/11\/armagedon-ivan-petrovic-mup-1.jpg 1429w, https:\/\/centralmedia.rs\/wp-content\/uploads\/2016\/11\/armagedon-ivan-petrovic-mup-1-300x216.jpg 300w, https:\/\/centralmedia.rs\/wp-content\/uploads\/2016\/11\/armagedon-ivan-petrovic-mup-1-768x552.jpg 768w, https:\/\/centralmedia.rs\/wp-content\/uploads\/2016\/11\/armagedon-ivan-petrovic-mup-1-1024x737.jpg 1024w\" sizes=\"(max-width: 1429px) 100vw, 1429px\" \/><\/a><\/p>\n<p>-Osumnji\u010deni je na dru\u0161tvenoj mre\u017ei \u201eFejsbuk\u201c kreirao profil pod la\u017enim imenom \u2019\u2019Ivan Petrovi\u0107\u2019\u2019 i la\u017enom profilnom fotografijom, predstavljaju\u0107i se kao dete starosti 13 godina stupao u kontakt sa maloletnim osobama. U tim kontaktima pisao im je da ima starijeg druga koji ga vodi u lov i ribolov i koji mu ispunjava sve \u017eelje, ali da za uzvrat vr\u0161i sa njim nedozvoljene polne radnje. Zatim bi nagovarao decu da upoznaju njegovog druga i da zajedno idu u lov i ribolov, ali da i oni moraju u\u010destvovati u seksualnim radnjama. Kada bi stekao poverenje deteta putem la\u017enog profila \u2019\u2019Ivan Petrovi\u0107\u2019\u2019, osumnji\u010deni S.R. bi zatim slao deci zahtev za prijateljstvo sa svog pravog profila\u00a0 i predstavljao se kao \u2019\u2019Ivanov\u2019\u2019 stariji drug. Na tom profilu osumnji\u010deni je imao svoju pravu profilnu fotografiju. Zatim bi decu pitao da li su za dru\u017eenje i da li im je \u2019\u2019Ivan\u201c objasnio \u0161ta jo\u0161 sem pecanja treba da rade. Potom bi u porukama govorio da je \u2019\u2019Ivan\u2019\u2019 malo dosadan i da \u0107e nekada i\u0107i i sami bez njega na pecanje. Predlagao je da dete do\u0111e u \u0106upriju, a\u00a0 potom idu u njegovu vikendicu, a da \u0107e ga kasnije odvesti ku\u0107i,stoji u saop\u0161tenju policije.<\/p>\n<p>-Osumnji\u010deni je sa oba profila tra\u017eio da dete slika svoj polni organ i po\u0161alje mu fotografiju. Kompanija \u201eFejsbuk\u201c je suspendovala profil \u201eIvan Petrovi\u0107\u201c koji je kreiran i stvarni profil osumnji\u010denog S.R. nakon \u010dega je\u00a0 osumnji\u010deni otvorio novi la\u017eni profil pod nazivom \u2019\u2019Igor Risti\u0107\u201c. Sa tog profila kontaktirao je decu sa kojima je ve\u0107 bio u kontaktu sa svog stvarnog i la\u017enog profila \u2019\u2019Igor Petrovi\u0107\u201c, pod izgovorom da mu je virus ugasio profile i da je to on i \u00a0da \u017eeli da nastavi dopisivanje. Na novom la\u017enom profilu \u2019\u2019Igor Risti\u0107\u201c ima oko 59 prijatelja i ve\u0107i broj su deca, ka\u017ee se u saop\u0161tenju policije.<\/p>\n<p>&nbsp;<\/p>\n<p>&nbsp;<\/p>\n","protected":false},"excerpt":{"rendered":"<p>JAGODINA-Pripadnici policije, u nastavku akcije ARMAGEDON, u saradnji sa Posebnim tu\u017eila\u0161tvom za borbu protiv visokotehnolo\u0161kog kriminala,\u00a0 uhapsili su Stevana Radovanovi\u0107a. (40)\u00a0 iz \u0106uprije, zbog osnova &hellip; <\/p>\n","protected":false},"author":4,"featured_media":5482,"comment_status":"open","ping_status":"open","sticky":false,"template":"","format":"standard","meta":{"footnotes":""},"categories":[20,2],"tags":[1417,44,1418,258],"_links":{"self":[{"href":"https:\/\/centralmedia.rs\/index.php\/wp-json\/wp\/v2\/posts\/5481"}],"collection":[{"href":"https:\/\/centralmedia.rs\/index.php\/wp-json\/wp\/v2\/posts"}],"about":[{"href":"https:\/\/centralmedia.rs\/index.php\/wp-json\/wp\/v2\/types\/post"}],"author":[{"embeddable":true,"href":"https:\/\/centralmedia.rs\/index.php\/wp-json\/wp\/v2\/users\/4"}],"replies":[{"embeddable":true,"href":"https:\/\/centralmedia.rs\/index.php\/wp-json\/wp\/v2\/comments?post=5481"}],"version-history":[{"count":0,"href":"https:\/\/centralmedia.rs\/index.php\/wp-json\/wp\/v2\/posts\/5481\/revisions"}],"wp:featuredmedia":[{"embeddable":true,"href":"https:\/\/centralmedia.rs\/index.php\/wp-json\/wp\/v2\/media\/5482"}],"wp:attachment":[{"href":"https:\/\/centralmedia.rs\/index.php\/wp-json\/wp\/v2\/media?parent=5481"}],"wp:term":[{"taxonomy":"category","embeddable":true,"href":"https:\/\/centralmedia.rs\/index.php\/wp-json\/wp\/v2\/categories?post=5481"},{"taxonomy":"post_tag","embeddable":true,"href":"https:\/\/centralmedia.rs\/index.php\/wp-json\/wp\/v2\/tags?post=5481"}],"curies":[{"name":"wp","href":"https:\/\/api.w.org\/{rel}","templated":true}]}}