{"id":5505,"date":"2016-11-21T14:15:46","date_gmt":"2016-11-21T14:15:46","guid":{"rendered":"http:\/\/centralmedia.rs\/?p=5505"},"modified":"2016-12-14T23:45:05","modified_gmt":"2016-12-14T23:45:05","slug":"promocija-knjige-izlozba-fotografija","status":"publish","type":"post","link":"https:\/\/centralmedia.rs\/index.php\/2016\/11\/21\/promocija-knjige-izlozba-fotografija\/","title":{"rendered":"PROMOCIJA KNJIGE I IZLO\u017dBA FOTOGRAFIJA"},"content":{"rendered":"<p>SVILAJNAC-U Centru za kulturu u Svilajncu \u00a0promovisana je knjiga &#8220;\u0160kola u\u010denika u privredi sa istorijom zanatstva i trgovine&#8221;, autora Ljubi\u0161e \u0106ire Obrenovi\u0107a. O knjizi su na promociji govorili autor, urednik knjige Olivera Mijailovi\u0107, recezent knjige Du\u0161ko Grbovi\u0107, kao i profesor \u0161kole u\u010denika u privredi \u017darko Ljubisavljevi\u0107. Promociju je pratila i izlo\u017eba &#8220;Zanatlije i trgovci u Svilajncu u XX veku: \u0161kolovanje i rad&#8221; koju je pripremila Olivera Mijailovi\u0107. Mnogobrojna publika, kao i nekada\u0161nji u\u010denici ove zna\u010dajne \u0161kole u Svilajncu, pohvalili su knjigu i izlo\u017ebu.<\/p>\n<p>Razglednica iz Svilajnca\u2013 Ovaj projekat se realizuje uz pomo\u0107 sredstava iz bud\u017eeta Op\u0161tine Svilajnac<a href=\"https:\/\/centralmedia.rs\/wp-content\/uploads\/2016\/12\/baner-za-projekte-final-jpg.jpg\"><img loading=\"lazy\" decoding=\"async\" class=\"size-full wp-image-5631 aligncenter\" src=\"https:\/\/centralmedia.rs\/wp-content\/uploads\/2016\/12\/baner-za-projekte-final-jpg.jpg\" alt=\"\" width=\"500\" height=\"150\" srcset=\"https:\/\/centralmedia.rs\/wp-content\/uploads\/2016\/12\/baner-za-projekte-final-jpg.jpg 500w, https:\/\/centralmedia.rs\/wp-content\/uploads\/2016\/12\/baner-za-projekte-final-jpg-300x90.jpg 300w\" sizes=\"(max-width: 500px) 100vw, 500px\" \/><\/a><\/p>\n","protected":false},"excerpt":{"rendered":"<p>SVILAJNAC-U Centru za kulturu u Svilajncu \u00a0promovisana je knjiga &#8220;\u0160kola u\u010denika u privredi sa istorijom zanatstva i trgovine&#8221;, autora Ljubi\u0161e \u0106ire Obrenovi\u0107a. O knjizi su &hellip; <\/p>\n","protected":false},"author":4,"featured_media":5506,"comment_status":"open","ping_status":"open","sticky":false,"template":"","format":"standard","meta":{"footnotes":""},"categories":[1524,887,1517],"tags":[1424,38],"_links":{"self":[{"href":"https:\/\/centralmedia.rs\/index.php\/wp-json\/wp\/v2\/posts\/5505"}],"collection":[{"href":"https:\/\/centralmedia.rs\/index.php\/wp-json\/wp\/v2\/posts"}],"about":[{"href":"https:\/\/centralmedia.rs\/index.php\/wp-json\/wp\/v2\/types\/post"}],"author":[{"embeddable":true,"href":"https:\/\/centralmedia.rs\/index.php\/wp-json\/wp\/v2\/users\/4"}],"replies":[{"embeddable":true,"href":"https:\/\/centralmedia.rs\/index.php\/wp-json\/wp\/v2\/comments?post=5505"}],"version-history":[{"count":0,"href":"https:\/\/centralmedia.rs\/index.php\/wp-json\/wp\/v2\/posts\/5505\/revisions"}],"wp:featuredmedia":[{"embeddable":true,"href":"https:\/\/centralmedia.rs\/index.php\/wp-json\/wp\/v2\/media\/5506"}],"wp:attachment":[{"href":"https:\/\/centralmedia.rs\/index.php\/wp-json\/wp\/v2\/media?parent=5505"}],"wp:term":[{"taxonomy":"category","embeddable":true,"href":"https:\/\/centralmedia.rs\/index.php\/wp-json\/wp\/v2\/categories?post=5505"},{"taxonomy":"post_tag","embeddable":true,"href":"https:\/\/centralmedia.rs\/index.php\/wp-json\/wp\/v2\/tags?post=5505"}],"curies":[{"name":"wp","href":"https:\/\/api.w.org\/{rel}","templated":true}]}}