{"id":5515,"date":"2016-11-22T13:44:43","date_gmt":"2016-11-22T13:44:43","guid":{"rendered":"http:\/\/centralmedia.rs\/?p=5515"},"modified":"2016-11-22T13:44:43","modified_gmt":"2016-11-22T13:44:43","slug":"nezakonita-smena-direktora-kostace-skolu-milion-dinara","status":"publish","type":"post","link":"https:\/\/centralmedia.rs\/index.php\/2016\/11\/22\/nezakonita-smena-direktora-kostace-skolu-milion-dinara\/","title":{"rendered":"NEZAKONITA SMENA DIREKTORA KO\u0160TA\u0106E \u0160KOLU MILION DINARA"},"content":{"rendered":"<p>\u0106UPRIJA-Osnovni sud u Para\u0107inu i Apelacioni sud u Kragujevcu doneli su pravosna\u017enu odluku da je smena direktorke Visoke medicinski \u0161kole u \u0106upriji Tatjane Simovi\u0107 bila nezakonita. Prema preliminarnim ra\u010dunicama ta \u0161kola mora\u0107e da plati oko million dinara zbog razlike u zaradi i kamate, kao i sudske tro\u0161kove. Direktorku je 29. juna pro\u0161le godine smenio Savet \u0161kole.<\/p>\n<p>-Sud treba da odlu\u010di o mom povratku na mesto direktora, jer moj mandat traje do aprila 2017. godine. Zatim preostaje da putem parnice zatra\u017eim da \u0161kola nadoknadi u\u010dinjenu materijalnu i nematerijalnu \u0161tetu. Najvi\u0161e me je pogodila bahatost, samovolja i la\u017ei koje su izre\u010dene protiv mene i mojih saradnika. Ose\u0107ala sam ljudsku potrebu da odbranim dostojanstvo. Ako nezakonite odluke postanu manir, onda \u0107e direktore mo\u0107i da smenjuju na 15 dana, kazala je Tatjana Simovi\u0107.<\/p>\n<p>Prema utvr\u0111enom \u010dinjeni\u010dnom stanju postupak dono\u0161enje re\u0161enja sproveden u skladu sa zakonom, ali re\u0161enje je \u00a0nezakonito jer ,,nisu jasno navedeni\u00a0 razlozi zbog kojih je direktorka razre\u0161ena\u201d, navodi se u presudi i dodaje ,,da nije utvr\u0111eno u \u010demu se sastojala \u00a0odgovornost direktorke za lo\u0161e finansijsko poslovanje i lo\u0161e me\u0111uljudske odnose, nije navedeno ni koje je odluke samovoljno donela\u201d. \u00a0Direktor te \u0161kole Dragoslav Ili\u0107 rekao da je nema komentar na sudsku presudu i potvrdio da je pro\u0161le godine izabran jednoglasno na konkursu na mandat od tri godine.<\/p>\n","protected":false},"excerpt":{"rendered":"<p>\u0106UPRIJA-Osnovni sud u Para\u0107inu i Apelacioni sud u Kragujevcu doneli su pravosna\u017enu odluku da je smena direktorke Visoke medicinski \u0161kole u \u0106upriji Tatjane Simovi\u0107 bila &hellip; <\/p>\n","protected":false},"author":4,"featured_media":5516,"comment_status":"open","ping_status":"open","sticky":false,"template":"","format":"standard","meta":{"footnotes":""},"categories":[20,2],"tags":[44,1428,1427,411],"_links":{"self":[{"href":"https:\/\/centralmedia.rs\/index.php\/wp-json\/wp\/v2\/posts\/5515"}],"collection":[{"href":"https:\/\/centralmedia.rs\/index.php\/wp-json\/wp\/v2\/posts"}],"about":[{"href":"https:\/\/centralmedia.rs\/index.php\/wp-json\/wp\/v2\/types\/post"}],"author":[{"embeddable":true,"href":"https:\/\/centralmedia.rs\/index.php\/wp-json\/wp\/v2\/users\/4"}],"replies":[{"embeddable":true,"href":"https:\/\/centralmedia.rs\/index.php\/wp-json\/wp\/v2\/comments?post=5515"}],"version-history":[{"count":0,"href":"https:\/\/centralmedia.rs\/index.php\/wp-json\/wp\/v2\/posts\/5515\/revisions"}],"wp:featuredmedia":[{"embeddable":true,"href":"https:\/\/centralmedia.rs\/index.php\/wp-json\/wp\/v2\/media\/5516"}],"wp:attachment":[{"href":"https:\/\/centralmedia.rs\/index.php\/wp-json\/wp\/v2\/media?parent=5515"}],"wp:term":[{"taxonomy":"category","embeddable":true,"href":"https:\/\/centralmedia.rs\/index.php\/wp-json\/wp\/v2\/categories?post=5515"},{"taxonomy":"post_tag","embeddable":true,"href":"https:\/\/centralmedia.rs\/index.php\/wp-json\/wp\/v2\/tags?post=5515"}],"curies":[{"name":"wp","href":"https:\/\/api.w.org\/{rel}","templated":true}]}}