{"id":5524,"date":"2016-11-22T18:24:15","date_gmt":"2016-11-22T18:24:15","guid":{"rendered":"http:\/\/centralmedia.rs\/?p=5524"},"modified":"2016-11-22T18:33:16","modified_gmt":"2016-11-22T18:33:16","slug":"ljubav-ga-odvela-u-srbiju-mustafa-ostvario-svoje-snove","status":"publish","type":"post","link":"https:\/\/centralmedia.rs\/index.php\/2016\/11\/22\/ljubav-ga-odvela-u-srbiju-mustafa-ostvario-svoje-snove\/","title":{"rendered":"LJUBAV GA ODVELA U SRBIJU &#8211; MUSTAFA OSTVARIO SVOJE SNOVE"},"content":{"rendered":"<p>JAGODINA-Tur\u010din Mustafa Erd\u017eihan ostvario je u Jagodini i Srbiji svoje snove, a od \u00a0pre nedelju dana postao je dr\u017eavljanin Srbije. Njegova pri\u010da o Srbiji je veoma romanti\u010dna i zanimljiva, jer je pre desetak godina\u00a0 ,,napustio\u201d Tursku i po\u0161ao, vo\u0111en ljubavlju, u nepoznato, u Jagodinu i Srbiju. Njegova ljubav je lepa Jagodinka Zorica Deni\u0107. Kruna njihove ljubavi je \u0107erka Ajlena (10).\u00a0 Mustafa je od pre mesec dana pomo\u0107nik direktora turske kompanije Tibet moda u \u0106upriji.<\/p>\n<div id='gallery-1' class='gallery galleryid-5524 gallery-columns-3 gallery-size-full'><figure class='gallery-item'>\n\t\t\t<div class='gallery-icon portrait'>\n\t\t\t\t<a href='https:\/\/centralmedia.rs\/index.php\/2016\/11\/22\/ljubav-ga-odvela-u-srbiju-mustafa-ostvario-svoje-snove\/mustafa\/'><img loading=\"lazy\" decoding=\"async\" width=\"576\" height=\"960\" src=\"https:\/\/centralmedia.rs\/wp-content\/uploads\/2016\/11\/mustafa.jpg\" class=\"attachment-full size-full\" alt=\"\" srcset=\"https:\/\/centralmedia.rs\/wp-content\/uploads\/2016\/11\/mustafa.jpg 576w, https:\/\/centralmedia.rs\/wp-content\/uploads\/2016\/11\/mustafa-180x300.jpg 180w\" sizes=\"(max-width: 576px) 100vw, 576px\" \/><\/a>\n\t\t\t<\/div><\/figure><figure class='gallery-item'>\n\t\t\t<div class='gallery-icon portrait'>\n\t\t\t\t<a href='https:\/\/centralmedia.rs\/index.php\/2016\/11\/22\/ljubav-ga-odvela-u-srbiju-mustafa-ostvario-svoje-snove\/mustafa-1\/'><img loading=\"lazy\" decoding=\"async\" width=\"578\" height=\"960\" src=\"https:\/\/centralmedia.rs\/wp-content\/uploads\/2016\/11\/mustafa-1.jpg\" class=\"attachment-full size-full\" alt=\"\" srcset=\"https:\/\/centralmedia.rs\/wp-content\/uploads\/2016\/11\/mustafa-1.jpg 578w, https:\/\/centralmedia.rs\/wp-content\/uploads\/2016\/11\/mustafa-1-181x300.jpg 181w\" sizes=\"(max-width: 578px) 100vw, 578px\" \/><\/a>\n\t\t\t<\/div><\/figure><figure class='gallery-item'>\n\t\t\t<div class='gallery-icon portrait'>\n\t\t\t\t<a href='https:\/\/centralmedia.rs\/index.php\/2016\/11\/22\/ljubav-ga-odvela-u-srbiju-mustafa-ostvario-svoje-snove\/mustafa-i-ajlena\/'><img loading=\"lazy\" decoding=\"async\" width=\"576\" height=\"960\" src=\"https:\/\/centralmedia.rs\/wp-content\/uploads\/2016\/11\/mustafa-i-ajlena.jpg\" class=\"attachment-full size-full\" alt=\"\" srcset=\"https:\/\/centralmedia.rs\/wp-content\/uploads\/2016\/11\/mustafa-i-ajlena.jpg 576w, https:\/\/centralmedia.rs\/wp-content\/uploads\/2016\/11\/mustafa-i-ajlena-180x300.jpg 180w\" sizes=\"(max-width: 576px) 100vw, 576px\" \/><\/a>\n\t\t\t<\/div><\/figure>\n\t\t<\/div>\n\n<p>-Postao sam dr\u017eavljanin Srbije i veoma sam sre\u0107an\u00a0 zbog toga. Uskoro \u0107u dobiti i paso\u0161 Srbije. Ovde sam sre\u0107an, ose\u0107am se kad da sam oduvek u Srbiji. Svi se poznaju, upu\u0107eni su jedni na druge. Lepo su me prihvatili Jagodinci i ja njih. Treniram sa \u0107erkom u d\u017eudo klubu 13. maj. Po struci sam menad\u017eer i \u00a0radim kao pomo\u0107nik direktora u Tibet modi u \u0106upriji, pri\u010da, na veoma dobrom Srpskom jeziku, Mustafa.<\/p>\n<p>Ka\u017ee da je jezik nau\u010dio za dve godine i to mu je dobra preporuka za zaposlenje kod turskih investitora u Srbiji<\/p>\n<p>-Srbija i Turska treba da sara\u0111uju, da se razvija trgovina, industrija. Prijatelji u Izmiru me pitaju za Srbiju i ka\u017eem im da je ovde bezbedno ulagati, sa osmehom ka\u017ee Mustafa.<\/p>\n<p>Mustafa je iz milionskog Izmira, najve\u0107e luke u Turskoj. Pri\u010da o predrasudama koje su pratile njegov doalzak u Srbiju. Prijatelji su ga savetovali da ne dolazi u Srbiju, jer je ovde rat, kao i pozante pri\u010de o \u010detnicima. Tako\u0111e, ni Srbi nisu imali ni\u0161ta manje bujnu ma\u0161tu.<\/p>\n<p>-Kada sam do\u0161ao svi su se \u010dudili kako to da nemam duge crne brkove i izgledam kao dlakavi Osmanlija. Presre\u0107an sam jer se ovde gledaju turske serije, zahvaljuju\u0107i njima Srbi sada vide da smo savremeni, da \u017eivimo kao \u0161to se ovde \u017eivi, pri\u010da o \u00a0prvim su utiscima Mustafa o Srbiji i nastavlja ,,poti\u010dem iz gra\u0111anske porodice u Izmiru, gde nema fanati\u010dnih vernika. Mojim roditeljima, posebno ocu, mnogo je te\u017ee palo \u0161to sam oti\u0161ao 1.500 kilometara od Izmira, nego \u0161to sam o\u017eenio pravoslavku. Jedino sam mu\u0161ko dete u porodici, jedini sin&#8221;.<\/p>\n<p>Mustafina i Zoricina pri\u010da po\u010dela je na njenom letovanja u Ku\u0161adasiju 2004. godine.<\/p>\n<p>&#8211; Godinu dana smo bili u kontaktu, ponovo se sreli u Ku\u0161adasiju slede\u0107e godine. Javila sam se tek kada sam do\u0161la na more. Tada je bio na putu u Antaliji i za no\u0107 pre\u0161ao 750 kilometara da me vidi. To je bilo divno, prise\u0107a se Zorica po\u010detka veze.<\/p>\n<p>Posle drugog letovanja koje su proveli zajedno javila mu je da je trudna. Zbog papira i posla do\u0161ao je 20 dana pred poro\u0111aj. Zorica pri\u010da da je to bio susret pun emocija i da nije verovala da je do\u0161ao, da je u Jagodini. Kada je Ajlena napunila osam meseci, Mustafa je oti\u0161ao u vojsku u Turskoj i vratio se po zavr\u0161etku vojnog roka.<\/p>\n","protected":false},"excerpt":{"rendered":"<p>JAGODINA-Tur\u010din Mustafa Erd\u017eihan ostvario je u Jagodini i Srbiji svoje snove, a od \u00a0pre nedelju dana postao je dr\u017eavljanin Srbije. Njegova pri\u010da o Srbiji je &hellip; <\/p>\n","protected":false},"author":4,"featured_media":5528,"comment_status":"open","ping_status":"open","sticky":false,"template":"","format":"standard","meta":{"footnotes":""},"categories":[2,23,31],"tags":[58,1431,1112,1432],"_links":{"self":[{"href":"https:\/\/centralmedia.rs\/index.php\/wp-json\/wp\/v2\/posts\/5524"}],"collection":[{"href":"https:\/\/centralmedia.rs\/index.php\/wp-json\/wp\/v2\/posts"}],"about":[{"href":"https:\/\/centralmedia.rs\/index.php\/wp-json\/wp\/v2\/types\/post"}],"author":[{"embeddable":true,"href":"https:\/\/centralmedia.rs\/index.php\/wp-json\/wp\/v2\/users\/4"}],"replies":[{"embeddable":true,"href":"https:\/\/centralmedia.rs\/index.php\/wp-json\/wp\/v2\/comments?post=5524"}],"version-history":[{"count":0,"href":"https:\/\/centralmedia.rs\/index.php\/wp-json\/wp\/v2\/posts\/5524\/revisions"}],"wp:featuredmedia":[{"embeddable":true,"href":"https:\/\/centralmedia.rs\/index.php\/wp-json\/wp\/v2\/media\/5528"}],"wp:attachment":[{"href":"https:\/\/centralmedia.rs\/index.php\/wp-json\/wp\/v2\/media?parent=5524"}],"wp:term":[{"taxonomy":"category","embeddable":true,"href":"https:\/\/centralmedia.rs\/index.php\/wp-json\/wp\/v2\/categories?post=5524"},{"taxonomy":"post_tag","embeddable":true,"href":"https:\/\/centralmedia.rs\/index.php\/wp-json\/wp\/v2\/tags?post=5524"}],"curies":[{"name":"wp","href":"https:\/\/api.w.org\/{rel}","templated":true}]}}