{"id":5539,"date":"2016-11-23T19:05:02","date_gmt":"2016-11-23T19:05:02","guid":{"rendered":"http:\/\/centralmedia.rs\/?p=5539"},"modified":"2016-12-14T23:31:58","modified_gmt":"2016-12-14T23:31:58","slug":"sutra-svi-u-adu-humanitarni-turnir-cuprijskih-srednjoskolaca","status":"publish","type":"post","link":"https:\/\/centralmedia.rs\/index.php\/2016\/11\/23\/sutra-svi-u-adu-humanitarni-turnir-cuprijskih-srednjoskolaca\/","title":{"rendered":"SUTRA SVI U ADU-HUMANITARNI TURNIR \u0106UPRIJSKIH SREDNJO\u0160KOLACA"},"content":{"rendered":"<p>\u0106UPRIJA-Srednjo\u0161kolci iz \u0106uprije u \u010detvrtak u 12 sati u Sportskom centru Ada u \u0106upriji organizuju humanitarni ko\u0161arka\u0161ki turnir za trinaestogodi\u0161nju Draganu Odalovi\u0107. U\u010denici svih srednjih \u0107uprijskih \u0161kola prikuplja\u0107e sredstva za operaciju devoj\u010dice koja je obolela od cerebralne paralize. Operacija je zakazana za 10. decembar, kada dolaze lekari iz Rusije. Devoj\u010dica, \u010diji su roditelji izbegli iz Mostara, \u00a0\u017eivi siroma\u0161no u iznajmljenoj ku\u0107i bez toaleta u Senjskom rudniku. Operacija je neophodna za dalji oporavak. Za akciju se javilo dvadesetak sponzora, a u\u010denici \u0107e dati simboli\u010dnih 50 dinara.<\/p>\n<p>Razglednica iz \u0106uprije\u2013 Ovaj projekat se realizuje uz pomo\u0107 sredstava iz bud\u017eeta Op\u0161tine \u0106uprija<a href=\"https:\/\/centralmedia.rs\/wp-content\/uploads\/2016\/12\/baner-za-projekte-final-jpg.jpg\"><img loading=\"lazy\" decoding=\"async\" class=\"size-full wp-image-5631 aligncenter\" src=\"https:\/\/centralmedia.rs\/wp-content\/uploads\/2016\/12\/baner-za-projekte-final-jpg.jpg\" alt=\"\" width=\"500\" height=\"150\" srcset=\"https:\/\/centralmedia.rs\/wp-content\/uploads\/2016\/12\/baner-za-projekte-final-jpg.jpg 500w, https:\/\/centralmedia.rs\/wp-content\/uploads\/2016\/12\/baner-za-projekte-final-jpg-300x90.jpg 300w\" sizes=\"(max-width: 500px) 100vw, 500px\" \/><\/a><\/p>\n","protected":false},"excerpt":{"rendered":"<p>\u0106UPRIJA-Srednjo\u0161kolci iz \u0106uprije u \u010detvrtak u 12 sati u Sportskom centru Ada u \u0106upriji organizuju humanitarni ko\u0161arka\u0161ki turnir za trinaestogodi\u0161nju Draganu Odalovi\u0107. U\u010denici svih srednjih &hellip; <\/p>\n","protected":false},"author":4,"featured_media":5540,"comment_status":"open","ping_status":"open","sticky":false,"template":"","format":"standard","meta":{"footnotes":""},"categories":[1515,1524,16,12],"tags":[1434,44,885,172],"_links":{"self":[{"href":"https:\/\/centralmedia.rs\/index.php\/wp-json\/wp\/v2\/posts\/5539"}],"collection":[{"href":"https:\/\/centralmedia.rs\/index.php\/wp-json\/wp\/v2\/posts"}],"about":[{"href":"https:\/\/centralmedia.rs\/index.php\/wp-json\/wp\/v2\/types\/post"}],"author":[{"embeddable":true,"href":"https:\/\/centralmedia.rs\/index.php\/wp-json\/wp\/v2\/users\/4"}],"replies":[{"embeddable":true,"href":"https:\/\/centralmedia.rs\/index.php\/wp-json\/wp\/v2\/comments?post=5539"}],"version-history":[{"count":0,"href":"https:\/\/centralmedia.rs\/index.php\/wp-json\/wp\/v2\/posts\/5539\/revisions"}],"wp:featuredmedia":[{"embeddable":true,"href":"https:\/\/centralmedia.rs\/index.php\/wp-json\/wp\/v2\/media\/5540"}],"wp:attachment":[{"href":"https:\/\/centralmedia.rs\/index.php\/wp-json\/wp\/v2\/media?parent=5539"}],"wp:term":[{"taxonomy":"category","embeddable":true,"href":"https:\/\/centralmedia.rs\/index.php\/wp-json\/wp\/v2\/categories?post=5539"},{"taxonomy":"post_tag","embeddable":true,"href":"https:\/\/centralmedia.rs\/index.php\/wp-json\/wp\/v2\/tags?post=5539"}],"curies":[{"name":"wp","href":"https:\/\/api.w.org\/{rel}","templated":true}]}}