{"id":5542,"date":"2016-11-23T19:12:57","date_gmt":"2016-11-23T19:12:57","guid":{"rendered":"http:\/\/centralmedia.rs\/?p=5542"},"modified":"2016-12-14T23:29:27","modified_gmt":"2016-12-14T23:29:27","slug":"paracin-gradi-halu-za-delfaj","status":"publish","type":"post","link":"https:\/\/centralmedia.rs\/index.php\/2016\/11\/23\/paracin-gradi-halu-za-delfaj\/","title":{"rendered":"PARA\u0106IN GRADI HALU ZA DELFAJ"},"content":{"rendered":"<p>PARA\u0106IN-Najava premijera Aleksandra Vu\u010di\u0107a o novoj investiciji Delfaja u Para\u0107inu i zapo\u0161ljavanju 1.500 radnika, zna\u010dila bi da ta op\u0161tina izgradi proizvodnu halu, a vrednost investicije je oko 10 miliona evra. Delfaj bi rentirao op\u0161tinsku halu po tr\u017ei\u0161nim uslovima.<\/p>\n<p>-Re\u010d je o objektu povr\u0161ine 17.000 kvadrata, \u010dija bi izgradnja ko\u0161tala 8 miliona evra i jo\u0161 million ili dva za infrastrukturu. To daleko prevazilazi sve do sada vi\u0111eno u Para\u0107inu kada je re\u010d o pojedna\u010dnim objektima izgradnje. Ni\u0161ta sli\u010dno nije izgra\u0111eno u Para\u0107inu u bilo kojoj oblasti odjednom, vi\u0161e decenija unazad, rekao je predsednik te op\u0161tine Sa\u0161a Paunovi\u0107.<\/p>\n<p>Para\u0107in bi u tom slu\u010daju trebalo da lokalni bud\u017eet usmeri ka ovoj investiciji, zbog toga \u0107e drugi planirani poslovi kasniti godinu ili dve u odnosu na dosada\u0161nju praksu.<\/p>\n<p>Razglednica iz Para\u0107ina\u00a0\u2013 Ovaj projekat se realizuje uz pomo\u0107 sredstava iz bud\u017eeta Op\u0161tine Para\u0107in<a href=\"https:\/\/centralmedia.rs\/wp-content\/uploads\/2016\/12\/baner-za-projekte-final-jpg.jpg\"><img loading=\"lazy\" decoding=\"async\" class=\"size-full wp-image-5631 aligncenter\" src=\"https:\/\/centralmedia.rs\/wp-content\/uploads\/2016\/12\/baner-za-projekte-final-jpg.jpg\" alt=\"\" width=\"500\" height=\"150\" srcset=\"https:\/\/centralmedia.rs\/wp-content\/uploads\/2016\/12\/baner-za-projekte-final-jpg.jpg 500w, https:\/\/centralmedia.rs\/wp-content\/uploads\/2016\/12\/baner-za-projekte-final-jpg-300x90.jpg 300w\" sizes=\"(max-width: 500px) 100vw, 500px\" \/><\/a><\/p>\n","protected":false},"excerpt":{"rendered":"<p>PARA\u0106IN-Najava premijera Aleksandra Vu\u010di\u0107a o novoj investiciji Delfaja u Para\u0107inu i zapo\u0161ljavanju 1.500 radnika, zna\u010dila bi da ta op\u0161tina izgradi proizvodnu halu, a vrednost investicije &hellip; <\/p>\n","protected":false},"author":4,"featured_media":5543,"comment_status":"open","ping_status":"open","sticky":false,"template":"","format":"standard","meta":{"footnotes":""},"categories":[22,1524,2,1516],"tags":[1435,1436,156,1437],"_links":{"self":[{"href":"https:\/\/centralmedia.rs\/index.php\/wp-json\/wp\/v2\/posts\/5542"}],"collection":[{"href":"https:\/\/centralmedia.rs\/index.php\/wp-json\/wp\/v2\/posts"}],"about":[{"href":"https:\/\/centralmedia.rs\/index.php\/wp-json\/wp\/v2\/types\/post"}],"author":[{"embeddable":true,"href":"https:\/\/centralmedia.rs\/index.php\/wp-json\/wp\/v2\/users\/4"}],"replies":[{"embeddable":true,"href":"https:\/\/centralmedia.rs\/index.php\/wp-json\/wp\/v2\/comments?post=5542"}],"version-history":[{"count":0,"href":"https:\/\/centralmedia.rs\/index.php\/wp-json\/wp\/v2\/posts\/5542\/revisions"}],"wp:featuredmedia":[{"embeddable":true,"href":"https:\/\/centralmedia.rs\/index.php\/wp-json\/wp\/v2\/media\/5543"}],"wp:attachment":[{"href":"https:\/\/centralmedia.rs\/index.php\/wp-json\/wp\/v2\/media?parent=5542"}],"wp:term":[{"taxonomy":"category","embeddable":true,"href":"https:\/\/centralmedia.rs\/index.php\/wp-json\/wp\/v2\/categories?post=5542"},{"taxonomy":"post_tag","embeddable":true,"href":"https:\/\/centralmedia.rs\/index.php\/wp-json\/wp\/v2\/tags?post=5542"}],"curies":[{"name":"wp","href":"https:\/\/api.w.org\/{rel}","templated":true}]}}