{"id":5564,"date":"2016-11-25T14:06:10","date_gmt":"2016-11-25T14:06:10","guid":{"rendered":"http:\/\/centralmedia.rs\/?p=5564"},"modified":"2016-12-14T23:21:43","modified_gmt":"2016-12-14T23:21:43","slug":"humanitarni-kosarkaski-turnir-u-cupriji","status":"publish","type":"post","link":"https:\/\/centralmedia.rs\/index.php\/2016\/11\/25\/humanitarni-kosarkaski-turnir-u-cupriji\/","title":{"rendered":"HUMANITARNI KO\u0160ARKA\u0160KI TURNIR U \u0106UPRIJI"},"content":{"rendered":"<p>\u0106UPRIJA-Srednjo\u0161kolci iz \u0106upriji u Sportskom centru Ada organizovali \u00a0su humanitarni ko\u0161arka\u0161ki turnir za pomo\u0107 trinaestogodi\u0161njoj Dragani Avdalovi\u0107. U\u010denici svih srednjih \u0161kola u tom gradu prikupljali su sredstva za operaciju devoj\u010dice koja je obolela od cerebralne paralize i pareze leve strane tela.<\/p>\n<p>-Dragana ima problema od ro\u0111enja. Pre tri godine ve\u0107 je obavljena operacija i sada lekari preporu\u010duju dodatnu intervenciju koja \u0107e pospe\u0161iti opu\u0161tanje tetiva i mi\u0161i\u0107a da kroz ve\u017ebe i rad bude bolje, ka\u017ee njen otac \u017darko.<\/p>\n<p>Operacija je zakazana za 10. decembar, kada dolaze lekari iz Rusije. Za operaciju je potrebno obezbediti 278 hiljada dinara. Prilozi \u0107e biti prikupljani do operacije. Devoj\u010dica, \u010diji su roditelji izbegli iz Mostara, \u017eivi siroma\u0161no u iznajmljenoj ku\u0107i bez toaleta u Senjskom rudniku.<\/p>\n<p>Razglednica iz \u0106uprije\u2013 Ovaj projekat se realizuje uz pomo\u0107 sredstava iz bud\u017eeta Op\u0161tine \u0106uprije<a href=\"https:\/\/centralmedia.rs\/wp-content\/uploads\/2016\/12\/baner-za-projekte-final-jpg.jpg\"><img loading=\"lazy\" decoding=\"async\" class=\"size-full wp-image-5631 aligncenter\" src=\"https:\/\/centralmedia.rs\/wp-content\/uploads\/2016\/12\/baner-za-projekte-final-jpg.jpg\" alt=\"\" width=\"500\" height=\"150\" srcset=\"https:\/\/centralmedia.rs\/wp-content\/uploads\/2016\/12\/baner-za-projekte-final-jpg.jpg 500w, https:\/\/centralmedia.rs\/wp-content\/uploads\/2016\/12\/baner-za-projekte-final-jpg-300x90.jpg 300w\" sizes=\"(max-width: 500px) 100vw, 500px\" \/><\/a><\/p>\n","protected":false},"excerpt":{"rendered":"<p>\u0106UPRIJA-Srednjo\u0161kolci iz \u0106upriji u Sportskom centru Ada organizovali \u00a0su humanitarni ko\u0161arka\u0161ki turnir za pomo\u0107 trinaestogodi\u0161njoj Dragani Avdalovi\u0107. U\u010denici svih srednjih \u0161kola u tom gradu prikupljali &hellip; <\/p>\n","protected":false},"author":4,"featured_media":5565,"comment_status":"open","ping_status":"open","sticky":false,"template":"","format":"standard","meta":{"footnotes":""},"categories":[1515,1524,2,16,12],"tags":[44,1443,1438,590],"_links":{"self":[{"href":"https:\/\/centralmedia.rs\/index.php\/wp-json\/wp\/v2\/posts\/5564"}],"collection":[{"href":"https:\/\/centralmedia.rs\/index.php\/wp-json\/wp\/v2\/posts"}],"about":[{"href":"https:\/\/centralmedia.rs\/index.php\/wp-json\/wp\/v2\/types\/post"}],"author":[{"embeddable":true,"href":"https:\/\/centralmedia.rs\/index.php\/wp-json\/wp\/v2\/users\/4"}],"replies":[{"embeddable":true,"href":"https:\/\/centralmedia.rs\/index.php\/wp-json\/wp\/v2\/comments?post=5564"}],"version-history":[{"count":0,"href":"https:\/\/centralmedia.rs\/index.php\/wp-json\/wp\/v2\/posts\/5564\/revisions"}],"wp:featuredmedia":[{"embeddable":true,"href":"https:\/\/centralmedia.rs\/index.php\/wp-json\/wp\/v2\/media\/5565"}],"wp:attachment":[{"href":"https:\/\/centralmedia.rs\/index.php\/wp-json\/wp\/v2\/media?parent=5564"}],"wp:term":[{"taxonomy":"category","embeddable":true,"href":"https:\/\/centralmedia.rs\/index.php\/wp-json\/wp\/v2\/categories?post=5564"},{"taxonomy":"post_tag","embeddable":true,"href":"https:\/\/centralmedia.rs\/index.php\/wp-json\/wp\/v2\/tags?post=5564"}],"curies":[{"name":"wp","href":"https:\/\/api.w.org\/{rel}","templated":true}]}}