{"id":5567,"date":"2016-11-25T14:12:38","date_gmt":"2016-11-25T14:12:38","guid":{"rendered":"http:\/\/centralmedia.rs\/?p=5567"},"modified":"2016-11-25T14:12:38","modified_gmt":"2016-11-25T14:12:38","slug":"performans-jagodinskih-gimnazijalaca-nasilje-nad-zenama","status":"publish","type":"post","link":"https:\/\/centralmedia.rs\/index.php\/2016\/11\/25\/performans-jagodinskih-gimnazijalaca-nasilje-nad-zenama\/","title":{"rendered":"PERFORMANS JAGODINSKIH GIMNAZIJALACA &#8211; NASILJE NAD \u017dENAMA"},"content":{"rendered":"<p>JAGODINA-Obele\u017eavanje Dana borbe protiv nasilja nad \u017eenama u jagodinskoj Gimnaziji privuklo je veliku pa\u017enju profesora i u\u010denika, reakcije su bile razli\u010dite, \u0161to je bio i cilj, jer je ravnodu\u0161nost put do nasilja. \u010clanovi Gimnazijskog parlamenta su izveo performans \u0161minkaju\u0107i pojedine devoj\u010dice na na\u010din da izgledaju kao da su pretu\u010dene.<\/p>\n<div id='gallery-1' class='gallery galleryid-5567 gallery-columns-3 gallery-size-full'><figure class='gallery-item'>\n\t\t\t<div class='gallery-icon portrait'>\n\t\t\t\t<a href='https:\/\/centralmedia.rs\/index.php\/2016\/11\/25\/performans-jagodinskih-gimnazijalaca-nasilje-nad-zenama\/nasilje-2-jagodina-gimnazijski-parlament\/'><img loading=\"lazy\" decoding=\"async\" width=\"720\" height=\"960\" src=\"https:\/\/centralmedia.rs\/wp-content\/uploads\/2016\/11\/nasilje-2-jagodina-gimnazijski-parlament.jpg\" class=\"attachment-full size-full\" alt=\"\" srcset=\"https:\/\/centralmedia.rs\/wp-content\/uploads\/2016\/11\/nasilje-2-jagodina-gimnazijski-parlament.jpg 720w, https:\/\/centralmedia.rs\/wp-content\/uploads\/2016\/11\/nasilje-2-jagodina-gimnazijski-parlament-225x300.jpg 225w\" sizes=\"(max-width: 720px) 100vw, 720px\" \/><\/a>\n\t\t\t<\/div><\/figure><figure class='gallery-item'>\n\t\t\t<div class='gallery-icon portrait'>\n\t\t\t\t<a href='https:\/\/centralmedia.rs\/index.php\/2016\/11\/25\/performans-jagodinskih-gimnazijalaca-nasilje-nad-zenama\/nasilje-3-jagodina-gimnazijski-parlament\/'><img loading=\"lazy\" decoding=\"async\" width=\"720\" height=\"960\" src=\"https:\/\/centralmedia.rs\/wp-content\/uploads\/2016\/11\/nasilje-3-jagodina-gimnazijski-parlament.jpg\" class=\"attachment-full size-full\" alt=\"\" srcset=\"https:\/\/centralmedia.rs\/wp-content\/uploads\/2016\/11\/nasilje-3-jagodina-gimnazijski-parlament.jpg 720w, https:\/\/centralmedia.rs\/wp-content\/uploads\/2016\/11\/nasilje-3-jagodina-gimnazijski-parlament-225x300.jpg 225w\" sizes=\"(max-width: 720px) 100vw, 720px\" \/><\/a>\n\t\t\t<\/div><\/figure><figure class='gallery-item'>\n\t\t\t<div class='gallery-icon portrait'>\n\t\t\t\t<a href='https:\/\/centralmedia.rs\/index.php\/2016\/11\/25\/performans-jagodinskih-gimnazijalaca-nasilje-nad-zenama\/nasilje-5-jagodina-gimnazijski-parlament\/'><img loading=\"lazy\" decoding=\"async\" width=\"720\" height=\"960\" src=\"https:\/\/centralmedia.rs\/wp-content\/uploads\/2016\/11\/nasilje-5-jagodina-gimnazijski-parlament.jpg\" class=\"attachment-full size-full\" alt=\"\" srcset=\"https:\/\/centralmedia.rs\/wp-content\/uploads\/2016\/11\/nasilje-5-jagodina-gimnazijski-parlament.jpg 720w, https:\/\/centralmedia.rs\/wp-content\/uploads\/2016\/11\/nasilje-5-jagodina-gimnazijski-parlament-225x300.jpg 225w\" sizes=\"(max-width: 720px) 100vw, 720px\" \/><\/a>\n\t\t\t<\/div><\/figure>\n\t\t<\/div>\n\n<p>-Odlu\u010dili smo da ove godine privu\u010demo pa\u017enju profesora i svih \u0111aka, tako \u0161to smo na\u0161minkali odre\u0111ene devoj\u010dice iz svakog odeljenja kao da su pretu\u010dene. Kada su ih profesori ili bilo ko drugi pitali o \u010demu se radi one su pri\u010dale kako je va\u017eno da se podigne svest o borbi protiv nasilja nad \u017eena. To se de\u0161ava svugde oko nas, ne obra\u0107amo pa\u017enju, a trebalo bi da reagujemo. To je neka vrsta javnog \u010dasa, kazala je predsednica Gimnazisjkog parlamenta Kristina Konovalov i dodala da se nasilje nad \u017eenama vr\u0161i u najranijem dobu, te da postoji u njenoj generaciji i da prevladava vr\u0161nja\u010dko nasilje.<\/p>\n<div id='gallery-2' class='gallery galleryid-5567 gallery-columns-3 gallery-size-full'><figure class='gallery-item'>\n\t\t\t<div class='gallery-icon portrait'>\n\t\t\t\t<a href='https:\/\/centralmedia.rs\/index.php\/2016\/11\/25\/performans-jagodinskih-gimnazijalaca-nasilje-nad-zenama\/nasilje-6-jagodina-gimnazijski-parlament\/'><img loading=\"lazy\" decoding=\"async\" width=\"720\" height=\"960\" src=\"https:\/\/centralmedia.rs\/wp-content\/uploads\/2016\/11\/nasilje-6-jagodina-gimnazijski-parlament.jpg\" class=\"attachment-full size-full\" alt=\"\" srcset=\"https:\/\/centralmedia.rs\/wp-content\/uploads\/2016\/11\/nasilje-6-jagodina-gimnazijski-parlament.jpg 720w, https:\/\/centralmedia.rs\/wp-content\/uploads\/2016\/11\/nasilje-6-jagodina-gimnazijski-parlament-225x300.jpg 225w\" sizes=\"(max-width: 720px) 100vw, 720px\" \/><\/a>\n\t\t\t<\/div><\/figure><figure class='gallery-item'>\n\t\t\t<div class='gallery-icon portrait'>\n\t\t\t\t<a href='https:\/\/centralmedia.rs\/index.php\/2016\/11\/25\/performans-jagodinskih-gimnazijalaca-nasilje-nad-zenama\/nasilje-7-jagodina-gimnazijski-parlament\/'><img loading=\"lazy\" decoding=\"async\" width=\"720\" height=\"960\" src=\"https:\/\/centralmedia.rs\/wp-content\/uploads\/2016\/11\/nasilje-7-jagodina-gimnazijski-parlament.jpg\" class=\"attachment-full size-full\" alt=\"\" srcset=\"https:\/\/centralmedia.rs\/wp-content\/uploads\/2016\/11\/nasilje-7-jagodina-gimnazijski-parlament.jpg 720w, https:\/\/centralmedia.rs\/wp-content\/uploads\/2016\/11\/nasilje-7-jagodina-gimnazijski-parlament-225x300.jpg 225w\" sizes=\"(max-width: 720px) 100vw, 720px\" \/><\/a>\n\t\t\t<\/div><\/figure><figure class='gallery-item'>\n\t\t\t<div class='gallery-icon portrait'>\n\t\t\t\t<a href='https:\/\/centralmedia.rs\/index.php\/2016\/11\/25\/performans-jagodinskih-gimnazijalaca-nasilje-nad-zenama\/nasilje-1-jagodina-gimnazijski-parlament\/'><img loading=\"lazy\" decoding=\"async\" width=\"720\" height=\"960\" src=\"https:\/\/centralmedia.rs\/wp-content\/uploads\/2016\/11\/nasilje-1-jagodina-gimnazijski-parlament.jpg\" class=\"attachment-full size-full\" alt=\"\" srcset=\"https:\/\/centralmedia.rs\/wp-content\/uploads\/2016\/11\/nasilje-1-jagodina-gimnazijski-parlament.jpg 720w, https:\/\/centralmedia.rs\/wp-content\/uploads\/2016\/11\/nasilje-1-jagodina-gimnazijski-parlament-225x300.jpg 225w\" sizes=\"(max-width: 720px) 100vw, 720px\" \/><\/a>\n\t\t\t<\/div><\/figure>\n\t\t<\/div>\n\n","protected":false},"excerpt":{"rendered":"<p>JAGODINA-Obele\u017eavanje Dana borbe protiv nasilja nad \u017eenama u jagodinskoj Gimnaziji privuklo je veliku pa\u017enju profesora i u\u010denika, reakcije su bile razli\u010dite, \u0161to je bio i &hellip; <\/p>\n","protected":false},"author":4,"featured_media":5568,"comment_status":"open","ping_status":"open","sticky":false,"template":"","format":"standard","meta":{"footnotes":""},"categories":[14,2,12],"tags":[1444,58,262],"_links":{"self":[{"href":"https:\/\/centralmedia.rs\/index.php\/wp-json\/wp\/v2\/posts\/5567"}],"collection":[{"href":"https:\/\/centralmedia.rs\/index.php\/wp-json\/wp\/v2\/posts"}],"about":[{"href":"https:\/\/centralmedia.rs\/index.php\/wp-json\/wp\/v2\/types\/post"}],"author":[{"embeddable":true,"href":"https:\/\/centralmedia.rs\/index.php\/wp-json\/wp\/v2\/users\/4"}],"replies":[{"embeddable":true,"href":"https:\/\/centralmedia.rs\/index.php\/wp-json\/wp\/v2\/comments?post=5567"}],"version-history":[{"count":0,"href":"https:\/\/centralmedia.rs\/index.php\/wp-json\/wp\/v2\/posts\/5567\/revisions"}],"wp:featuredmedia":[{"embeddable":true,"href":"https:\/\/centralmedia.rs\/index.php\/wp-json\/wp\/v2\/media\/5568"}],"wp:attachment":[{"href":"https:\/\/centralmedia.rs\/index.php\/wp-json\/wp\/v2\/media?parent=5567"}],"wp:term":[{"taxonomy":"category","embeddable":true,"href":"https:\/\/centralmedia.rs\/index.php\/wp-json\/wp\/v2\/categories?post=5567"},{"taxonomy":"post_tag","embeddable":true,"href":"https:\/\/centralmedia.rs\/index.php\/wp-json\/wp\/v2\/tags?post=5567"}],"curies":[{"name":"wp","href":"https:\/\/api.w.org\/{rel}","templated":true}]}}