{"id":5602,"date":"2016-12-01T10:12:42","date_gmt":"2016-12-01T10:12:42","guid":{"rendered":"http:\/\/centralmedia.rs\/?p=5602"},"modified":"2016-12-01T10:12:42","modified_gmt":"2016-12-01T10:12:42","slug":"radnici-ciglane-strajkuju-vec-mesec-dana-docekali-sneg-oboleli-radnik-prebacen-u-bolnicu","status":"publish","type":"post","link":"https:\/\/centralmedia.rs\/index.php\/2016\/12\/01\/radnici-ciglane-strajkuju-vec-mesec-dana-docekali-sneg-oboleli-radnik-prebacen-u-bolnicu\/","title":{"rendered":"RADNICI CIGLANE \u0160TRAJKUJU VE\u0106 MESEC DANA &#8211; DO\u010cEKALI SNEG, OBOLELI RADNIK PREBA\u010cEN U BOLNICU"},"content":{"rendered":"<p>SVILAJNAC-Sneg, beda i jad, tako opisuje svoj polo\u017eaj sedamdesetak zaposlenih u svilajna\u010dkoj Ciglani koji su pre mesec dana zapo\u010deli danono\u0107ni \u0161trajk u improvizovanom kampu na kapiji preduze\u0107a sa zahtevom da im vlasnik vrati radne knji\u017eice i uplati zaostale zarade od maja. Njihov ,,saborac\u201d Sla\u0111an \u010cekrli\u0107 je u no\u0107i izme\u0111u srede i \u010detvrtka preba\u010den u bolnicu, sa dijagnozom prestanka rada bubrega.<\/p>\n<div id='gallery-1' class='gallery galleryid-5602 gallery-columns-3 gallery-size-full'><figure class='gallery-item'>\n\t\t\t<div class='gallery-icon landscape'>\n\t\t\t\t<a href='https:\/\/centralmedia.rs\/index.php\/2016\/12\/01\/radnici-ciglane-strajkuju-vec-mesec-dana-docekali-sneg-oboleli-radnik-prebacen-u-bolnicu\/ciglana-2-sviljnac-privatna-arhiva\/'><img loading=\"lazy\" decoding=\"async\" width=\"960\" height=\"720\" src=\"https:\/\/centralmedia.rs\/wp-content\/uploads\/2016\/12\/ciglana-2-sviljnac-privatna-arhiva.jpg\" class=\"attachment-full size-full\" alt=\"\" srcset=\"https:\/\/centralmedia.rs\/wp-content\/uploads\/2016\/12\/ciglana-2-sviljnac-privatna-arhiva.jpg 960w, https:\/\/centralmedia.rs\/wp-content\/uploads\/2016\/12\/ciglana-2-sviljnac-privatna-arhiva-300x225.jpg 300w, https:\/\/centralmedia.rs\/wp-content\/uploads\/2016\/12\/ciglana-2-sviljnac-privatna-arhiva-768x576.jpg 768w, https:\/\/centralmedia.rs\/wp-content\/uploads\/2016\/12\/ciglana-2-sviljnac-privatna-arhiva-80x60.jpg 80w, https:\/\/centralmedia.rs\/wp-content\/uploads\/2016\/12\/ciglana-2-sviljnac-privatna-arhiva-265x198.jpg 265w\" sizes=\"(max-width: 960px) 100vw, 960px\" \/><\/a>\n\t\t\t<\/div><\/figure><figure class='gallery-item'>\n\t\t\t<div class='gallery-icon landscape'>\n\t\t\t\t<a href='https:\/\/centralmedia.rs\/index.php\/2016\/12\/01\/radnici-ciglane-strajkuju-vec-mesec-dana-docekali-sneg-oboleli-radnik-prebacen-u-bolnicu\/ciglana-3-sviljnac-privatna-arhiva\/'><img loading=\"lazy\" decoding=\"async\" width=\"960\" height=\"720\" src=\"https:\/\/centralmedia.rs\/wp-content\/uploads\/2016\/12\/ciglana-3-sviljnac-privatna-arhiva.jpg\" class=\"attachment-full size-full\" alt=\"\" srcset=\"https:\/\/centralmedia.rs\/wp-content\/uploads\/2016\/12\/ciglana-3-sviljnac-privatna-arhiva.jpg 960w, https:\/\/centralmedia.rs\/wp-content\/uploads\/2016\/12\/ciglana-3-sviljnac-privatna-arhiva-300x225.jpg 300w, https:\/\/centralmedia.rs\/wp-content\/uploads\/2016\/12\/ciglana-3-sviljnac-privatna-arhiva-768x576.jpg 768w, https:\/\/centralmedia.rs\/wp-content\/uploads\/2016\/12\/ciglana-3-sviljnac-privatna-arhiva-80x60.jpg 80w, https:\/\/centralmedia.rs\/wp-content\/uploads\/2016\/12\/ciglana-3-sviljnac-privatna-arhiva-265x198.jpg 265w\" sizes=\"(max-width: 960px) 100vw, 960px\" \/><\/a>\n\t\t\t<\/div><\/figure><figure class='gallery-item'>\n\t\t\t<div class='gallery-icon landscape'>\n\t\t\t\t<a href='https:\/\/centralmedia.rs\/index.php\/2016\/12\/01\/radnici-ciglane-strajkuju-vec-mesec-dana-docekali-sneg-oboleli-radnik-prebacen-u-bolnicu\/ciglana-sviljnac-privatna-arhiva\/'><img loading=\"lazy\" decoding=\"async\" width=\"960\" height=\"720\" src=\"https:\/\/centralmedia.rs\/wp-content\/uploads\/2016\/12\/ciglana-sviljnac-privatna-arhiva.jpg\" class=\"attachment-full size-full\" alt=\"\" srcset=\"https:\/\/centralmedia.rs\/wp-content\/uploads\/2016\/12\/ciglana-sviljnac-privatna-arhiva.jpg 960w, https:\/\/centralmedia.rs\/wp-content\/uploads\/2016\/12\/ciglana-sviljnac-privatna-arhiva-300x225.jpg 300w, https:\/\/centralmedia.rs\/wp-content\/uploads\/2016\/12\/ciglana-sviljnac-privatna-arhiva-768x576.jpg 768w, https:\/\/centralmedia.rs\/wp-content\/uploads\/2016\/12\/ciglana-sviljnac-privatna-arhiva-80x60.jpg 80w, https:\/\/centralmedia.rs\/wp-content\/uploads\/2016\/12\/ciglana-sviljnac-privatna-arhiva-265x198.jpg 265w\" sizes=\"(max-width: 960px) 100vw, 960px\" \/><\/a>\n\t\t\t<\/div><\/figure>\n\t\t<\/div>\n\n<p>-Sla\u0111an je u dalje \u00a0bez prava na le\u010denje, jer nema regulisan status i zdravstvenu knji\u017eicu, kao i svi mi. Bilo je samo pitanje dana kada \u0107e se ovako ne\u0161to desiti. Poslodavac ne reaguje! Lepo smo ga zamolili da na\u0111e na\u010din i da re\u0161i problem. Verujemo da \u0107e Sla\u0111an biti zbrinut na odeljenju nefrologije i da \u0107e se oporaviti, neka ovo bude \u0161amar svima koji ovo gledaju, a ne reaguju, ka\u017ee jedan od \u010dlanova \u0160trajka\u010dkog odbora Sa\u0161a \u017divi\u0107<\/p>\n<p>Radnici o\u010dekuju da im poslodavac re\u0161i status i isplati zarade koje nisu primili od maja. Oni su pisali premijeru, ministrima, inspekcijama, ali pomo\u0107i za sada nema.<\/p>\n<p>-Dr\u017eavni organi ne uspevaju da kontaktiraju sa Predragom Radonjaninom, formalnim vlasnikom preduze\u0107a &#8220;Status integral&#8221; iz Kraljeva, nekada\u0161njim zakupcem Ciglane. Ali, \u00a0on je uredno poslao disciplinske prijave i tu\u017ebe, preti i sudskim izvr\u0161enjem, iako je \u0161trajk \u00a0prijaviljen \u2013 obja\u0161njava \u017divi\u0107.<\/p>\n<p>Drugi put su pisali ministru za rad i zapo\u0161ljavanje Aleksandru Vulinu, navode\u0107i da je njihovu prijavu od 7. novembra Inspekcija rada u Jagodini prosledila Kraljevu. Prosle\u0111eno je i re\u0161enje Inspektorata za rad kojim se poslodavcu nala\u017ee da zaposlenima u radnoj jedinici u Kraljevu isplati zaradu za maj, jun, jul, avgust i septembar, da im dostavi obra\u010dun za navedene mesece i obavesti ih zbog \u010dega plate jo\u0161 nisu ispla\u0107ene. Kraljeva\u010dki deo tog preduze\u0107a \u00a0tako\u0111e je u \u0161trajku.<\/p>\n<p>Ina\u010de, svilajna\u010dku Ciglanu je Privreedni sud u Kraljevu prodao za 2 miliona evra krajem juna, ali zakupac ,,Status integral\u201d do sada se nije iselio. U tom trenutku vlasnik ,,Status integrala\u201d bio je Stefan Miki\u0107, sin ekonomskog savetnika predsednika Srbije Predraga Miki\u0107a. Preduze\u0107e je zatim preba\u010deno u vlasni\u0161tvo Radonjanina.<\/p>\n","protected":false},"excerpt":{"rendered":"<p>SVILAJNAC-Sneg, beda i jad, tako opisuje svoj polo\u017eaj sedamdesetak zaposlenih u svilajna\u010dkoj Ciglani koji su pre mesec dana zapo\u010deli danono\u0107ni \u0161trajk u improvizovanom kampu na &hellip; <\/p>\n","protected":false},"author":4,"featured_media":5603,"comment_status":"open","ping_status":"open","sticky":false,"template":"","format":"standard","meta":{"footnotes":""},"categories":[22,2],"tags":[910,1458,423,1457,38],"_links":{"self":[{"href":"https:\/\/centralmedia.rs\/index.php\/wp-json\/wp\/v2\/posts\/5602"}],"collection":[{"href":"https:\/\/centralmedia.rs\/index.php\/wp-json\/wp\/v2\/posts"}],"about":[{"href":"https:\/\/centralmedia.rs\/index.php\/wp-json\/wp\/v2\/types\/post"}],"author":[{"embeddable":true,"href":"https:\/\/centralmedia.rs\/index.php\/wp-json\/wp\/v2\/users\/4"}],"replies":[{"embeddable":true,"href":"https:\/\/centralmedia.rs\/index.php\/wp-json\/wp\/v2\/comments?post=5602"}],"version-history":[{"count":0,"href":"https:\/\/centralmedia.rs\/index.php\/wp-json\/wp\/v2\/posts\/5602\/revisions"}],"wp:featuredmedia":[{"embeddable":true,"href":"https:\/\/centralmedia.rs\/index.php\/wp-json\/wp\/v2\/media\/5603"}],"wp:attachment":[{"href":"https:\/\/centralmedia.rs\/index.php\/wp-json\/wp\/v2\/media?parent=5602"}],"wp:term":[{"taxonomy":"category","embeddable":true,"href":"https:\/\/centralmedia.rs\/index.php\/wp-json\/wp\/v2\/categories?post=5602"},{"taxonomy":"post_tag","embeddable":true,"href":"https:\/\/centralmedia.rs\/index.php\/wp-json\/wp\/v2\/tags?post=5602"}],"curies":[{"name":"wp","href":"https:\/\/api.w.org\/{rel}","templated":true}]}}