{"id":5622,"date":"2016-12-02T12:31:41","date_gmt":"2016-12-02T12:31:41","guid":{"rendered":"http:\/\/centralmedia.rs\/?p=5622"},"modified":"2016-12-02T12:31:41","modified_gmt":"2016-12-02T12:31:41","slug":"jagodinske-beskucnice-na-snegu-minusu-svi-okrecu-glavu-nas","status":"publish","type":"post","link":"https:\/\/centralmedia.rs\/index.php\/2016\/12\/02\/jagodinske-beskucnice-na-snegu-minusu-svi-okrecu-glavu-nas\/","title":{"rendered":"JAGODINSKE BESKU\u0106NICE NA SNEGU I MINUSU &#8211; ,,SVI OKRE\u0106U GLAVU NAS&#8221;"},"content":{"rendered":"<p>JAGODINA-Svi okre\u0107u glavu od nas, rodbina nas je zaboravila, dr\u017eava nas ne vidi, mi ne postojimo, izbrisane smo, zapo\u010dinje svoju ispovest jagodinska besku\u0107nica Milijana (62) Radojevi\u0107 koja sa \u0107erkom Katarinom (36) ve\u0107 vi\u0161e od mesec dana gladna i bez dinara u d\u017eepu tumara gradom i moli gradske \u010delnike da joj se omogu\u0107i prinudni sme\u0161taj u nekom od javnih stanova. One nisu imale novca da pla\u0107aju stanarinu, pa su morale da napuste iznajmljeni stan.<a href=\"https:\/\/centralmedia.rs\/wp-content\/uploads\/2016\/12\/jagodinske-beskucnice-2-jagodina-g.j..jpg\"><img loading=\"lazy\" decoding=\"async\" class=\"alignnone size-full wp-image-5624\" src=\"https:\/\/centralmedia.rs\/wp-content\/uploads\/2016\/12\/jagodinske-beskucnice-2-jagodina-g.j..jpg\" alt=\"jagodinske-beskucnice-2-jagodina-g-j\" width=\"919\" height=\"600\" srcset=\"https:\/\/centralmedia.rs\/wp-content\/uploads\/2016\/12\/jagodinske-beskucnice-2-jagodina-g.j..jpg 919w, https:\/\/centralmedia.rs\/wp-content\/uploads\/2016\/12\/jagodinske-beskucnice-2-jagodina-g.j.-300x196.jpg 300w, https:\/\/centralmedia.rs\/wp-content\/uploads\/2016\/12\/jagodinske-beskucnice-2-jagodina-g.j.-768x501.jpg 768w\" sizes=\"(max-width: 919px) 100vw, 919px\" \/><\/a><\/p>\n<p>-U Centru za socijalni rad ka\u017eu da ne mogu da nam pomognu, da imamo sredstva za \u017eivot i da nemaju gde da nas smeste. U gradskoj upravi isto ka\u017eu, pozivaju se na \u010delnike i tako u krug. Ljudi ne \u017eele da nam otvore vrata da se ugrejemo, svi su nas zaboravili, \u017eivimo u holu jedne zgrade, tu spavamo. Kada se probudim ujutru ne znam da li sam \u017eiva i prvo se opipavam, gledam gde je Katarina, pri\u010da o svom \u017eivotu na minusu i snegu jagodinska besku\u0107nica Milijana.<\/p>\n<p>Ona je ina\u010de te\u0161ko bolesna, operisala tumor, dok Katarina mora do kraja \u017eivota da koristi terapiju. Ka\u017eu da ne znaju gde su im lekove, pitanje je i da li ih imaju.<\/p>\n<p>-U jednoj od jagodinkih pekara ,,Kristaj\u201d su nam omogu\u0107ili da jedemo, nismo se kupale odavno, odnosno kada se ro\u0111aka smiluje da nam otvori vrata. Za toilet se snalazimo. \u0160etamo po groblju u toku dana. Na\u0161i \u017eivoti su se pretvorili su stravu. Jako je te\u0161ko \u017eiveti po mrazu i snegu na ulici. Bukvalo se smrzavamo, ogor\u010dena je Milijana.<\/p>\n<p>Milijana posle razvoda 1983 godine \u017eivi sa Katarinom privatno ili se bespravno useljavaju u javne stanove, jedan period su \u017eivele u holu bolnice. Njihova mese\u010dna primanja su oko 3.000 dinara, o\u010dekuju i socijalnu pomo\u0107 za Katarinu koja je podnela zahtev.<\/p>\n<p>-Socijalna pomo\u0107 je oko 5.000 dinara. Opet ne mo\u017eemo ni\u0161ta da uradimo da izjamimo stan. Molili smo u gradskoj upravi da nam omogu\u0107e da se privremeno uselimo u praznu garsonjeru u Kneza Lazara, ali nema odgovora, pri\u010da Milijana.<\/p>\n<p>Milijanina penzija je 18.800 dinara, me\u0111utim zbog ranijih neizmirenih ra\u010duna iz stanova gde su boravile i kamata, stavljena je sudska zabrana i sada mo\u017ee da podigne samo 3.000 dinara. Visina duga 180.000.<\/p>\n<p>Ian\u010de, gradovi u Srbiji, tokom zimskog perioda, organizuju prihvatili\u0161ta za besku\u0107nike, gde mogu da prespavaju, dobiju tri obroka, da obave higijenske potrebe i da se obuku.<\/p>\n<p>&nbsp;<\/p>\n","protected":false},"excerpt":{"rendered":"<p>JAGODINA-Svi okre\u0107u glavu od nas, rodbina nas je zaboravila, dr\u017eava nas ne vidi, mi ne postojimo, izbrisane smo, zapo\u010dinje svoju ispovest jagodinska besku\u0107nica Milijana (62) &hellip; <\/p>\n","protected":false},"author":4,"featured_media":5623,"comment_status":"open","ping_status":"open","sticky":false,"template":"","format":"standard","meta":{"footnotes":""},"categories":[20,2],"tags":[1463,58,1465,423,1464],"_links":{"self":[{"href":"https:\/\/centralmedia.rs\/index.php\/wp-json\/wp\/v2\/posts\/5622"}],"collection":[{"href":"https:\/\/centralmedia.rs\/index.php\/wp-json\/wp\/v2\/posts"}],"about":[{"href":"https:\/\/centralmedia.rs\/index.php\/wp-json\/wp\/v2\/types\/post"}],"author":[{"embeddable":true,"href":"https:\/\/centralmedia.rs\/index.php\/wp-json\/wp\/v2\/users\/4"}],"replies":[{"embeddable":true,"href":"https:\/\/centralmedia.rs\/index.php\/wp-json\/wp\/v2\/comments?post=5622"}],"version-history":[{"count":0,"href":"https:\/\/centralmedia.rs\/index.php\/wp-json\/wp\/v2\/posts\/5622\/revisions"}],"wp:featuredmedia":[{"embeddable":true,"href":"https:\/\/centralmedia.rs\/index.php\/wp-json\/wp\/v2\/media\/5623"}],"wp:attachment":[{"href":"https:\/\/centralmedia.rs\/index.php\/wp-json\/wp\/v2\/media?parent=5622"}],"wp:term":[{"taxonomy":"category","embeddable":true,"href":"https:\/\/centralmedia.rs\/index.php\/wp-json\/wp\/v2\/categories?post=5622"},{"taxonomy":"post_tag","embeddable":true,"href":"https:\/\/centralmedia.rs\/index.php\/wp-json\/wp\/v2\/tags?post=5622"}],"curies":[{"name":"wp","href":"https:\/\/api.w.org\/{rel}","templated":true}]}}