{"id":5626,"date":"2016-12-02T22:17:41","date_gmt":"2016-12-02T22:17:41","guid":{"rendered":"http:\/\/centralmedia.rs\/?p=5626"},"modified":"2016-12-14T23:16:39","modified_gmt":"2016-12-14T23:16:39","slug":"ucenici-darovali-sadnice-drveca-u-cupriji","status":"publish","type":"post","link":"https:\/\/centralmedia.rs\/index.php\/2016\/12\/02\/ucenici-darovali-sadnice-drveca-u-cupriji\/","title":{"rendered":"U\u010cENICI DAROVALI SADNICE DRVE\u0106A U \u0106UPRIJI"},"content":{"rendered":"<p>\u0106UPRIJA-Na inicijativu u\u010ditelja Nenada Naki\u0107 u\u010denici prvog i petog razreda O\u0160 13. oktobar u \u0106upriji danas su poklonili po tri sadnice zimzelenog i listopadnog drve\u0107a op\u0161tinskoj upravi, svim pred\u0161kolskom i \u0161kolskim ustanovama u tom gradu. Mali\u0161ani su zasadili te sadnice.<\/p>\n<p>-\u017delja nam je da poka\u017eemo koliko bitno imati razvijenu ekolo\u0161ku svest, ona se u\u010di od malih nogu kod ku\u0107e i kroz nastavu. Na\u0161a namera je bila da jo\u0161 jednom poka\u017eemo i potvrdimo dobru saradnju izme\u0111u \u0161kola, sa vrti\u0107ima i op\u0161tinom. Jo\u0161 jednom se pokazalo da i mi mali mo\u017eemo da \u010dinimo lepa i dobra dela naro\u010dito kada je krajnji cilj ne\u0161to lepo i pozitivno. Moje vredne p\u010delice pametnice i ja, pozdravljamo sve ljude dobre volje, rekao je Naki\u0107.<\/p>\n<p>Akcija je obavljena u saradnji sa \u0160umskom upravom iz \u0106uprije<\/p>\n<p>Razglednica iz \u0106uprije\u2013 Ovaj projekat se realizuje uz pomo\u0107 sredstava iz bud\u017eeta Op\u0161tine \u0106uprija<a href=\"https:\/\/centralmedia.rs\/wp-content\/uploads\/2016\/12\/baner-za-projekte-final-jpg.jpg\"><img loading=\"lazy\" decoding=\"async\" class=\"size-full wp-image-5631 aligncenter\" src=\"https:\/\/centralmedia.rs\/wp-content\/uploads\/2016\/12\/baner-za-projekte-final-jpg.jpg\" alt=\"\" width=\"500\" height=\"150\" srcset=\"https:\/\/centralmedia.rs\/wp-content\/uploads\/2016\/12\/baner-za-projekte-final-jpg.jpg 500w, https:\/\/centralmedia.rs\/wp-content\/uploads\/2016\/12\/baner-za-projekte-final-jpg-300x90.jpg 300w\" sizes=\"(max-width: 500px) 100vw, 500px\" \/><\/a><\/p>\n","protected":false},"excerpt":{"rendered":"<p>\u0106UPRIJA-Na inicijativu u\u010ditelja Nenada Naki\u0107 u\u010denici prvog i petog razreda O\u0160 13. oktobar u \u0106upriji danas su poklonili po tri sadnice zimzelenog i listopadnog drve\u0107a &hellip; <\/p>\n","protected":false},"author":4,"featured_media":5629,"comment_status":"open","ping_status":"open","sticky":false,"template":"","format":"standard","meta":{"footnotes":""},"categories":[1515,1524,2,23,887,30],"tags":[44,1466,196],"_links":{"self":[{"href":"https:\/\/centralmedia.rs\/index.php\/wp-json\/wp\/v2\/posts\/5626"}],"collection":[{"href":"https:\/\/centralmedia.rs\/index.php\/wp-json\/wp\/v2\/posts"}],"about":[{"href":"https:\/\/centralmedia.rs\/index.php\/wp-json\/wp\/v2\/types\/post"}],"author":[{"embeddable":true,"href":"https:\/\/centralmedia.rs\/index.php\/wp-json\/wp\/v2\/users\/4"}],"replies":[{"embeddable":true,"href":"https:\/\/centralmedia.rs\/index.php\/wp-json\/wp\/v2\/comments?post=5626"}],"version-history":[{"count":0,"href":"https:\/\/centralmedia.rs\/index.php\/wp-json\/wp\/v2\/posts\/5626\/revisions"}],"wp:featuredmedia":[{"embeddable":true,"href":"https:\/\/centralmedia.rs\/index.php\/wp-json\/wp\/v2\/media\/5629"}],"wp:attachment":[{"href":"https:\/\/centralmedia.rs\/index.php\/wp-json\/wp\/v2\/media?parent=5626"}],"wp:term":[{"taxonomy":"category","embeddable":true,"href":"https:\/\/centralmedia.rs\/index.php\/wp-json\/wp\/v2\/categories?post=5626"},{"taxonomy":"post_tag","embeddable":true,"href":"https:\/\/centralmedia.rs\/index.php\/wp-json\/wp\/v2\/tags?post=5626"}],"curies":[{"name":"wp","href":"https:\/\/api.w.org\/{rel}","templated":true}]}}