{"id":5646,"date":"2016-12-04T13:02:38","date_gmt":"2016-12-04T13:02:38","guid":{"rendered":"http:\/\/centralmedia.rs\/?p=5646"},"modified":"2016-12-04T13:02:38","modified_gmt":"2016-12-04T13:02:38","slug":"jedina-decija-crkva-u-pravoslavlju","status":"publish","type":"post","link":"https:\/\/centralmedia.rs\/index.php\/2016\/12\/04\/jedina-decija-crkva-u-pravoslavlju\/","title":{"rendered":"JEDINA DE\u010cIJA CRKVA U PRAVOSLAVLJU"},"content":{"rendered":"<p>JAGODINA-De\u010dija crkva\u00a0 u Glavincima kod Jagodina, jedino de\u010dije svetili\u0161te \u00a0u pravoslavnom svetu, obele\u017eilo je danas\u00a0 svoju slavu Vavedenje Presvete Bogorodice Marije. Preko tri veka na obroncima Juhora me\u0161tani sela Glavinci 4. decembra dolaze sa svojom decom da se pomole\u00a0 Bogorodici za zdravlje i napredak porodice.<\/p>\n<div id='gallery-1' class='gallery galleryid-5646 gallery-columns-3 gallery-size-full'><figure class='gallery-item'>\n\t\t\t<div class='gallery-icon landscape'>\n\t\t\t\t<a href='https:\/\/centralmedia.rs\/index.php\/2016\/12\/04\/jedina-decija-crkva-u-pravoslavlju\/decija-slava-glavnci-1-jagodina-g-j\/'><img loading=\"lazy\" decoding=\"async\" width=\"900\" height=\"675\" src=\"https:\/\/centralmedia.rs\/wp-content\/uploads\/2016\/12\/decija-slava-glavnci-1-jagodina-g.j..jpg\" class=\"attachment-full size-full\" alt=\"\" srcset=\"https:\/\/centralmedia.rs\/wp-content\/uploads\/2016\/12\/decija-slava-glavnci-1-jagodina-g.j..jpg 900w, https:\/\/centralmedia.rs\/wp-content\/uploads\/2016\/12\/decija-slava-glavnci-1-jagodina-g.j.-300x225.jpg 300w, https:\/\/centralmedia.rs\/wp-content\/uploads\/2016\/12\/decija-slava-glavnci-1-jagodina-g.j.-768x576.jpg 768w, https:\/\/centralmedia.rs\/wp-content\/uploads\/2016\/12\/decija-slava-glavnci-1-jagodina-g.j.-80x60.jpg 80w, https:\/\/centralmedia.rs\/wp-content\/uploads\/2016\/12\/decija-slava-glavnci-1-jagodina-g.j.-265x198.jpg 265w\" sizes=\"(max-width: 900px) 100vw, 900px\" \/><\/a>\n\t\t\t<\/div><\/figure><figure class='gallery-item'>\n\t\t\t<div class='gallery-icon landscape'>\n\t\t\t\t<a href='https:\/\/centralmedia.rs\/index.php\/2016\/12\/04\/jedina-decija-crkva-u-pravoslavlju\/decija-slava-glavnci-jagodina-g-j\/'><img loading=\"lazy\" decoding=\"async\" width=\"900\" height=\"675\" src=\"https:\/\/centralmedia.rs\/wp-content\/uploads\/2016\/12\/decija-slava-glavnci-jagodina-g.j..jpg\" class=\"attachment-full size-full\" alt=\"\" srcset=\"https:\/\/centralmedia.rs\/wp-content\/uploads\/2016\/12\/decija-slava-glavnci-jagodina-g.j..jpg 900w, https:\/\/centralmedia.rs\/wp-content\/uploads\/2016\/12\/decija-slava-glavnci-jagodina-g.j.-300x225.jpg 300w, https:\/\/centralmedia.rs\/wp-content\/uploads\/2016\/12\/decija-slava-glavnci-jagodina-g.j.-768x576.jpg 768w, https:\/\/centralmedia.rs\/wp-content\/uploads\/2016\/12\/decija-slava-glavnci-jagodina-g.j.-80x60.jpg 80w, https:\/\/centralmedia.rs\/wp-content\/uploads\/2016\/12\/decija-slava-glavnci-jagodina-g.j.-265x198.jpg 265w\" sizes=\"(max-width: 900px) 100vw, 900px\" \/><\/a>\n\t\t\t<\/div><\/figure><figure class='gallery-item'>\n\t\t\t<div class='gallery-icon landscape'>\n\t\t\t\t<a href='https:\/\/centralmedia.rs\/index.php\/2016\/12\/04\/jedina-decija-crkva-u-pravoslavlju\/decija-slava-glavnci-3-jagodina-g-j\/'><img loading=\"lazy\" decoding=\"async\" width=\"900\" height=\"675\" src=\"https:\/\/centralmedia.rs\/wp-content\/uploads\/2016\/12\/decija-slava-glavnci-3-jagodina-g.j..jpg\" class=\"attachment-full size-full\" alt=\"\" srcset=\"https:\/\/centralmedia.rs\/wp-content\/uploads\/2016\/12\/decija-slava-glavnci-3-jagodina-g.j..jpg 900w, https:\/\/centralmedia.rs\/wp-content\/uploads\/2016\/12\/decija-slava-glavnci-3-jagodina-g.j.-300x225.jpg 300w, https:\/\/centralmedia.rs\/wp-content\/uploads\/2016\/12\/decija-slava-glavnci-3-jagodina-g.j.-768x576.jpg 768w, https:\/\/centralmedia.rs\/wp-content\/uploads\/2016\/12\/decija-slava-glavnci-3-jagodina-g.j.-80x60.jpg 80w, https:\/\/centralmedia.rs\/wp-content\/uploads\/2016\/12\/decija-slava-glavnci-3-jagodina-g.j.-265x198.jpg 265w\" sizes=\"(max-width: 900px) 100vw, 900px\" \/><\/a>\n\t\t\t<\/div><\/figure>\n\t\t<\/div>\n\n<p>-De\u010dije svetili\u0161te ili crkva nastalo je iz potrebe u davna vremena, pre skoro tri veka, jer su nam deca umirala od nepoznate bolesti, predpostavljamo da je re\u010d o koleri. Odmah po ro\u0111enju ili kao veoma mala deca su umirala, pretila je opasnost da se selo zatre. Me\u0111utim, desetina dece koja se igrala, \u010duvaju\u0107i stoku, na ovom potesu ostajala je u \u017eivotu i to je privuklo me\u0161tane. Oni su se igrali prolaze\u0107i kroz rupu u zemlji i gravili sa pepelom od vatre. Od tada su me\u0161tani prihvatili taj obi\u010daj i za Vavedenje dolaze do izvora, a za za\u0161titnicu su izabrali\u00a0 Presvetu Bogorodicu, ka\u017ee me\u0161tanin Tomislav Jovanovi\u0107-Mata (72), On je po\u010detkom 21 veka sa me\u0161tanima obnovio ovo jedinstveno de\u010dije svetili\u0161te. Zatim su me\u0161tani po\u010deli da ponovo da dovode decu.<\/p>\n<p>-To nam je bio znak da moramo da obnovimo i crkveni hram u selu. Celo selo dalo je priloge, crkva je prakti\u010dno izgra\u0111ena, treba da se oslika. Hram je posve\u0107en Vavedenje Presvete Bogorodice Marije, pri\u010da predsenik organizacionog odbora ovogodi\u0161njeg oble\u017eavanja de\u010dije slave.<a href=\"https:\/\/centralmedia.rs\/wp-content\/uploads\/2016\/12\/decija-slava-glavnci-4-jagodina-g.j..jpg\"><img loading=\"lazy\" decoding=\"async\" class=\"alignnone size-full wp-image-5651\" src=\"https:\/\/centralmedia.rs\/wp-content\/uploads\/2016\/12\/decija-slava-glavnci-4-jagodina-g.j..jpg\" alt=\"decija-slava-glavnci-4-jagodina-g-j\" width=\"900\" height=\"607\" srcset=\"https:\/\/centralmedia.rs\/wp-content\/uploads\/2016\/12\/decija-slava-glavnci-4-jagodina-g.j..jpg 900w, https:\/\/centralmedia.rs\/wp-content\/uploads\/2016\/12\/decija-slava-glavnci-4-jagodina-g.j.-300x202.jpg 300w, https:\/\/centralmedia.rs\/wp-content\/uploads\/2016\/12\/decija-slava-glavnci-4-jagodina-g.j.-768x518.jpg 768w\" sizes=\"(max-width: 900px) 100vw, 900px\" \/><\/a><\/p>\n<p>Po re\u010dima sve\u0161tenika Sr\u0111ana Kandi\u0107a re\u010d je o jedinstvenom svetili\u0161tu u pravoslavnom svetu u koje posve\u0107eno zdravlju dece, kao i obi\u010daju koji se nigde na taj na\u010din ne upra\u017enjava. Posle drugog svetskog rata taj obi\u010daj je potisnut, a svetili\u0161te zaraslo i opustelo, retki me\u0111utim zadr\u017eali verovanje i redovno pose\u0107ivali.<\/p>\n<p>-Celo selo u\u010destvuje u obele\u017eavanju de\u010dije slave. Svi me\u0161tani se okupi i dovedeu malu decu. Na sre\u0107u ne pamtimo da smo imali neku te\u017eu bolest kod dece, a kamoli smrt. Bilo je i ratova, svi su se \u017eivi vratili. Smrtnost\u00a0 kod dece u Glavincima ne pamte ni najstariji me\u0161tani, a pri\u010daju da se njihovi stari nisu se\u0107ali takvih tragi\u010dnih doga\u0111aja, pri\u010daju me\u0161tani.<\/p>\n<p>Po tradiciji deca su dobila paketi\u0107e sa slatki\u0161ima, dok su se stariji grejali uz kuvanu rakiju.<\/p>\n","protected":false},"excerpt":{"rendered":"<p>JAGODINA-De\u010dija crkva\u00a0 u Glavincima kod Jagodina, jedino de\u010dije svetili\u0161te \u00a0u pravoslavnom svetu, obele\u017eilo je danas\u00a0 svoju slavu Vavedenje Presvete Bogorodice Marije. Preko tri veka na &hellip; <\/p>\n","protected":false},"author":4,"featured_media":5647,"comment_status":"open","ping_status":"open","sticky":false,"template":"","format":"standard","meta":{"footnotes":""},"categories":[14,2,12],"tags":[1470,1469,58,765],"_links":{"self":[{"href":"https:\/\/centralmedia.rs\/index.php\/wp-json\/wp\/v2\/posts\/5646"}],"collection":[{"href":"https:\/\/centralmedia.rs\/index.php\/wp-json\/wp\/v2\/posts"}],"about":[{"href":"https:\/\/centralmedia.rs\/index.php\/wp-json\/wp\/v2\/types\/post"}],"author":[{"embeddable":true,"href":"https:\/\/centralmedia.rs\/index.php\/wp-json\/wp\/v2\/users\/4"}],"replies":[{"embeddable":true,"href":"https:\/\/centralmedia.rs\/index.php\/wp-json\/wp\/v2\/comments?post=5646"}],"version-history":[{"count":0,"href":"https:\/\/centralmedia.rs\/index.php\/wp-json\/wp\/v2\/posts\/5646\/revisions"}],"wp:featuredmedia":[{"embeddable":true,"href":"https:\/\/centralmedia.rs\/index.php\/wp-json\/wp\/v2\/media\/5647"}],"wp:attachment":[{"href":"https:\/\/centralmedia.rs\/index.php\/wp-json\/wp\/v2\/media?parent=5646"}],"wp:term":[{"taxonomy":"category","embeddable":true,"href":"https:\/\/centralmedia.rs\/index.php\/wp-json\/wp\/v2\/categories?post=5646"},{"taxonomy":"post_tag","embeddable":true,"href":"https:\/\/centralmedia.rs\/index.php\/wp-json\/wp\/v2\/tags?post=5646"}],"curies":[{"name":"wp","href":"https:\/\/api.w.org\/{rel}","templated":true}]}}