{"id":5655,"date":"2016-12-05T10:02:20","date_gmt":"2016-12-05T10:02:20","guid":{"rendered":"http:\/\/centralmedia.rs\/?p=5655"},"modified":"2017-01-19T23:33:33","modified_gmt":"2017-01-19T23:33:33","slug":"pretpremijera-beckih-decaka-u-svilajncu-igraju-mensur-ejdus-ninkovic","status":"publish","type":"post","link":"https:\/\/centralmedia.rs\/index.php\/2016\/12\/05\/pretpremijera-beckih-decaka-u-svilajncu-igraju-mensur-ejdus-ninkovic\/","title":{"rendered":"PRETPREMIJERA ,,HORA BE\u010cKIH DE\u010cAKA\u201d U SVILAJNCU &#8211; IGRAJU MENSUR, EJDUS I NINKOVI\u0106"},"content":{"rendered":"<p>SVILAJNAC-Pretpremijera predstave ,,Hor be\u010dkih de\u010daka\u201d, u kojoj nastupaju Predrag Ejdus, Irfan Mensur i Boda Ninkovi\u0107, bi\u0107e odr\u017eana u \u010detvrtak u 20 sati u sali Centra za kulturu u Sviljancu. Predstava se igra po tekstu Miroljuba Nedovi\u0107a u adaptaciji i re\u017eiji Mensura.<a href=\"https:\/\/centralmedia.rs\/wp-content\/uploads\/2016\/12\/plakat-1.jpg\"><img loading=\"lazy\" decoding=\"async\" class=\"alignnone size-full wp-image-5657\" src=\"https:\/\/centralmedia.rs\/wp-content\/uploads\/2016\/12\/plakat-1.jpg\" alt=\"plakat-1\" width=\"686\" height=\"960\" srcset=\"https:\/\/centralmedia.rs\/wp-content\/uploads\/2016\/12\/plakat-1.jpg 686w, https:\/\/centralmedia.rs\/wp-content\/uploads\/2016\/12\/plakat-1-214x300.jpg 214w\" sizes=\"(max-width: 686px) 100vw, 686px\" \/><\/a><\/p>\n<p>-Za\u0161to prvo u Svilajnac. Dobro je oti\u0107i u Sviljanac, jer ima dobru pozori\u0161nu publiku i odli\u010dnu salu. Treba oti\u0107i i proveriti predstvu i sebe, pa do\u0107i u Beograd kod ,,ala\u201d. \u00a0Pri\u010damo jednu tu\u017enu pri\u010du koja treba da zasmeje publiku. Re\u010d je o tragikomediji. Prijatelji su mi kazali da je tekst tu\u017ean, ali promenili su mi\u0161ljenje kada su ga pro\u010ditali iz drugog ugla svojstvenog na\u0161em mentalitetu i humoru. Posle toga su mi se javljali sa ovacijama i salvama smeha, ka\u017ee Mensur.<\/p>\n<p>Tokom pripreme predstave promenjen je naslov predstave od po\u010detnog ,,Hor beogradskih de\u010daka\u201d u ,,Hor be\u010dkih de\u010daka\u201d.<\/p>\n<p>-Svilajnac je dobra priprema za beogradsku premijeru. Igramo gastarbajtere u Be\u010du. Pravili smo predstavu da mo\u017eemo brzo da se spakujemo i odputujemo. Idealna je na turneju. \u017delimo da predstavu domicilno smestimo u Beograd. Komad se nudi za improvizaciju, Irfan ga je prvo sam mesio, a onda mi tokom proba nastavljamo. O\u010dekujem tokom igranja da se menja, glumci nalaze inspiraciju u svakodnevici, pri\u010da Ejdus.<\/p>\n<p>Beogradska premijera je 9 decembra u Carte blanshe.<\/p>\n","protected":false},"excerpt":{"rendered":"<p>SVILAJNAC-Pretpremijera predstave ,,Hor be\u010dkih de\u010daka\u201d, u kojoj nastupaju Predrag Ejdus, Irfan Mensur i Boda Ninkovi\u0107, bi\u0107e odr\u017eana u \u010detvrtak u 20 sati u sali Centra &hellip; <\/p>\n","protected":false},"author":4,"featured_media":5656,"comment_status":"open","ping_status":"open","sticky":false,"template":"","format":"standard","meta":{"footnotes":""},"categories":[2,15,887,12],"tags":[1473,1474,1471,1472,38],"_links":{"self":[{"href":"https:\/\/centralmedia.rs\/index.php\/wp-json\/wp\/v2\/posts\/5655"}],"collection":[{"href":"https:\/\/centralmedia.rs\/index.php\/wp-json\/wp\/v2\/posts"}],"about":[{"href":"https:\/\/centralmedia.rs\/index.php\/wp-json\/wp\/v2\/types\/post"}],"author":[{"embeddable":true,"href":"https:\/\/centralmedia.rs\/index.php\/wp-json\/wp\/v2\/users\/4"}],"replies":[{"embeddable":true,"href":"https:\/\/centralmedia.rs\/index.php\/wp-json\/wp\/v2\/comments?post=5655"}],"version-history":[{"count":0,"href":"https:\/\/centralmedia.rs\/index.php\/wp-json\/wp\/v2\/posts\/5655\/revisions"}],"wp:featuredmedia":[{"embeddable":true,"href":"https:\/\/centralmedia.rs\/index.php\/wp-json\/wp\/v2\/media\/5656"}],"wp:attachment":[{"href":"https:\/\/centralmedia.rs\/index.php\/wp-json\/wp\/v2\/media?parent=5655"}],"wp:term":[{"taxonomy":"category","embeddable":true,"href":"https:\/\/centralmedia.rs\/index.php\/wp-json\/wp\/v2\/categories?post=5655"},{"taxonomy":"post_tag","embeddable":true,"href":"https:\/\/centralmedia.rs\/index.php\/wp-json\/wp\/v2\/tags?post=5655"}],"curies":[{"name":"wp","href":"https:\/\/api.w.org\/{rel}","templated":true}]}}