{"id":5663,"date":"2016-12-05T22:13:45","date_gmt":"2016-12-05T22:13:45","guid":{"rendered":"http:\/\/centralmedia.rs\/?p=5663"},"modified":"2016-12-14T23:09:18","modified_gmt":"2016-12-14T23:09:18","slug":"kolarevic-kompletnu-proizvodnju-izvozi-srpski-namestaj-u-austriji-nemackoj-svajcarskoj","status":"publish","type":"post","link":"https:\/\/centralmedia.rs\/index.php\/2016\/12\/05\/kolarevic-kompletnu-proizvodnju-izvozi-srpski-namestaj-u-austriji-nemackoj-svajcarskoj\/","title":{"rendered":",,KOLAREVI\u0106\u201d KOMPLETNU PROIZVODNJU IZVOZI &#8211; SRPSKI NAME\u0160TAJ U AUSTRIJI, NEMA\u010cKOJ I \u0160VAJCARSKOJ"},"content":{"rendered":"<p>\u0106I\u0106EVAC-Kompanija \u201eKolarevi\u0107\u201c iz \u0106i\u0107evca je me\u0111u najve\u0107im izvoznicima u Rasinskom okrugu, a kompletnu godi\u0161nju proizvodnju masivnog name\u0161taja proda u Austriji, \u0160vajcarskoj i Nema\u010dkoj.<\/p>\n<p>-Godi\u0161nji izvoz vredi 3,5 miliona evra. Re\u010d je o masivnom name\u0161taju visokog kvaliteta. Na najzahtevnijim evropskim tr\u017ei\u0161tima sara\u0111ujemo sa Hasenom u \u0160vajcarskoj, kao i Lutz u Austriji i Nema\u010dkoj, ka\u017ee vlasnik preduze\u0107a Du\u0161an Kolarevi\u0107.<\/p>\n<div id='gallery-1' class='gallery galleryid-5663 gallery-columns-3 gallery-size-thumbnail'><figure class='gallery-item'>\n\t\t\t<div class='gallery-icon landscape'>\n\t\t\t\t<a href='https:\/\/centralmedia.rs\/index.php\/2016\/12\/05\/kolarevic-kompletnu-proizvodnju-izvozi-srpski-namestaj-u-austriji-nemackoj-svajcarskoj\/dusan-kolarevic\/'><img loading=\"lazy\" decoding=\"async\" width=\"150\" height=\"150\" src=\"https:\/\/centralmedia.rs\/wp-content\/uploads\/2016\/12\/dusan-kolarevic-150x150.jpg\" class=\"attachment-thumbnail size-thumbnail\" alt=\"\" aria-describedby=\"gallery-1-5665\" \/><\/a>\n\t\t\t<\/div>\n\t\t\t\t<figcaption class='wp-caption-text gallery-caption' id='gallery-1-5665'>\n\t\t\t\tDu\u0161an Kolarevi\u0107\n\t\t\t\t<\/figcaption><\/figure><figure class='gallery-item'>\n\t\t\t<div class='gallery-icon landscape'>\n\t\t\t\t<a href='https:\/\/centralmedia.rs\/index.php\/2016\/12\/05\/kolarevic-kompletnu-proizvodnju-izvozi-srpski-namestaj-u-austriji-nemackoj-svajcarskoj\/namestaj\/'><img loading=\"lazy\" decoding=\"async\" width=\"150\" height=\"150\" src=\"https:\/\/centralmedia.rs\/wp-content\/uploads\/2016\/12\/namestaj-150x150.jpg\" class=\"attachment-thumbnail size-thumbnail\" alt=\"\" aria-describedby=\"gallery-1-5666\" \/><\/a>\n\t\t\t<\/div>\n\t\t\t\t<figcaption class='wp-caption-text gallery-caption' id='gallery-1-5666'>\n\t\t\t\tKolarevi\u0107 name\u0161taj\n\t\t\t\t<\/figcaption><\/figure><figure class='gallery-item'>\n\t\t\t<div class='gallery-icon landscape'>\n\t\t\t\t<a href='https:\/\/centralmedia.rs\/index.php\/2016\/12\/05\/kolarevic-kompletnu-proizvodnju-izvozi-srpski-namestaj-u-austriji-nemackoj-svajcarskoj\/namestaj-1\/'><img loading=\"lazy\" decoding=\"async\" width=\"150\" height=\"150\" src=\"https:\/\/centralmedia.rs\/wp-content\/uploads\/2016\/12\/namestaj-1-150x150.jpg\" class=\"attachment-thumbnail size-thumbnail\" alt=\"\" \/><\/a>\n\t\t\t<\/div><\/figure>\n\t\t<\/div>\n\n<p>Preduze\u0107e \u201eKolarevi\u0107\u201c danas\u00a0 zapo\u0161ljava 240 radnika i radi isklju\u010divo za strancima.<\/p>\n<p>-Srbija treba malo vi\u0161e da oslu\u0161ne firme koje su izvoznici i koje predstavljaju Srbiju na me\u0111unarodnoj sceni. Ne bojimo se konkurencije ni iz Srbije, ni iz drugih zemalja koje bi mogle biti konkurentne, poput BiH, Hrvatske, Slovenije ili Ukrajine, pri\u010da\u00a0 Kolarevi\u0107 i dodaje da je masivni name\u0161taj, sa kojim se drugi put predstavlja na sajmu u Kelnu, u celini je nastao u fabri\u010dkom krugu. Zaokru\u017een proizvodni proces, sopstveni dizajn, daju sigurnost u budu\u0107nost i razvoj, razlog su vi\u0161e da se Kolarevi\u0107 ne boji konkurencije.<\/p>\n<p>Kompanija \u201eKolarevi\u0107\u201c izla\u017ee na sajmovima u drugim dr\u017eavama. Me\u0111utim, to je ozbiljna investicija jer su sajmovi skupi, a dr\u017eava ne daje nikakvu podr\u0161ku.<\/p>\n<p>-Klju\u010d uspeha su rad, red i disciplina, dobar tim koji nosi i proizvodnju i organizaciju. To su iskusni saradnici koji su se sre\u0107om na\u0161li u ovoj firmi. Naravno, tu su i radnici koji su radni, vredni, disciplinovani i vaspitani. Takvi su po\u017eeljni, takve tra\u017eimo,\u00a0 takve negujemo i svi zajedno mo\u017eemo da budemo zadovoljni i ponosni na sve \u0161to smo uradili do sada\u201c, otkriva tajnu uspeha Kolarevi\u0107.<\/p>\n<div id='gallery-2' class='gallery galleryid-5663 gallery-columns-2 gallery-size-thumbnail'><figure class='gallery-item'>\n\t\t\t<div class='gallery-icon landscape'>\n\t\t\t\t<a href='https:\/\/centralmedia.rs\/index.php\/2016\/12\/05\/kolarevic-kompletnu-proizvodnju-izvozi-srpski-namestaj-u-austriji-nemackoj-svajcarskoj\/namestaj-3\/'><img loading=\"lazy\" decoding=\"async\" width=\"150\" height=\"150\" src=\"https:\/\/centralmedia.rs\/wp-content\/uploads\/2016\/12\/namestaj-3-150x150.jpg\" class=\"attachment-thumbnail size-thumbnail\" alt=\"\" \/><\/a>\n\t\t\t<\/div><\/figure><figure class='gallery-item'>\n\t\t\t<div class='gallery-icon landscape'>\n\t\t\t\t<a href='https:\/\/centralmedia.rs\/index.php\/2016\/12\/05\/kolarevic-kompletnu-proizvodnju-izvozi-srpski-namestaj-u-austriji-nemackoj-svajcarskoj\/namestaj-2\/'><img loading=\"lazy\" decoding=\"async\" width=\"150\" height=\"150\" src=\"https:\/\/centralmedia.rs\/wp-content\/uploads\/2016\/12\/namestaj-2-150x150.jpg\" class=\"attachment-thumbnail size-thumbnail\" alt=\"\" \/><\/a>\n\t\t\t<\/div><\/figure>\n\t\t<\/div>\n\n<p>Kompanija \u201eKolarevi\u0107\u201c na tr\u017ei\u0161te \u0160vajcarske najvi\u0161e izvozi krevete, dok u Austriju i Nema\u010dku uglavnom trpezarijski program. Najvi\u0161e se izvoze stolovi i komode od punog drveta, hrasta i bukve pre svega, manje od oraha i tre\u0161nje. Sve \u010de\u0161\u0107e se kao sirovina koristi specijalna vrsta bora koja raste iznad 1.500 metara nadmorske visine. Ova vrsta bora se uvozi sa Alpa.<\/p>\n<p>Kompanija \u201eKolarevi\u0107\u201c je svoje proizvode najpre izvozila u Australiju i \u0160vajcarsku a 2006. godine zapo\u010deta je proizvodnja name\u0161taja sa kojim su danas visoko kotirani kod kupaca u\u00a0Austriji, Nema\u010dkoj i \u0160vajcarskoj. Proboj na zahtevno, probirljivo tr\u017ei\u0161te nije bio nimalo lak.<\/p>\n<p>-Bilo je vi\u0161e nego te\u0161ko. Zahvaljuju\u0107i kvalitetu koji imamo, strogom po\u0161tovanju rokova, asortimanu i kapacitetima uspeli smo u tome. Zato neumorno i u kontinuitetu radimo na podizanju tehnologije, tehnolo\u0161kog procesa, u \u0161irenju kapaciteta, u stalnom usavr\u0161avanju radnika. Treba znati da su sve zemlje koje su do pre deceniju-dve bile zatvorene, poput Poljske, \u010ce\u0161ke, Bugarske, Rumunije i zemalja biv\u0161eg SSSR-a, sada prisutne na tr\u017ei\u0161tu na kojem smo i mi. Pored svih ovih zemalja tu su prisutne i zemlje Azije, poput Kine, Indonezije, Vijetnama koje su sve opasnije u smislu konkurencije za evropsko tr\u017ei\u0161te. Svi njihovi proizvodi dolaze direktno ili indirektno na tr\u017ei\u0161te Nema\u010dke, Francuske, Austrije.\u00a0Na\u0161a politika je takva, da svojim kvalitetom, kvantitetom, sigurnim rokovima budemo na samom vrhu i na taj na\u010din da smanjimo konkurenciju. Svakako da zemlje Azije ne mogu da postignu taj kvalitet, a druge zemlje, koje mogu da postignu kvalitet, ne mogu da nam konkuri\u0161u sa cenom\u201c, obja\u0161njava\u00a0 Kolarevi\u0107.<\/p>\n<p>Kompanija \u201eKolarevi\u0107\u201c trenutno radi na projektu usvajanja tehnologije za izgradnju zidova za zgrade i ku\u0107e od drveta.<\/p>\n<p><em>&#8211;<\/em>To je unakrsno lepljeno drvo, nova tehnologija u Evropi i svetu. Na ovim prostorima takva proizvodnja ne postoji i bili bi prvi na Balkanu. U svetu se sve vi\u0161e ku\u0107a pravi od takvih, cross-lam zidova. Najvi\u0161a zgrada potpuno od drveta, osim temelja koji je od betona, ima 11 spratova i izgra\u0111ena je u Londonu. To je budu\u0107nost. Ekolo\u0161ki zdrave ku\u0107e. Materijal koji se koristi ne zaga\u0111uje okolinu u procesu nastajanja, za razliku od cementa, cigle, gvo\u017e\u0111a, i ima odli\u010dna izolaciona svojstva. Pet centimetra drveta menja 18 centimetra cigle. O\u010dekujem da 2017. godine po\u010dnemo sa proizvodnjom tih zidova. Sara\u0111ujemo i sa profesorima sa ni\u0161kog i beogradskog Gra\u0111evinskog fakulteta. Cilj nam je tr\u017ei\u0161te Zapadne Evrope ali, verujem, da \u0107e se i u Srbiji graditi zgrade od ovog materijala\u201c, pri\u010da o novim proizvodima Kolarevi\u0107.<\/p>\n<div id='gallery-3' class='gallery galleryid-5663 gallery-columns-2 gallery-size-thumbnail'><figure class='gallery-item'>\n\t\t\t<div class='gallery-icon landscape'>\n\t\t\t\t<a href='https:\/\/centralmedia.rs\/index.php\/2016\/12\/05\/kolarevic-kompletnu-proizvodnju-izvozi-srpski-namestaj-u-austriji-nemackoj-svajcarskoj\/namestaj-4\/'><img loading=\"lazy\" decoding=\"async\" width=\"150\" height=\"150\" src=\"https:\/\/centralmedia.rs\/wp-content\/uploads\/2016\/12\/namestaj-4-150x150.jpg\" class=\"attachment-thumbnail size-thumbnail\" alt=\"\" \/><\/a>\n\t\t\t<\/div><\/figure><figure class='gallery-item'>\n\t\t\t<div class='gallery-icon landscape'>\n\t\t\t\t<a href='https:\/\/centralmedia.rs\/index.php\/2016\/12\/05\/kolarevic-kompletnu-proizvodnju-izvozi-srpski-namestaj-u-austriji-nemackoj-svajcarskoj\/sajam-namestaja-keln\/'><img loading=\"lazy\" decoding=\"async\" width=\"150\" height=\"150\" src=\"https:\/\/centralmedia.rs\/wp-content\/uploads\/2016\/12\/sajam-namestaja-keln-150x150.jpg\" class=\"attachment-thumbnail size-thumbnail\" alt=\"\" \/><\/a>\n\t\t\t<\/div><\/figure>\n\t\t<\/div>\n\n<p>On je biznis karijeru po\u010deo sa ocem i bratom, danas su u rad kompanije uklju\u010dene supruga, \u0107erka i sin.<\/p>\n<p><em>&#8211;<\/em>\u0106erka, Danijela Kolarevi\u0107 Gili\u0107, je jedina iz porodice u struci. Ona je dizajner enterijera, ali je studirala \u0160umarski fakultet \u2013 preradu drveta. Stigla je do \u010detvrte godine kada sam joj sugerisao, obzirom na to da ona ima smisla za dizajn, da promeni fakultet i ona je to i uradila. Dok je ona studirala mi smo ve\u0107 radili sa drvetom. Ja sam zadovoljan onim \u0161to ona daje ovoj firmi. Od nedavno se, po zavr\u0161etku profesionalnog bavljenja sportom, kompaniji priklju\u010dio sin koji \u0107e se baviti menad\u017eerskim poslovima,zavr\u0161ava razgovor Du\u0161an Kolarevi\u0107.<\/p>\n<p>Razglednica iz \u0106i\u0107evca\u2013 Ovaj projekat se realizuje uz pomo\u0107 sredstava iz bud\u017eeta Op\u0161tine \u0106i\u0107evac<a href=\"https:\/\/centralmedia.rs\/wp-content\/uploads\/2016\/12\/baner-za-projekte-final-jpg.jpg\"><img loading=\"lazy\" decoding=\"async\" class=\"size-full wp-image-5631 aligncenter\" src=\"https:\/\/centralmedia.rs\/wp-content\/uploads\/2016\/12\/baner-za-projekte-final-jpg.jpg\" alt=\"baner-za-projekte-final-jpg\" width=\"500\" height=\"150\" srcset=\"https:\/\/centralmedia.rs\/wp-content\/uploads\/2016\/12\/baner-za-projekte-final-jpg.jpg 500w, https:\/\/centralmedia.rs\/wp-content\/uploads\/2016\/12\/baner-za-projekte-final-jpg-300x90.jpg 300w\" sizes=\"(max-width: 500px) 100vw, 500px\" \/><\/a><\/p>\n<p>&nbsp;<\/p>\n","protected":false},"excerpt":{"rendered":"<p>\u0106I\u0106EVAC-Kompanija \u201eKolarevi\u0107\u201c iz \u0106i\u0107evca je me\u0111u najve\u0107im izvoznicima u Rasinskom okrugu, a kompletnu godi\u0161nju proizvodnju masivnog name\u0161taja proda u Austriji, \u0160vajcarskoj i Nema\u010dkoj. -Godi\u0161nji izvoz &hellip; <\/p>\n","protected":false},"author":4,"featured_media":5664,"comment_status":"open","ping_status":"open","sticky":false,"template":"","format":"standard","meta":{"footnotes":""},"categories":[22,1515,1524,2,887],"tags":[667,40,1477,1478],"_links":{"self":[{"href":"https:\/\/centralmedia.rs\/index.php\/wp-json\/wp\/v2\/posts\/5663"}],"collection":[{"href":"https:\/\/centralmedia.rs\/index.php\/wp-json\/wp\/v2\/posts"}],"about":[{"href":"https:\/\/centralmedia.rs\/index.php\/wp-json\/wp\/v2\/types\/post"}],"author":[{"embeddable":true,"href":"https:\/\/centralmedia.rs\/index.php\/wp-json\/wp\/v2\/users\/4"}],"replies":[{"embeddable":true,"href":"https:\/\/centralmedia.rs\/index.php\/wp-json\/wp\/v2\/comments?post=5663"}],"version-history":[{"count":0,"href":"https:\/\/centralmedia.rs\/index.php\/wp-json\/wp\/v2\/posts\/5663\/revisions"}],"wp:featuredmedia":[{"embeddable":true,"href":"https:\/\/centralmedia.rs\/index.php\/wp-json\/wp\/v2\/media\/5664"}],"wp:attachment":[{"href":"https:\/\/centralmedia.rs\/index.php\/wp-json\/wp\/v2\/media?parent=5663"}],"wp:term":[{"taxonomy":"category","embeddable":true,"href":"https:\/\/centralmedia.rs\/index.php\/wp-json\/wp\/v2\/categories?post=5663"},{"taxonomy":"post_tag","embeddable":true,"href":"https:\/\/centralmedia.rs\/index.php\/wp-json\/wp\/v2\/tags?post=5663"}],"curies":[{"name":"wp","href":"https:\/\/api.w.org\/{rel}","templated":true}]}}