{"id":5697,"date":"2016-12-07T08:27:20","date_gmt":"2016-12-07T08:27:20","guid":{"rendered":"http:\/\/centralmedia.rs\/?p=5697"},"modified":"2016-12-07T08:59:05","modified_gmt":"2016-12-07T08:59:05","slug":"pozar-u-skoli-u-crkvencu","status":"publish","type":"post","link":"https:\/\/centralmedia.rs\/index.php\/2016\/12\/07\/pozar-u-skoli-u-crkvencu\/","title":{"rendered":"PO\u017dAR U \u0160KOLI U CRKVENCU"},"content":{"rendered":"<p>SVILAJNAC-U toku je ga\u0161enje po\u017eara koji je jutros izbio na krovu osnovne \u0161kole u Crkvencu kod Svilajnca, potvr\u0111eno je iz op\u0161tinske uprave. Za sada nema podataka\u00a0 da li ima povre\u0111enih lica i da li su deca ulazila jutros u \u0161kolu. \u0160kola je po\u010detkom ove godine rekonstruisana.<\/p>\n","protected":false},"excerpt":{"rendered":"<p>SVILAJNAC-U toku je ga\u0161enje po\u017eara koji je jutros izbio na krovu osnovne \u0161kole u Crkvencu kod Svilajnca, potvr\u0111eno je iz op\u0161tinske uprave. Za sada nema &hellip; <\/p>\n","protected":false},"author":4,"featured_media":2132,"comment_status":"open","ping_status":"open","sticky":false,"template":"","format":"standard","meta":{"footnotes":""},"categories":[20],"tags":[548,323,38],"_links":{"self":[{"href":"https:\/\/centralmedia.rs\/index.php\/wp-json\/wp\/v2\/posts\/5697"}],"collection":[{"href":"https:\/\/centralmedia.rs\/index.php\/wp-json\/wp\/v2\/posts"}],"about":[{"href":"https:\/\/centralmedia.rs\/index.php\/wp-json\/wp\/v2\/types\/post"}],"author":[{"embeddable":true,"href":"https:\/\/centralmedia.rs\/index.php\/wp-json\/wp\/v2\/users\/4"}],"replies":[{"embeddable":true,"href":"https:\/\/centralmedia.rs\/index.php\/wp-json\/wp\/v2\/comments?post=5697"}],"version-history":[{"count":0,"href":"https:\/\/centralmedia.rs\/index.php\/wp-json\/wp\/v2\/posts\/5697\/revisions"}],"wp:featuredmedia":[{"embeddable":true,"href":"https:\/\/centralmedia.rs\/index.php\/wp-json\/wp\/v2\/media\/2132"}],"wp:attachment":[{"href":"https:\/\/centralmedia.rs\/index.php\/wp-json\/wp\/v2\/media?parent=5697"}],"wp:term":[{"taxonomy":"category","embeddable":true,"href":"https:\/\/centralmedia.rs\/index.php\/wp-json\/wp\/v2\/categories?post=5697"},{"taxonomy":"post_tag","embeddable":true,"href":"https:\/\/centralmedia.rs\/index.php\/wp-json\/wp\/v2\/tags?post=5697"}],"curies":[{"name":"wp","href":"https:\/\/api.w.org\/{rel}","templated":true}]}}