{"id":5702,"date":"2016-12-07T17:55:45","date_gmt":"2016-12-07T17:55:45","guid":{"rendered":"http:\/\/centralmedia.rs\/?p=5702"},"modified":"2016-12-07T17:55:45","modified_gmt":"2016-12-07T17:55:45","slug":"lokalizovan-pozar-dvojica-vatrogasaca-povredjeno","status":"publish","type":"post","link":"https:\/\/centralmedia.rs\/index.php\/2016\/12\/07\/lokalizovan-pozar-dvojica-vatrogasaca-povredjeno\/","title":{"rendered":"LOKALIZOVAN PO\u017dAR, DVOJICA VATROGASACA POVRE\u0110ENO"},"content":{"rendered":"<p>SVILAJNAC-Po\u017ear na krovu \u0161kole u Crkvencu kod Svilajnca lokalizovan \u00a0je posle \u0161est sati borbe sa vetrenom stihijom. Prema re\u010dima komandanta Vatrogasnog bataljona Sa\u0161e Ignjatovi\u0107a dvojica vatrogasaca su povredjeni i hospitalizovani u \u0107uprijskoj bolnici.<\/p>\n<div id='gallery-1' class='gallery galleryid-5702 gallery-columns-2 gallery-size-thumbnail'><figure class='gallery-item'>\n\t\t\t<div class='gallery-icon portrait'>\n\t\t\t\t<a href='https:\/\/centralmedia.rs\/index.php\/2016\/12\/07\/lokalizovan-pozar-dvojica-vatrogasaca-povredjeno\/skola-2\/'><img loading=\"lazy\" decoding=\"async\" width=\"150\" height=\"150\" src=\"https:\/\/centralmedia.rs\/wp-content\/uploads\/2016\/12\/skola-150x150.jpg\" class=\"attachment-thumbnail size-thumbnail\" alt=\"\" \/><\/a>\n\t\t\t<\/div><\/figure><figure class='gallery-item'>\n\t\t\t<div class='gallery-icon portrait'>\n\t\t\t\t<a href='https:\/\/centralmedia.rs\/index.php\/2016\/12\/07\/lokalizovan-pozar-dvojica-vatrogasaca-povredjeno\/skola-2-2\/'><img loading=\"lazy\" decoding=\"async\" width=\"150\" height=\"150\" src=\"https:\/\/centralmedia.rs\/wp-content\/uploads\/2016\/12\/skola-2-150x150.jpg\" class=\"attachment-thumbnail size-thumbnail\" alt=\"\" \/><\/a>\n\t\t\t<\/div><\/figure>\n\t\t<\/div>\n\n<p>-Jednom je konstatovan prelom podlaktice, a drugom kontuzija rebara. Prilikom ga\u0161enja po\u017eara deo krovne konstrukcije je pao na njih. Jedan od vatrogasaca je pu\u0161ten na ku\u0107no le\u010denje, isti\u010de Ignjatovi\u0107.<\/p>\n<p>U intervenciji je anga\u017eovano pet vozila i 20 vatrogasaca. Po\u017ear je prime\u0107en oko 8 sati da delu krova, ali se veoma brzo \u0161irio paljenjem izolacije. Odmah su evakuisani u\u010denici, radnici \u0161kole i vrti\u0107a, kao i penzinisani nastavnik koji je nepokretan i \u017eivi sa suprugom na spratu u \u0161kolskom stanu.<\/p>\n<p>-\u0160teta na \u0161koli je ogromna. Prema prvim procenama oko 8 miliona dinara. Objekat je osiguran na 36 miliona dinara, rekao je direktor \u0161kole Igor Dimi\u0107.<\/p>\n<p>Objekat je kompletno rekonstruisan i otvoren u februaru ove godine.<\/p>\n","protected":false},"excerpt":{"rendered":"<p>SVILAJNAC-Po\u017ear na krovu \u0161kole u Crkvencu kod Svilajnca lokalizovan \u00a0je posle \u0161est sati borbe sa vetrenom stihijom. Prema re\u010dima komandanta Vatrogasnog bataljona Sa\u0161e Ignjatovi\u0107a dvojica &hellip; <\/p>\n","protected":false},"author":4,"featured_media":5703,"comment_status":"open","ping_status":"open","sticky":false,"template":"","format":"standard","meta":{"footnotes":""},"categories":[20,2],"tags":[323,497,38],"_links":{"self":[{"href":"https:\/\/centralmedia.rs\/index.php\/wp-json\/wp\/v2\/posts\/5702"}],"collection":[{"href":"https:\/\/centralmedia.rs\/index.php\/wp-json\/wp\/v2\/posts"}],"about":[{"href":"https:\/\/centralmedia.rs\/index.php\/wp-json\/wp\/v2\/types\/post"}],"author":[{"embeddable":true,"href":"https:\/\/centralmedia.rs\/index.php\/wp-json\/wp\/v2\/users\/4"}],"replies":[{"embeddable":true,"href":"https:\/\/centralmedia.rs\/index.php\/wp-json\/wp\/v2\/comments?post=5702"}],"version-history":[{"count":0,"href":"https:\/\/centralmedia.rs\/index.php\/wp-json\/wp\/v2\/posts\/5702\/revisions"}],"wp:featuredmedia":[{"embeddable":true,"href":"https:\/\/centralmedia.rs\/index.php\/wp-json\/wp\/v2\/media\/5703"}],"wp:attachment":[{"href":"https:\/\/centralmedia.rs\/index.php\/wp-json\/wp\/v2\/media?parent=5702"}],"wp:term":[{"taxonomy":"category","embeddable":true,"href":"https:\/\/centralmedia.rs\/index.php\/wp-json\/wp\/v2\/categories?post=5702"},{"taxonomy":"post_tag","embeddable":true,"href":"https:\/\/centralmedia.rs\/index.php\/wp-json\/wp\/v2\/tags?post=5702"}],"curies":[{"name":"wp","href":"https:\/\/api.w.org\/{rel}","templated":true}]}}