{"id":5707,"date":"2016-12-07T19:25:08","date_gmt":"2016-12-07T19:25:08","guid":{"rendered":"http:\/\/centralmedia.rs\/?p=5707"},"modified":"2016-12-14T23:01:52","modified_gmt":"2016-12-14T23:01:52","slug":"obnovljivi-izvori-enegije-u-cicevcu-osam-hidrocentrala","status":"publish","type":"post","link":"https:\/\/centralmedia.rs\/index.php\/2016\/12\/07\/obnovljivi-izvori-enegije-u-cicevcu-osam-hidrocentrala\/","title":{"rendered":"OBNOVLJIVI IZVORI ENERGIJE U \u0106I\u0106EVCU &#8211; OSAM HIDROCENTRALA"},"content":{"rendered":"<p>\u0106I\u0106EVAC-Obnovljivi izvori energije zna\u010dajan su privredni potencijal \u0106i\u0107evca. Prostornim planom op\u0161tine predvi\u0111eno je ukupno osam lokacija za izgradnju mini hidroelektrana: na Ju\u017enoj Moravi pet, na Zapadnoj Moravi tri. Snaga mini hidroelektrana kretala bi se od 5 do 8 MW. Italijanska firma \u201eSistema Rinova\u201c\u00a0 je zainteresovana izgradnju dve centrale na Ju\u017enoj Moravi,kod Stala\u0107a.<\/p>\n<p>-Zainteresovani investitori treba da podnesu resornom ministarstvu \u00a0zahtev za energetsku dozvolu. Italijani su zainteresovani za dve hidrocentrale snage po 4,5 megavata na lokacijama Grad Stala\u0107 i Braljina. Prostornim planom na teritoriji op\u0161tine predvi\u0111ena je izgradnja pet hidrocentrala na Ju\u017enoj i tri na Zapadnoj Moravi, \u00a0ka\u017ee predsednik te op\u0161tine Zlatan Krki\u0107.<\/p>\n<figure id=\"attachment_5848\" aria-describedby=\"caption-attachment-5848\" style=\"width: 900px\" class=\"wp-caption alignnone\"><a href=\"https:\/\/centralmedia.rs\/wp-content\/uploads\/2016\/12\/zlatan-krkic.jpg\"><img loading=\"lazy\" decoding=\"async\" class=\"size-full wp-image-5848\" src=\"https:\/\/centralmedia.rs\/wp-content\/uploads\/2016\/12\/zlatan-krkic.jpg\" alt=\"\" width=\"900\" height=\"675\" srcset=\"https:\/\/centralmedia.rs\/wp-content\/uploads\/2016\/12\/zlatan-krkic.jpg 900w, https:\/\/centralmedia.rs\/wp-content\/uploads\/2016\/12\/zlatan-krkic-300x225.jpg 300w, https:\/\/centralmedia.rs\/wp-content\/uploads\/2016\/12\/zlatan-krkic-768x576.jpg 768w, https:\/\/centralmedia.rs\/wp-content\/uploads\/2016\/12\/zlatan-krkic-80x60.jpg 80w, https:\/\/centralmedia.rs\/wp-content\/uploads\/2016\/12\/zlatan-krkic-265x198.jpg 265w\" sizes=\"(max-width: 900px) 100vw, 900px\" \/><\/a><figcaption id=\"caption-attachment-5848\" class=\"wp-caption-text\">Zlatan Krki\u0107<\/figcaption><\/figure>\n<p>Pored toga, razvoj privrede mogu da intenziviraju investicije na \u0161irenju industrijske zone \u201cPojate\u201d kupovinom privatnih parcela, formiranje nove Industrijske zone \u201cKo\u0161ari\u201d, kao i izgradnja mini hidrocentrala a to su investicioni prioriteti op\u0161tine do 2020.godine. Tome treba dodati i podsticaje razvoju preduzetni\u0161tva, koji mogu da budu od velikog zna\u010daja kroz zanatske usluge, seoski i verski turizam.<\/p>\n<div id='gallery-1' class='gallery galleryid-5707 gallery-columns-2 gallery-size-thumbnail'><figure class='gallery-item'>\n\t\t\t<div class='gallery-icon landscape'>\n\t\t\t\t<a href='https:\/\/centralmedia.rs\/index.php\/2016\/12\/07\/obnovljivi-izvori-enegije-u-cicevcu-osam-hidrocentrala\/unregistered-rawshooter-essentials-2005-1-1-2-bld-14\/'><img loading=\"lazy\" decoding=\"async\" width=\"150\" height=\"150\" src=\"https:\/\/centralmedia.rs\/wp-content\/uploads\/2016\/12\/kula-stalac-150x150.jpg\" class=\"attachment-thumbnail size-thumbnail\" alt=\"\" \/><\/a>\n\t\t\t<\/div><\/figure><figure class='gallery-item'>\n\t\t\t<div class='gallery-icon landscape'>\n\t\t\t\t<a href='https:\/\/centralmedia.rs\/index.php\/2016\/12\/07\/obnovljivi-izvori-enegije-u-cicevcu-osam-hidrocentrala\/kula-todorova-2\/'><img loading=\"lazy\" decoding=\"async\" width=\"150\" height=\"150\" src=\"https:\/\/centralmedia.rs\/wp-content\/uploads\/2016\/12\/kula-todorova-2-150x150.jpg\" class=\"attachment-thumbnail size-thumbnail\" alt=\"\" \/><\/a>\n\t\t\t<\/div><\/figure>\n\t\t<\/div>\n\n<p>Op\u0161tina \u0106i\u0107evac ima 1.093 nezaposlena i oko 1.100 zaposlenih lica. Udeo aktivnog u ukupnom broju stanovnika je po\u010detkom 2016.godine iznosio 42 odsto. Oko 38 odsto gra\u0111ana bez posla ima prvi stepenom stru\u010dne spreme.To jedan od opredelju\u0107ih faktora za planiranje \u00a0eventualnih investicija. Pored ljudskih resursa, potencijali \u0106i\u0107evca su lokacija i blizina me\u0111unarodnih saobra\u0107ajnica, turisti\u010dki i istorijski lokaliteti. Te prednosti do sada nisu adekvatno prezentovane investitorima, odnosno oni nemaju informacije o tome.<\/p>\n<p>Povoljan polo\u017eaj na raskirsnici koridora jedan je od najva\u017enijih potencijala \u0106i\u0107evca.<\/p>\n<p>\u2013\u00a0Dobra okolnost za privla\u010denje investitora je \u0161to je op\u0161tina sa 10 naseljenih mesta okru\u017eena teritorijama grada Kru\u0161evca, op\u0161tina Varvarin, Para\u0107in i Ra\u017eanj, a kroz samo sedi\u0161te op\u0161tine prolazi magistralni put, podse\u0107a predsednik op\u0161tine Krki\u0107 i dodaje da blizina Koridora 10, ali i druge pozicione karakteristike same teritorije omogu\u0107avaju dobre veze sa svim regionima u Srbiji i u susednim dr\u017eavama.<\/p>\n<p>Ukr\u0161anje drumskih i \u017eelezni\u010dkih koridora, u budu\u0107nosti i re\u010dnih, predstavljaju sre\u0107nu karakteristiku, koja mo\u017ee da omogu\u0107i brz transport robe i razmenu svake vrste. Ali, investicije pre svega u industrijskoj zoni \u201ePojate\u201c su izostale.<\/p>\n<div id='gallery-2' class='gallery galleryid-5707 gallery-columns-2 gallery-size-thumbnail'><figure class='gallery-item'>\n\t\t\t<div class='gallery-icon landscape'>\n\t\t\t\t<a href='https:\/\/centralmedia.rs\/index.php\/2016\/12\/02\/antic-kosta-srpski-mercedes\/proizvodnja1\/'><img loading=\"lazy\" decoding=\"async\" width=\"150\" height=\"150\" src=\"https:\/\/centralmedia.rs\/wp-content\/uploads\/2016\/12\/proizvodnja1-150x150.jpg\" class=\"attachment-thumbnail size-thumbnail\" alt=\"\" \/><\/a>\n\t\t\t<\/div><\/figure><figure class='gallery-item'>\n\t\t\t<div class='gallery-icon landscape'>\n\t\t\t\t<a href='https:\/\/centralmedia.rs\/index.php\/2016\/12\/02\/antic-kosta-srpski-mercedes\/proizvodnja7\/'><img loading=\"lazy\" decoding=\"async\" width=\"150\" height=\"150\" src=\"https:\/\/centralmedia.rs\/wp-content\/uploads\/2016\/12\/proizvodnja7-150x150.jpg\" class=\"attachment-thumbnail size-thumbnail\" alt=\"\" \/><\/a>\n\t\t\t<\/div><\/figure>\n\t\t<\/div>\n\n<p>Najve\u0107i broj preduze\u0107a u toj zoni je prete\u017eno u drvno \u2013 prera\u0111iva\u010dkoj \u00a0industriji, preradi mesa i sto\u010dne hrane, kao i sektoru usluga. Samo pet hektara, do 36 hektara, \u00a0u vlasni\u0161tvu je op\u0161tine. Na tri hektara nije omogu\u0107ena gradnja, a potencijalnim investitorima na raspolaganju je dva hektara.<\/p>\n<p>-Razmi\u0161ljamo o kupovini privatnih parcela \u0161to, opet, zavisi od finansijskih mogu\u0107nosti. Me\u0111utim, grinfild investicije nisu i jedina mogu\u0107a investicija u op\u0161tini. Lokacije u privatnom vlasni\u0161tvu pogodne su za raznovrsne delatnosti. Odlukom o utvr\u0111ivanju doprinosa za ure\u0111ivanje gra\u0111evinskog zemlji\u0161ta tarife za komunalije\u00a0 mogu da se smanje za 20 odsto, pri\u010da Krki\u0107.<\/p>\n<p>Op\u0161tina nudi dve hale u industrijskoj zoni \u201cPojate\u201d. Jedna hala od 1.000 kvadrata koja je sme\u0161tena na 3.700 kvadrata povr\u0161ine pogodna je za magacinski prostor, dok je druga od 1.040 kvadrata, hala na zemlji\u0161tu povr\u0161ine 15.000 kvadrata, i re\u010d je o objektu sa termoizolacijom krova, koji mo\u017ee da slu\u017ei za proizvodnju i za su\u0161aru.<\/p>\n<p>Kada se uzmu u obzir svi problem koji karakteri\u0161u privredu \u0106i\u0107evac, ne \u010dudi \u0161to je ova lokalna samouprava sa 10.000 stanovnika, suo\u010dena sa odlivom mladih ljudi, nerazvijenom privredom i zna\u010dajnim brojem nezaposlenih sa skromnom obrazovnom strukturom.<\/p>\n<p>Namere op\u0161tinara i gra\u0111ana u pogledu reindustrijalizacije su u raskoraku su sa kapacitetima lokalne samouprave, ali i ozbiljnijim ulaganjima sa republi\u010dkog nivoa. Da bi se razvila postoje\u0107a industrijska zona potrebne su investicije u elektrifikaciju, dok je izgradnja lokalne puteva i sme\u0161tajnih kapaciteta zna\u010dajna prepreka za razvoj turizma.<\/p>\n<p><strong>,,\u0106i\u0107eva\u010dka razglednica&#8221; &#8211; Ovaj projekat se realizuje uz pomo\u0107 sredstava iz bud\u017eeta Op\u0161tine Para\u0107in <\/strong><\/p>\n<p><a href=\"https:\/\/centralmedia.rs\/wp-content\/uploads\/2016\/12\/baner-za-projekte-final-jpg.jpg\"><img loading=\"lazy\" decoding=\"async\" class=\"alignnone size-full wp-image-5631\" src=\"https:\/\/centralmedia.rs\/wp-content\/uploads\/2016\/12\/baner-za-projekte-final-jpg.jpg\" alt=\"\" width=\"500\" height=\"150\" srcset=\"https:\/\/centralmedia.rs\/wp-content\/uploads\/2016\/12\/baner-za-projekte-final-jpg.jpg 500w, https:\/\/centralmedia.rs\/wp-content\/uploads\/2016\/12\/baner-za-projekte-final-jpg-300x90.jpg 300w\" sizes=\"(max-width: 500px) 100vw, 500px\" \/><\/a><\/p>\n","protected":false},"excerpt":{"rendered":"<p>\u0106I\u0106EVAC-Obnovljivi izvori energije zna\u010dajan su privredni potencijal \u0106i\u0107evca. Prostornim planom op\u0161tine predvi\u0111eno je ukupno osam lokacija za izgradnju mini hidroelektrana: na Ju\u017enoj Moravi pet, na &hellip; <\/p>\n","protected":false},"author":4,"featured_media":5708,"comment_status":"open","ping_status":"open","sticky":false,"template":"","format":"standard","meta":{"footnotes":""},"categories":[22,1521,1524,887],"tags":[],"_links":{"self":[{"href":"https:\/\/centralmedia.rs\/index.php\/wp-json\/wp\/v2\/posts\/5707"}],"collection":[{"href":"https:\/\/centralmedia.rs\/index.php\/wp-json\/wp\/v2\/posts"}],"about":[{"href":"https:\/\/centralmedia.rs\/index.php\/wp-json\/wp\/v2\/types\/post"}],"author":[{"embeddable":true,"href":"https:\/\/centralmedia.rs\/index.php\/wp-json\/wp\/v2\/users\/4"}],"replies":[{"embeddable":true,"href":"https:\/\/centralmedia.rs\/index.php\/wp-json\/wp\/v2\/comments?post=5707"}],"version-history":[{"count":0,"href":"https:\/\/centralmedia.rs\/index.php\/wp-json\/wp\/v2\/posts\/5707\/revisions"}],"wp:featuredmedia":[{"embeddable":true,"href":"https:\/\/centralmedia.rs\/index.php\/wp-json\/wp\/v2\/media\/5708"}],"wp:attachment":[{"href":"https:\/\/centralmedia.rs\/index.php\/wp-json\/wp\/v2\/media?parent=5707"}],"wp:term":[{"taxonomy":"category","embeddable":true,"href":"https:\/\/centralmedia.rs\/index.php\/wp-json\/wp\/v2\/categories?post=5707"},{"taxonomy":"post_tag","embeddable":true,"href":"https:\/\/centralmedia.rs\/index.php\/wp-json\/wp\/v2\/tags?post=5707"}],"curies":[{"name":"wp","href":"https:\/\/api.w.org\/{rel}","templated":true}]}}