{"id":5712,"date":"2016-12-07T23:55:43","date_gmt":"2016-12-07T23:55:43","guid":{"rendered":"http:\/\/centralmedia.rs\/?p=5712"},"modified":"2016-12-14T23:00:03","modified_gmt":"2016-12-14T23:00:03","slug":"fondacija-novak-djokovic-u-cupriji-svilajncu","status":"publish","type":"post","link":"https:\/\/centralmedia.rs\/index.php\/2016\/12\/07\/fondacija-novak-djokovic-u-cupriji-svilajncu\/","title":{"rendered":"FONDACIJA NOVAK \u0110OKOVI\u0106 U \u0106UPRIJI I SVILAJNCU"},"content":{"rendered":"<p>Novak \u0110okovi\u0107 fondacija u okviru projekta pomo\u0107i poplavljenim podru\u010djima donirala je sredstva \u00a0Srednjoj \u0161koli \u201eSvilajnac\u201c u Svilajncu i Pred\u0161kolskoj ustanovi \u201eDe\u010dja radost\u201c u \u0106upriji. Re\u010d je donacijama u ukupnom iznosu od\u00a03 miliona dinara, usmerenim na objekte koji su o\u0161te\u0107eni u poplavama koje su pogodile ove op\u0161tine u 2016. godini. Zahvaljuju\u0107i pomo\u0107i fondacije u srednjo\u0161kolci u Svilajncu dobili su novi name\u0161taj za u\u010dionice, a vrti\u0107 \u201eDe\u010dja radost\u201c iz \u0106uprije dobio je 255 novih stolica i 85 ormari\u0107a za potrebe\u00a0najmla\u0111ih.<\/p>\n<p>Gorana D\u017eud\u017ea Jakovljevi\u0107, projektna menad\u017eerka Novak \u0110okovi\u0107 fondacije,\u00a0istakla je danas prilikom obilaska \u0161kole u Svilajncu i vrti\u0107a u \u0106upriji da su sve donacije realizovane zahvaljuju\u0107i odli\u010dnoj saradnji sa lokalnim\u00a0samoupravama.<\/p>\n<p>-Rad Novak \u0110okovi\u0107 fondacije je usmeren prvenstveno na projekte koji se bave ranim razvojem i ranim obrazovanjem. Ipak, u te\u0161kim situacijama kao \u0161to su poplave, kada je potrebno brzo reagovati i pomo\u0107i, oduvek smo bili spremni da se sami anga\u017eujemo ili odazovemo zahtevima lokalnih samouprava. Tako smo donaciju u Svilajncu realizovali nakon poziva predsednika op\u0161tine i donirali sredstva u iznosu od 2.131.440 dinara za kupovinu name\u0161taja u \u0161koli, koju poha\u0111a 417 \u0111aka. Saradnja sa ovom op\u0161tinom je zapo\u010dela jo\u0161 2014. godine, kada smo pomogli sanaciju vrti\u0107a \u201eDe\u010dja radost\u201c, koji je te godine te\u0161ko o\u0161te\u0107en u poplavama. Radujemo se i \u0161to smo pomogli mali\u0161anima u \u0106upriji, i pravo je zadovoljstvo videti nov name\u0161taj u njihovim vrti\u0107ima \u2013\u00a0istakla je D\u017eud\u017ea\u00a0Jakovljevi\u0107.<\/p>\n<p>-Srednja \u0161kola Svilajnac do sada je imala priliku da dva puta sara\u0111uje sa Fondacijom Novak \u0110okovi\u0107. Pro\u0161le \u0161kolske godine realizovali smo projekat rekonstrukcije i opremanja kabineta hemije, a ove godine smo sredstvima Fondacije kompletno opremili \u0161kolskim name\u0161tajem jednu od zgrada u kojima se realizuje nastava. Na taj na\u010din zna\u010dajno je unapre\u0111en kvalitet uslova u kojima borave i obrazuju se na\u0161i u\u010denici. Za nas je posebno bitno \u0161to su ove donacije realizovane u periodu u kome obele\u017eavamo 140 godina od osnivanja \u0161kole, \u010dime je Fondacija doprinela da ovaj za nas izuzetno va\u017ean jubilej obele\u017eimo u odgovaraju\u0107em okru\u017eenju, kazao je predsednik te op\u0161tine Predrag Milanovi\u0107.<\/p>\n<p>U PU \u201eDe\u010dja radost\u201c u \u0106upriji isti\u010du da su donaciju dobili zahvaljuju\u0107i prijavi na konkurs Fondacije i da je ona usre\u0107ila i pobolj\u0161ala uslove boravka 250 dece i to u vrti\u0107ima \u201eBambi\u201c i\u00a0\u201e\u0160e\u0107erko\u201c.<\/p>\n<p>Novim stolicama i ormari\u0107ima omogu\u0107ili smo deci bezbednu sredinu za rast i razvoj i zadovoljili estetske potrebe dece, roditelja i, naravno, svih zaposlenih. Va\u0161 tim prepoznao je realne potrebe na\u0161e ustanove, na \u010demu smo vam neizmerno zahvalni. Fotografije i video-zapisi govore vi\u0161e nego same re\u010di \u2013\u00a0pojasnila je Sne\u017eana Ili\u0107, direktorka PU \u201eDe\u010dja radost\u201c iz\u00a0\u0106uprije.<\/p>\n<p>Ovaj projekat se realizuje uz pomo\u0107 sredstava iz bud\u017eeta op\u0161tina Svilajanc i \u0106uprija<a href=\"https:\/\/centralmedia.rs\/wp-content\/uploads\/2016\/12\/baner-za-projekte-final-jpg.jpg\"><img loading=\"lazy\" decoding=\"async\" class=\"size-full wp-image-5631 aligncenter\" src=\"https:\/\/centralmedia.rs\/wp-content\/uploads\/2016\/12\/baner-za-projekte-final-jpg.jpg\" alt=\"\" width=\"500\" height=\"150\" srcset=\"https:\/\/centralmedia.rs\/wp-content\/uploads\/2016\/12\/baner-za-projekte-final-jpg.jpg 500w, https:\/\/centralmedia.rs\/wp-content\/uploads\/2016\/12\/baner-za-projekte-final-jpg-300x90.jpg 300w\" sizes=\"(max-width: 500px) 100vw, 500px\" \/><\/a><\/p>\n<p>&nbsp;<\/p>\n","protected":false},"excerpt":{"rendered":"<p>Novak \u0110okovi\u0107 fondacija u okviru projekta pomo\u0107i poplavljenim podru\u010djima donirala je sredstva \u00a0Srednjoj \u0161koli \u201eSvilajnac\u201c u Svilajncu i Pred\u0161kolskoj ustanovi \u201eDe\u010dja radost\u201c u \u0106upriji. Re\u010d &hellip; <\/p>\n","protected":false},"author":4,"featured_media":5713,"comment_status":"open","ping_status":"open","sticky":false,"template":"","format":"standard","meta":{"footnotes":""},"categories":[1515,14,1524,2,887,12,1517],"tags":[44,382,38],"_links":{"self":[{"href":"https:\/\/centralmedia.rs\/index.php\/wp-json\/wp\/v2\/posts\/5712"}],"collection":[{"href":"https:\/\/centralmedia.rs\/index.php\/wp-json\/wp\/v2\/posts"}],"about":[{"href":"https:\/\/centralmedia.rs\/index.php\/wp-json\/wp\/v2\/types\/post"}],"author":[{"embeddable":true,"href":"https:\/\/centralmedia.rs\/index.php\/wp-json\/wp\/v2\/users\/4"}],"replies":[{"embeddable":true,"href":"https:\/\/centralmedia.rs\/index.php\/wp-json\/wp\/v2\/comments?post=5712"}],"version-history":[{"count":0,"href":"https:\/\/centralmedia.rs\/index.php\/wp-json\/wp\/v2\/posts\/5712\/revisions"}],"wp:featuredmedia":[{"embeddable":true,"href":"https:\/\/centralmedia.rs\/index.php\/wp-json\/wp\/v2\/media\/5713"}],"wp:attachment":[{"href":"https:\/\/centralmedia.rs\/index.php\/wp-json\/wp\/v2\/media?parent=5712"}],"wp:term":[{"taxonomy":"category","embeddable":true,"href":"https:\/\/centralmedia.rs\/index.php\/wp-json\/wp\/v2\/categories?post=5712"},{"taxonomy":"post_tag","embeddable":true,"href":"https:\/\/centralmedia.rs\/index.php\/wp-json\/wp\/v2\/tags?post=5712"}],"curies":[{"name":"wp","href":"https:\/\/api.w.org\/{rel}","templated":true}]}}