{"id":5733,"date":"2016-12-08T23:46:11","date_gmt":"2016-12-08T23:46:11","guid":{"rendered":"http:\/\/centralmedia.rs\/?p=5733"},"modified":"2016-12-14T22:55:06","modified_gmt":"2016-12-14T22:55:06","slug":"pretpremijera-hora-beckih-decaka-u-svilajncu-peca-irfan-boda-odusevili-publiku","status":"publish","type":"post","link":"https:\/\/centralmedia.rs\/index.php\/2016\/12\/08\/pretpremijera-hora-beckih-decaka-u-svilajncu-peca-irfan-boda-odusevili-publiku\/","title":{"rendered":"PRETPREMIJERA ,,HORA BE\u010cKIH DE\u010cAKA\u201d U SVILAJNCU &#8211; PECA, IRFAN I BODA ODU\u0160EVILI PUBLIKU"},"content":{"rendered":"<p>SVILAJNAC-Sat i po ovacija, aplauza, smeha\u2026ukratko bi glasio izve\u0161taj sa \u00a0\u00a0srpske pretpremijere predstave ,,Hor be\u010dkih de\u010daka\u201d ve\u010deras u Svilajncu. Predrag Ejdus, Irfan Mensur i Boda Ninkovi\u0107 igrali su lako, bez daha ostavljaju\u0107i publiku, zabavljaju\u0107i se na sceni. Beogradska premijera je u petak uve\u010de u 20 sati u teatru Carte blanshe u Zemunu.<\/p>\n<p>-Ovo je tragikomedija, komentar na \u017eivot danas, ne samo u dijaspori, ve\u0107 i ovde. Igram \u010doveka koji je \u017ertva tranzicije. Ne snalazi se u promenama dru\u0161tvenog sistema, tranzicije iz socijalizma u kapitalizam. Ova vrsta kapitalizma je neka vrsta neorobovlasni\u010dkog sistema. Divljaju sve nepo\u0161tene i nelogi\u010dne varijante. \u010citave generacije gube poslove, moraju da se snalaze. Za ljude u godinama veoma je stresno i komplikovano snala\u017eenje, posebno u inostranstvu, gotovo tragi\u010dno, rekao je Ejdus o svom liku Ace.<\/p>\n<p>Predstava je igrana po tekstu Miroljuba Nedovi\u0107a u adaptaciji i re\u017eiji Mensura.<\/p>\n<p>-Ve\u0107 tre\u0107i, \u010detvrti put\u00a0 sam u Svilajncu na ,,proveri\u201d pred beogradsku premijeru. Svilajnac ima dobru salu, koje su retke u Srbiji. Kada bi u Srbiji bilo mnogo ovakvih sala, rekao bih da je Srbija po\u010dela da vodi brigu o kulturi, da se bar stvore prostori gde \u0107emo ne\u0161to da \u010dinimo sa sobom. Svilajnac je izgradio pozori\u0161nu publiku, svet koji dolazi redovno na predstave, koji se priklonio pozori\u0161tu kao jednom od izlaza od sivila. Zato \u0107emo sa svakom novom predstavom dolaziti u Svilajnac da se proverimo, govori Mensur o odluci da Svilajn\u010dani prvi vide novu predstavu.<\/p>\n<div id='gallery-1' class='gallery galleryid-5733 gallery-columns-3 gallery-size-thumbnail'><figure class='gallery-item'>\n\t\t\t<div class='gallery-icon landscape'>\n\t\t\t\t<a href='https:\/\/centralmedia.rs\/index.php\/2016\/12\/08\/pretpremijera-hora-beckih-decaka-u-svilajncu-peca-irfan-boda-odusevili-publiku\/predstava-4-svilajnac-g-j\/'><img loading=\"lazy\" decoding=\"async\" width=\"150\" height=\"150\" src=\"https:\/\/centralmedia.rs\/wp-content\/uploads\/2016\/12\/predstava-4-svilajnac-g.j.-150x150.jpg\" class=\"attachment-thumbnail size-thumbnail\" alt=\"\" aria-describedby=\"gallery-1-5737\" \/><\/a>\n\t\t\t<\/div>\n\t\t\t\t<figcaption class='wp-caption-text gallery-caption' id='gallery-1-5737'>\n\t\t\t\tPredstava Hor be\u010dkih de\u010daka  \n\t\t\t\t<\/figcaption><\/figure><figure class='gallery-item'>\n\t\t\t<div class='gallery-icon landscape'>\n\t\t\t\t<a href='https:\/\/centralmedia.rs\/index.php\/2016\/12\/08\/pretpremijera-hora-beckih-decaka-u-svilajncu-peca-irfan-boda-odusevili-publiku\/predstava-svilajnac-g-j\/'><img loading=\"lazy\" decoding=\"async\" width=\"150\" height=\"150\" src=\"https:\/\/centralmedia.rs\/wp-content\/uploads\/2016\/12\/predstava-svilajnac-g.j.-150x150.jpg\" class=\"attachment-thumbnail size-thumbnail\" alt=\"\" \/><\/a>\n\t\t\t<\/div><\/figure><figure class='gallery-item'>\n\t\t\t<div class='gallery-icon landscape'>\n\t\t\t\t<a href='https:\/\/centralmedia.rs\/index.php\/2016\/12\/08\/pretpremijera-hora-beckih-decaka-u-svilajncu-peca-irfan-boda-odusevili-publiku\/predstava-3-svilajnac-g-j\/'><img loading=\"lazy\" decoding=\"async\" width=\"150\" height=\"150\" src=\"https:\/\/centralmedia.rs\/wp-content\/uploads\/2016\/12\/predstava-3-svilajnac-g.j.-150x150.jpg\" class=\"attachment-thumbnail size-thumbnail\" alt=\"\" \/><\/a>\n\t\t\t<\/div><\/figure>\n\t\t<\/div>\n\n<p>&#8211; Svi se nalazimo se u situaciji da moramo da prihvatimo ono \u0161to nam se doga\u0111a, ina\u010de bi izgubili zdrav razum. Ne treba pusti da sve pro\u0111e, ali doza, da se sve prebrodi nekim pozitivnim humorom, pozitnivnom energijom, je svojstvena srpskom narodu. Mislim da smo tako i pre\u017eiveli, obja\u0161njava on.<\/p>\n<p>-Sala u Svilajncu spada u sam vrh u Srbiji po tehni\u010dkim uslovima za igranje predstava. \u00a0Nema ni\u0161ta lep\u0161e nego da ljudi na kvalitetan na\u010din provedu dva sata u pozori\u0161tu, \u010duju i vide \u017eivu re\u010d, budu zadovoljni. Prezadovoljni smo ve\u010dera\u0161njom predstavom. Na\u0161li smo vezu sa publikom i uspeli. Mogli smo i u Beogradu da pravimo premijeru, ali \u010dovek koji vodi projekat je u dobrim odnosima sa Svilajncem, ponudio je i mi smo prihvatili sa velikom rado\u0161\u0107u. U\u017eivali smo ve\u010deras, kao i publika, rekao je Ninkovi\u0107.<a href=\"https:\/\/centralmedia.rs\/wp-content\/uploads\/2016\/12\/baner-za-projekte-final-jpg.jpg\"><img loading=\"lazy\" decoding=\"async\" class=\"alignnone size-full wp-image-5631\" src=\"https:\/\/centralmedia.rs\/wp-content\/uploads\/2016\/12\/baner-za-projekte-final-jpg.jpg\" alt=\"\" width=\"500\" height=\"150\" srcset=\"https:\/\/centralmedia.rs\/wp-content\/uploads\/2016\/12\/baner-za-projekte-final-jpg.jpg 500w, https:\/\/centralmedia.rs\/wp-content\/uploads\/2016\/12\/baner-za-projekte-final-jpg-300x90.jpg 300w\" sizes=\"(max-width: 500px) 100vw, 500px\" \/><\/a><\/p>\n<p>Svilajna\u010dka razglednica \u2013 Ovaj projekat se realizuje uz pomo\u0107 sredstava iz bud\u017eeta Op\u0161tine Svilajnac<\/p>\n","protected":false},"excerpt":{"rendered":"<p>SVILAJNAC-Sat i po ovacija, aplauza, smeha\u2026ukratko bi glasio izve\u0161taj sa \u00a0\u00a0srpske pretpremijere predstave ,,Hor be\u010dkih de\u010daka\u201d ve\u010deras u Svilajncu. Predrag Ejdus, Irfan Mensur i Boda &hellip; <\/p>\n","protected":false},"author":4,"featured_media":5734,"comment_status":"open","ping_status":"open","sticky":false,"template":"","format":"standard","meta":{"footnotes":""},"categories":[2,15,887,12],"tags":[50,1489,38],"_links":{"self":[{"href":"https:\/\/centralmedia.rs\/index.php\/wp-json\/wp\/v2\/posts\/5733"}],"collection":[{"href":"https:\/\/centralmedia.rs\/index.php\/wp-json\/wp\/v2\/posts"}],"about":[{"href":"https:\/\/centralmedia.rs\/index.php\/wp-json\/wp\/v2\/types\/post"}],"author":[{"embeddable":true,"href":"https:\/\/centralmedia.rs\/index.php\/wp-json\/wp\/v2\/users\/4"}],"replies":[{"embeddable":true,"href":"https:\/\/centralmedia.rs\/index.php\/wp-json\/wp\/v2\/comments?post=5733"}],"version-history":[{"count":0,"href":"https:\/\/centralmedia.rs\/index.php\/wp-json\/wp\/v2\/posts\/5733\/revisions"}],"wp:featuredmedia":[{"embeddable":true,"href":"https:\/\/centralmedia.rs\/index.php\/wp-json\/wp\/v2\/media\/5734"}],"wp:attachment":[{"href":"https:\/\/centralmedia.rs\/index.php\/wp-json\/wp\/v2\/media?parent=5733"}],"wp:term":[{"taxonomy":"category","embeddable":true,"href":"https:\/\/centralmedia.rs\/index.php\/wp-json\/wp\/v2\/categories?post=5733"},{"taxonomy":"post_tag","embeddable":true,"href":"https:\/\/centralmedia.rs\/index.php\/wp-json\/wp\/v2\/tags?post=5733"}],"curies":[{"name":"wp","href":"https:\/\/api.w.org\/{rel}","templated":true}]}}