{"id":5740,"date":"2016-12-10T13:09:43","date_gmt":"2016-12-10T13:09:43","guid":{"rendered":"http:\/\/centralmedia.rs\/?p=5740"},"modified":"2016-12-10T13:10:27","modified_gmt":"2016-12-10T13:10:27","slug":"srpski-indijasrpski-politicar-koji-je-odbio-620-hiljada-evra-da-proda-svoju-rec","status":"publish","type":"post","link":"https:\/\/centralmedia.rs\/index.php\/2016\/12\/10\/srpski-indijasrpski-politicar-koji-je-odbio-620-hiljada-evra-da-proda-svoju-rec\/","title":{"rendered":"SRPSKI POLITI\u010cAR KOJI JE ODBIO 620 HILJADA EVRA ZA ,,SVOJU RE\u010c\u201c"},"content":{"rendered":"<p>SVILAJNAC-Sr\u0111an Fila Filipovi\u0107 danas je na mitingu u centru Svilajnca po\u010deo kampanju za kandidaturu za predsednika Srbije i odbio ponudu da proda svoju \u00a0,,svoju re\u010d\u201c za 620 hiljada evra. \u0160iroj javnosti je poznat kao \u010dovek koji je radio na iskopavanju ostataka dinosaurusa, pa su ga mediji nazvali srpski Indijana D\u017eons. \u00a0Re\u010d je o najkontroverznijem srpskom dizajneru enterijera, komercijalnom umetniku, avanturisti, beogradskom klaberu, koji je u svojoj karijeri dizajnirao i izgradio preko 300 kafana, klubova\u00a0 i kafea. Njegova predsedni\u010dka kampanja ,,Samo nepo\u0161teno\u201c je druga\u010dija od uobi\u010dajenih, odnosno originalna i \u00a0tragikomi\u010dna, poput na\u0161e stvarnosti.<\/p>\n<div id='gallery-1' class='gallery galleryid-5740 gallery-columns-3 gallery-size-full'><figure class='gallery-item'>\n\t\t\t<div class='gallery-icon landscape'>\n\t\t\t\t<a href='https:\/\/centralmedia.rs\/index.php\/2016\/12\/10\/srpski-indijasrpski-politicar-koji-je-odbio-620-hiljada-evra-da-proda-svoju-rec\/fila-1-svilajnca-g-j\/'><img loading=\"lazy\" decoding=\"async\" width=\"900\" height=\"675\" src=\"https:\/\/centralmedia.rs\/wp-content\/uploads\/2016\/12\/fila-1-svilajnca-g.j..jpg\" class=\"attachment-full size-full\" alt=\"\" srcset=\"https:\/\/centralmedia.rs\/wp-content\/uploads\/2016\/12\/fila-1-svilajnca-g.j..jpg 900w, https:\/\/centralmedia.rs\/wp-content\/uploads\/2016\/12\/fila-1-svilajnca-g.j.-300x225.jpg 300w, https:\/\/centralmedia.rs\/wp-content\/uploads\/2016\/12\/fila-1-svilajnca-g.j.-768x576.jpg 768w, https:\/\/centralmedia.rs\/wp-content\/uploads\/2016\/12\/fila-1-svilajnca-g.j.-80x60.jpg 80w, https:\/\/centralmedia.rs\/wp-content\/uploads\/2016\/12\/fila-1-svilajnca-g.j.-265x198.jpg 265w\" sizes=\"(max-width: 900px) 100vw, 900px\" \/><\/a>\n\t\t\t<\/div><\/figure><figure class='gallery-item'>\n\t\t\t<div class='gallery-icon landscape'>\n\t\t\t\t<a href='https:\/\/centralmedia.rs\/index.php\/2016\/12\/10\/srpski-indijasrpski-politicar-koji-je-odbio-620-hiljada-evra-da-proda-svoju-rec\/fila-2-svilajnca-g-j\/'><img loading=\"lazy\" decoding=\"async\" width=\"900\" height=\"675\" src=\"https:\/\/centralmedia.rs\/wp-content\/uploads\/2016\/12\/fila-2-svilajnca-g.j..jpg\" class=\"attachment-full size-full\" alt=\"\" srcset=\"https:\/\/centralmedia.rs\/wp-content\/uploads\/2016\/12\/fila-2-svilajnca-g.j..jpg 900w, https:\/\/centralmedia.rs\/wp-content\/uploads\/2016\/12\/fila-2-svilajnca-g.j.-300x225.jpg 300w, https:\/\/centralmedia.rs\/wp-content\/uploads\/2016\/12\/fila-2-svilajnca-g.j.-768x576.jpg 768w, https:\/\/centralmedia.rs\/wp-content\/uploads\/2016\/12\/fila-2-svilajnca-g.j.-80x60.jpg 80w, https:\/\/centralmedia.rs\/wp-content\/uploads\/2016\/12\/fila-2-svilajnca-g.j.-265x198.jpg 265w\" sizes=\"(max-width: 900px) 100vw, 900px\" \/><\/a>\n\t\t\t<\/div><\/figure><figure class='gallery-item'>\n\t\t\t<div class='gallery-icon landscape'>\n\t\t\t\t<a href='https:\/\/centralmedia.rs\/index.php\/2016\/12\/10\/srpski-indijasrpski-politicar-koji-je-odbio-620-hiljada-evra-da-proda-svoju-rec\/fila-6-svilajnca-g-j\/'><img loading=\"lazy\" decoding=\"async\" width=\"900\" height=\"675\" src=\"https:\/\/centralmedia.rs\/wp-content\/uploads\/2016\/12\/fila-6-svilajnca-g.j..jpg\" class=\"attachment-full size-full\" alt=\"fila 6-svilajnca-g.j.\" aria-describedby=\"gallery-1-5744\" srcset=\"https:\/\/centralmedia.rs\/wp-content\/uploads\/2016\/12\/fila-6-svilajnca-g.j..jpg 900w, https:\/\/centralmedia.rs\/wp-content\/uploads\/2016\/12\/fila-6-svilajnca-g.j.-300x225.jpg 300w, https:\/\/centralmedia.rs\/wp-content\/uploads\/2016\/12\/fila-6-svilajnca-g.j.-768x576.jpg 768w, https:\/\/centralmedia.rs\/wp-content\/uploads\/2016\/12\/fila-6-svilajnca-g.j.-80x60.jpg 80w, https:\/\/centralmedia.rs\/wp-content\/uploads\/2016\/12\/fila-6-svilajnca-g.j.-265x198.jpg 265w\" sizes=\"(max-width: 900px) 100vw, 900px\" \/><\/a>\n\t\t\t<\/div>\n\t\t\t\t<figcaption class='wp-caption-text gallery-caption' id='gallery-1-5744'>\n\t\t\t\tSr\u0111an Fila Filipovi\u0107\n\t\t\t\t<\/figcaption><\/figure>\n\t\t<\/div>\n\n<p>-Odlu\u010dio sam da u\u0111em u politiku, dosta sam vuko \u010detke i kante, re\u0161io sam da se obogatim. Obe\u0107avam vam da \u0107u da vas kradem i la\u017eem. Kra\u0111u,mito i korupciju \u00a0podi\u0107i \u0107u na vi\u0161i nivo, jer mora da bude reda. Vidim ovde mlade ljude i brinem,\u0161ta \u0107e za njih da ostane da ukradu, kada oni budu do\u0161li na \u010delo dr\u017eave. Uve\u0161\u0107emo sezonu kra\u0111e, rekao je Filipovi\u0107 obra\u0107aju\u0107i se okupljenim gra\u0111anima.<\/p>\n<p>On je na prvom politi\u010dkom mitingu licitirao svoju ,,re\u010d\u201c, jer, kako ka\u017ee, to mu je jedino preostalo, a novac me je potreban za kampanju. \u00a0Me\u0111utim, kada je dobio ponudu od 620 hiljada evra odbio je da je proda, ve\u0107 je odlu\u010dio da je zalo\u017ei u banci, dobije kredit i nikada ga ne\u00a0 vrati.<\/p>\n<p>-Proglasi\u0107u Svilajnac za glavni grad ukoliko pobedim. Napravi\u0107u belu ku\u0107u, li\u010dno \u0107u je projektovati, najavio je Filipovi\u0107.<\/p>\n<div id='gallery-2' class='gallery galleryid-5740 gallery-columns-3 gallery-size-full'><figure class='gallery-item'>\n\t\t\t<div class='gallery-icon landscape'>\n\t\t\t\t<a href='https:\/\/centralmedia.rs\/index.php\/2016\/12\/10\/srpski-indijasrpski-politicar-koji-je-odbio-620-hiljada-evra-da-proda-svoju-rec\/fila-3-svilajnca-g-j\/'><img loading=\"lazy\" decoding=\"async\" width=\"900\" height=\"675\" src=\"https:\/\/centralmedia.rs\/wp-content\/uploads\/2016\/12\/fila-3-svilajnca-g.j..jpg\" class=\"attachment-full size-full\" alt=\"\" srcset=\"https:\/\/centralmedia.rs\/wp-content\/uploads\/2016\/12\/fila-3-svilajnca-g.j..jpg 900w, https:\/\/centralmedia.rs\/wp-content\/uploads\/2016\/12\/fila-3-svilajnca-g.j.-300x225.jpg 300w, https:\/\/centralmedia.rs\/wp-content\/uploads\/2016\/12\/fila-3-svilajnca-g.j.-768x576.jpg 768w, https:\/\/centralmedia.rs\/wp-content\/uploads\/2016\/12\/fila-3-svilajnca-g.j.-80x60.jpg 80w, https:\/\/centralmedia.rs\/wp-content\/uploads\/2016\/12\/fila-3-svilajnca-g.j.-265x198.jpg 265w\" sizes=\"(max-width: 900px) 100vw, 900px\" \/><\/a>\n\t\t\t<\/div><\/figure><figure class='gallery-item'>\n\t\t\t<div class='gallery-icon landscape'>\n\t\t\t\t<a href='https:\/\/centralmedia.rs\/index.php\/2016\/12\/10\/srpski-indijasrpski-politicar-koji-je-odbio-620-hiljada-evra-da-proda-svoju-rec\/fila-7-svilajnca-g-j\/'><img loading=\"lazy\" decoding=\"async\" width=\"900\" height=\"675\" src=\"https:\/\/centralmedia.rs\/wp-content\/uploads\/2016\/12\/fila-7-svilajnca-g.j..jpg\" class=\"attachment-full size-full\" alt=\"\" srcset=\"https:\/\/centralmedia.rs\/wp-content\/uploads\/2016\/12\/fila-7-svilajnca-g.j..jpg 900w, https:\/\/centralmedia.rs\/wp-content\/uploads\/2016\/12\/fila-7-svilajnca-g.j.-300x225.jpg 300w, https:\/\/centralmedia.rs\/wp-content\/uploads\/2016\/12\/fila-7-svilajnca-g.j.-768x576.jpg 768w, https:\/\/centralmedia.rs\/wp-content\/uploads\/2016\/12\/fila-7-svilajnca-g.j.-80x60.jpg 80w, https:\/\/centralmedia.rs\/wp-content\/uploads\/2016\/12\/fila-7-svilajnca-g.j.-265x198.jpg 265w\" sizes=\"(max-width: 900px) 100vw, 900px\" \/><\/a>\n\t\t\t<\/div><\/figure><figure class='gallery-item'>\n\t\t\t<div class='gallery-icon landscape'>\n\t\t\t\t<a href='https:\/\/centralmedia.rs\/index.php\/2016\/12\/10\/srpski-indijasrpski-politicar-koji-je-odbio-620-hiljada-evra-da-proda-svoju-rec\/fila-8-svilajnca-g-j\/'><img loading=\"lazy\" decoding=\"async\" width=\"900\" height=\"675\" src=\"https:\/\/centralmedia.rs\/wp-content\/uploads\/2016\/12\/fila-8-svilajnca-g.j..jpg\" class=\"attachment-full size-full\" alt=\"\" srcset=\"https:\/\/centralmedia.rs\/wp-content\/uploads\/2016\/12\/fila-8-svilajnca-g.j..jpg 900w, https:\/\/centralmedia.rs\/wp-content\/uploads\/2016\/12\/fila-8-svilajnca-g.j.-300x225.jpg 300w, https:\/\/centralmedia.rs\/wp-content\/uploads\/2016\/12\/fila-8-svilajnca-g.j.-768x576.jpg 768w, https:\/\/centralmedia.rs\/wp-content\/uploads\/2016\/12\/fila-8-svilajnca-g.j.-80x60.jpg 80w, https:\/\/centralmedia.rs\/wp-content\/uploads\/2016\/12\/fila-8-svilajnca-g.j.-265x198.jpg 265w\" sizes=\"(max-width: 900px) 100vw, 900px\" \/><\/a>\n\t\t\t<\/div><\/figure>\n\t\t<\/div>\n\n<p>On je, po ugledu na Holandiju, najavio da \u0107e legalizovati ,,drogu, kocku i prostituciju\u201c.<\/p>\n<p>-Posta\u0107emo prva turisti\u010dka velesila, ugostiteljstvo \u0107e biti osnovna prviredna grana. Moji prijatelji iz inostranstva nikada nisu hvalili na\u0161e fabrike, ka\u017eu Srbija ima dobre kafane, lepe \u017eene i \u0107evape. Unapredi\u0107u kafanu, ona nas je odr\u017eala. Legalizacijom marihuane vrati\u0107emo mlade na selo, isti\u010de Filipovi\u0107 i dodaje da \u0107e ukinuti ,,plate i penzije\u201c.<\/p>\n<p>U toku decembra on je najavio osniva\u010dku skup\u0161tinu njegove stranke ,,Oprem unija\u201c, kao i da je dobio podr\u0161ku najpoznatijih srpskih starleta za svoju kandidaturu.<\/p>\n","protected":false},"excerpt":{"rendered":"<p>SVILAJNAC-Sr\u0111an Fila Filipovi\u0107 danas je na mitingu u centru Svilajnca po\u010deo kampanju za kandidaturu za predsednika Srbije i odbio ponudu da proda svoju \u00a0,,svoju re\u010d\u201c &hellip; <\/p>\n","protected":false},"author":4,"featured_media":5741,"comment_status":"open","ping_status":"open","sticky":false,"template":"","format":"standard","meta":{"footnotes":""},"categories":[2,13,12],"tags":[1490,1491,38],"_links":{"self":[{"href":"https:\/\/centralmedia.rs\/index.php\/wp-json\/wp\/v2\/posts\/5740"}],"collection":[{"href":"https:\/\/centralmedia.rs\/index.php\/wp-json\/wp\/v2\/posts"}],"about":[{"href":"https:\/\/centralmedia.rs\/index.php\/wp-json\/wp\/v2\/types\/post"}],"author":[{"embeddable":true,"href":"https:\/\/centralmedia.rs\/index.php\/wp-json\/wp\/v2\/users\/4"}],"replies":[{"embeddable":true,"href":"https:\/\/centralmedia.rs\/index.php\/wp-json\/wp\/v2\/comments?post=5740"}],"version-history":[{"count":0,"href":"https:\/\/centralmedia.rs\/index.php\/wp-json\/wp\/v2\/posts\/5740\/revisions"}],"wp:featuredmedia":[{"embeddable":true,"href":"https:\/\/centralmedia.rs\/index.php\/wp-json\/wp\/v2\/media\/5741"}],"wp:attachment":[{"href":"https:\/\/centralmedia.rs\/index.php\/wp-json\/wp\/v2\/media?parent=5740"}],"wp:term":[{"taxonomy":"category","embeddable":true,"href":"https:\/\/centralmedia.rs\/index.php\/wp-json\/wp\/v2\/categories?post=5740"},{"taxonomy":"post_tag","embeddable":true,"href":"https:\/\/centralmedia.rs\/index.php\/wp-json\/wp\/v2\/tags?post=5740"}],"curies":[{"name":"wp","href":"https:\/\/api.w.org\/{rel}","templated":true}]}}