{"id":5756,"date":"2016-12-11T01:06:28","date_gmt":"2016-12-11T01:06:28","guid":{"rendered":"http:\/\/centralmedia.rs\/?p=5756"},"modified":"2016-12-14T22:50:01","modified_gmt":"2016-12-14T22:50:01","slug":"ravanica-na-putu-uspeha","status":"publish","type":"post","link":"https:\/\/centralmedia.rs\/index.php\/2016\/12\/11\/ravanica-na-putu-uspeha\/","title":{"rendered":"RAVANICA NA PUTU USPEHA"},"content":{"rendered":"<p>\u0106UPRIJA- Novo rukovodstvo koje je, po\u010detkom juna\u00a0preuzelo\u00a0upravljanje fabrikom &#8220;Ravanica&#8221; iz \u0106uprije, uspelo je da zaustavi strmoglavi pad \u00a0i ve\u0107 u avgustu normalizuje proizvodnju i prodaju, te se od tada bele\u017ei rast.<\/p>\n<p>-Posle konsolidacije fabrike u avgustu, zabele\u017eena je pozitivna nula, a posle toga kostatni rast u svakom smislu. Za \u010detiri meseca se vidi rast proizvodnje i prodaje. To se sagledava i po finansijskim rezulatatima. Predhodno je fabrika od po\u010detka godine radila sa gubitkom, isti\u010de director Mikica Spasi\u0107.<\/p>\n<div id='gallery-1' class='gallery galleryid-5756 gallery-columns-3 gallery-size-thumbnail'><figure class='gallery-item'>\n\t\t\t<div class='gallery-icon portrait'>\n\t\t\t\t<a href='https:\/\/centralmedia.rs\/index.php\/2016\/12\/11\/ravanica-na-putu-uspeha\/ravanica-10\/'><img loading=\"lazy\" decoding=\"async\" width=\"150\" height=\"150\" src=\"https:\/\/centralmedia.rs\/wp-content\/uploads\/2016\/12\/ravanica-10-150x150.jpg\" class=\"attachment-thumbnail size-thumbnail\" alt=\"\" \/><\/a>\n\t\t\t<\/div><\/figure><figure class='gallery-item'>\n\t\t\t<div class='gallery-icon landscape'>\n\t\t\t\t<a href='https:\/\/centralmedia.rs\/index.php\/2016\/12\/11\/ravanica-na-putu-uspeha\/ravanica-9\/'><img loading=\"lazy\" decoding=\"async\" width=\"150\" height=\"150\" src=\"https:\/\/centralmedia.rs\/wp-content\/uploads\/2016\/12\/ravanica-9-150x150.jpg\" class=\"attachment-thumbnail size-thumbnail\" alt=\"\" \/><\/a>\n\t\t\t<\/div><\/figure><figure class='gallery-item'>\n\t\t\t<div class='gallery-icon portrait'>\n\t\t\t\t<a href='https:\/\/centralmedia.rs\/index.php\/2016\/12\/11\/ravanica-na-putu-uspeha\/ravanica-8\/'><img loading=\"lazy\" decoding=\"async\" width=\"150\" height=\"150\" src=\"https:\/\/centralmedia.rs\/wp-content\/uploads\/2016\/12\/ravanica-8-150x150.jpg\" class=\"attachment-thumbnail size-thumbnail\" alt=\"\" \/><\/a>\n\t\t\t<\/div><\/figure>\n\t\t<\/div>\n\n<p>Saradnja sa dobavlja\u010dima je obnovljena, sada se reporomaterijal dobija bez posebnih zahteva, garancija i uslova, \u00a0pove\u0107an je broj kupaca, a proizvodi Ravanice se ponovo nalaze na rafovima velikih trgovinskih lanaca.<\/p>\n<p>-Sa \u0161est kupaca, znatno smo pove\u0107ali taj broj. Imamo \u0161ansu da pove\u0107avamo proizvodnju i plasman. Strate\u0161ki proizvod je Bon\u017eita, niko je nije zaboravio i svi je isti\u010du kao prvorazredni proizvod. Me\u0111utim, stanje opreme nije zadovoljavaju\u0107e, jer deo linija nije u funkciji, niti mo\u017ee da se pokrene bez ve\u0107ih ulaganja. U fabriku nije ulagano 15 godina i sada se pla\u0107a danak tome, navodi Spasi\u0107.<\/p>\n<div id='gallery-2' class='gallery galleryid-5756 gallery-columns-3 gallery-size-thumbnail'><figure class='gallery-item'>\n\t\t\t<div class='gallery-icon landscape'>\n\t\t\t\t<a href='https:\/\/centralmedia.rs\/index.php\/2016\/12\/11\/ravanica-na-putu-uspeha\/ravanica-6\/'><img loading=\"lazy\" decoding=\"async\" width=\"150\" height=\"150\" src=\"https:\/\/centralmedia.rs\/wp-content\/uploads\/2016\/12\/ravanica-6-150x150.jpg\" class=\"attachment-thumbnail size-thumbnail\" alt=\"\" \/><\/a>\n\t\t\t<\/div><\/figure><figure class='gallery-item'>\n\t\t\t<div class='gallery-icon landscape'>\n\t\t\t\t<a href='https:\/\/centralmedia.rs\/index.php\/2016\/12\/11\/ravanica-na-putu-uspeha\/ravanica-5\/'><img loading=\"lazy\" decoding=\"async\" width=\"150\" height=\"150\" src=\"https:\/\/centralmedia.rs\/wp-content\/uploads\/2016\/12\/ravanica-5-150x150.jpg\" class=\"attachment-thumbnail size-thumbnail\" alt=\"\" \/><\/a>\n\t\t\t<\/div><\/figure><figure class='gallery-item'>\n\t\t\t<div class='gallery-icon landscape'>\n\t\t\t\t<a href='https:\/\/centralmedia.rs\/index.php\/2016\/12\/11\/ravanica-na-putu-uspeha\/ravanica-4\/'><img loading=\"lazy\" decoding=\"async\" width=\"150\" height=\"150\" src=\"https:\/\/centralmedia.rs\/wp-content\/uploads\/2016\/12\/ravanica-4-150x150.jpg\" class=\"attachment-thumbnail size-thumbnail\" alt=\"\" \/><\/a>\n\t\t\t<\/div><\/figure>\n\t\t<\/div>\n\n<p>Devedesetih godina \u00a0Ravanica, ka\u017eu u fabrici, nije iskoristila povoljan trenutak da investira u novu proizvodnju. Najmla\u0111a\u00a0linija za\u00a0\u010dokoladu stara je 20 godina. Najve\u0107i problem je pove\u0107ati proizvodnju u trenutnim uslovima.<\/p>\n<p>-O tome odluku treba da donese dr\u017eava, a Ministarstvo privrede prethodno treba da razjasni kako \u0107emo i\u0107i u budu\u0107nost, u postupku je privatizacija, treba izabrati odgovaraju\u0107i model privatizacije. Ja bih bio pre svega za varijantu da se na\u0111e strategijski partner iz ove oblasti, predla\u017ee Spasi\u0107.<\/p>\n<p>Posle puno godina Ravanica je ponovo u\u010desnik sajmova. Po\u010delo je na Sajmu privrede u Para\u0107inu,nastavlja se \u00a0u decembru u Beogradu, a u maju u Novom Sadu. Efekti sajmova bi\u0107e \u00a0analizarani za nekoliko meseci ili godina, kada se o\u010dekuje rezultat sa tr\u017ei\u0161ta.<\/p>\n<p>-Ipak, najve\u0107e zadovoljsto su zaposleni u fabrici koji redovno dolaze na posao i izvr\u0161avaju radne zadatke. Dolaze sa osmehom, odlaze sa osmehom, raspolo\u017eeni su i spremni za rad. Zadovoljni \u0161to imaju posla i redovnom isplatom zarada. Zarade su niske, to je bio jedan od zadataka mog dolask,a da stvorimo osnov za pove\u0107anje zarada, podse\u0107a Spasi\u0107.<\/p>\n<div id='gallery-3' class='gallery galleryid-5756 gallery-columns-3 gallery-size-thumbnail'><figure class='gallery-item'>\n\t\t\t<div class='gallery-icon landscape'>\n\t\t\t\t<a href='https:\/\/centralmedia.rs\/index.php\/2016\/12\/11\/ravanica-na-putu-uspeha\/ravanica-3\/'><img loading=\"lazy\" decoding=\"async\" width=\"150\" height=\"150\" src=\"https:\/\/centralmedia.rs\/wp-content\/uploads\/2016\/12\/ravanica-3-150x150.jpg\" class=\"attachment-thumbnail size-thumbnail\" alt=\"\" \/><\/a>\n\t\t\t<\/div><\/figure><figure class='gallery-item'>\n\t\t\t<div class='gallery-icon landscape'>\n\t\t\t\t<a href='https:\/\/centralmedia.rs\/index.php\/2016\/12\/11\/ravanica-na-putu-uspeha\/ravanica-2\/'><img loading=\"lazy\" decoding=\"async\" width=\"150\" height=\"150\" src=\"https:\/\/centralmedia.rs\/wp-content\/uploads\/2016\/12\/ravanica-2-150x150.jpg\" class=\"attachment-thumbnail size-thumbnail\" alt=\"\" \/><\/a>\n\t\t\t<\/div><\/figure><figure class='gallery-item'>\n\t\t\t<div class='gallery-icon landscape'>\n\t\t\t\t<a href='https:\/\/centralmedia.rs\/index.php\/2016\/12\/11\/ravanica-na-putu-uspeha\/ravanica-4-2\/'><img loading=\"lazy\" decoding=\"async\" width=\"150\" height=\"150\" src=\"https:\/\/centralmedia.rs\/wp-content\/uploads\/2016\/12\/ravanica-4-1-150x150.jpg\" class=\"attachment-thumbnail size-thumbnail\" alt=\"\" \/><\/a>\n\t\t\t<\/div><\/figure>\n\t\t<\/div>\n\n<p>U prethodnom periodu &#8220;Ravanica&#8221; je lo\u0161e poslovala. Smanjen je broj radnika, obim proizvodnje, a zbog onemogu\u0107avanja privatizacije, bilo je i krivi\u010dnih prijava. Osamdesetih godina pro\u0161log veka u \u0107uprijskoj fabrici keksa radilo je 700 radnika, mese\u010dno se proizvodilo 40 vagona slatkih proizvoda. Fabrika keksa svojevremeno sagra\u0111ena po najvi\u0161im standardima na 7 i po hiljada kvadrata tokom decenija je izgubila trku sa drugim konditorima. Ipak zaposleni se nadaju da \u0107e dr\u017eava prona\u0107i novog vlasnika, a \u0106uprija zadr\u017eati svoju slatku fabriku.<\/p>\n<p>Razglednica iz \u0106uprije\u2013 Ovaj projekat se realizuje uz pomo\u0107 sredstava iz bud\u017eeta Op\u0161tine \u0106uprija<\/p>\n","protected":false},"excerpt":{"rendered":"<p>\u0106UPRIJA- Novo rukovodstvo koje je, po\u010detkom juna\u00a0preuzelo\u00a0upravljanje fabrikom &#8220;Ravanica&#8221; iz \u0106uprije, uspelo je da zaustavi strmoglavi pad \u00a0i ve\u0107 u avgustu normalizuje proizvodnju i prodaju, &hellip; <\/p>\n","protected":false},"author":4,"featured_media":5757,"comment_status":"open","ping_status":"open","sticky":false,"template":"","format":"standard","meta":{"footnotes":""},"categories":[22,1515,1524,2,887],"tags":[955,44,1494,386,1495],"_links":{"self":[{"href":"https:\/\/centralmedia.rs\/index.php\/wp-json\/wp\/v2\/posts\/5756"}],"collection":[{"href":"https:\/\/centralmedia.rs\/index.php\/wp-json\/wp\/v2\/posts"}],"about":[{"href":"https:\/\/centralmedia.rs\/index.php\/wp-json\/wp\/v2\/types\/post"}],"author":[{"embeddable":true,"href":"https:\/\/centralmedia.rs\/index.php\/wp-json\/wp\/v2\/users\/4"}],"replies":[{"embeddable":true,"href":"https:\/\/centralmedia.rs\/index.php\/wp-json\/wp\/v2\/comments?post=5756"}],"version-history":[{"count":0,"href":"https:\/\/centralmedia.rs\/index.php\/wp-json\/wp\/v2\/posts\/5756\/revisions"}],"wp:featuredmedia":[{"embeddable":true,"href":"https:\/\/centralmedia.rs\/index.php\/wp-json\/wp\/v2\/media\/5757"}],"wp:attachment":[{"href":"https:\/\/centralmedia.rs\/index.php\/wp-json\/wp\/v2\/media?parent=5756"}],"wp:term":[{"taxonomy":"category","embeddable":true,"href":"https:\/\/centralmedia.rs\/index.php\/wp-json\/wp\/v2\/categories?post=5756"},{"taxonomy":"post_tag","embeddable":true,"href":"https:\/\/centralmedia.rs\/index.php\/wp-json\/wp\/v2\/tags?post=5756"}],"curies":[{"name":"wp","href":"https:\/\/api.w.org\/{rel}","templated":true}]}}