{"id":5802,"date":"2016-12-11T18:34:54","date_gmt":"2016-12-11T18:34:54","guid":{"rendered":"http:\/\/centralmedia.rs\/?p=5802"},"modified":"2016-12-14T22:46:33","modified_gmt":"2016-12-14T22:46:33","slug":"naredni-korak-u-cicevcu-formiranje-turisticke-organizacije","status":"publish","type":"post","link":"https:\/\/centralmedia.rs\/index.php\/2016\/12\/11\/naredni-korak-u-cicevcu-formiranje-turisticke-organizacije\/","title":{"rendered":"NAREDNI KORAK U \u0106I\u0106EVCU- FORMIRANJE TURISTI\u010cKE ORGANIZACIJE"},"content":{"rendered":"<p>\u0106I\u0106EVAC-Radi promocije prirodnih lepota i kulturno-istorijskih znamenitosti, ali i anga\u017eovanja potencijala op\u0161tina \u0106i\u0107eavac naredne godine planira da \u00a0formira Turisti\u010dku organizaciju.<\/p>\n<p>-Postoje velike mogu\u0107nosti za kulturno- istorijski i izletni\u010dki turizam, odnosno jednodnevne ture, jer za sada nemamo sme\u0161tajne kapacitete. Jedan od najve\u0107ih turisti\u010dkih potencijala op\u0161tine kulturno-istorijsko nasle\u0111e, nedirnuta \u00a0priroda i sve to u blizini saobra\u0107ajnica. Planiramo formiranje Turisti\u010dke organizacije i smatramo daje to na\u0161a \u0161ansa za dalji razvoj, obja\u0161njava predsednik te op\u0161tine Zlatan Krki\u0107.<em>\u00a0<\/em><\/p>\n<div id='gallery-1' class='gallery galleryid-5802 gallery-columns-3 gallery-size-full'><figure class='gallery-item'>\n\t\t\t<div class='gallery-icon landscape'>\n\t\t\t\t<a href='https:\/\/centralmedia.rs\/index.php\/2016\/12\/11\/naredni-korak-u-cicevcu-formiranje-turisticke-organizacije\/zlatan-krkic-cicevac-g-j-2\/'><img loading=\"lazy\" decoding=\"async\" width=\"900\" height=\"675\" src=\"https:\/\/centralmedia.rs\/wp-content\/uploads\/2016\/12\/zlatan-krkic-cicevac-g.j..jpg\" class=\"attachment-full size-full\" alt=\"\" srcset=\"https:\/\/centralmedia.rs\/wp-content\/uploads\/2016\/12\/zlatan-krkic-cicevac-g.j..jpg 900w, https:\/\/centralmedia.rs\/wp-content\/uploads\/2016\/12\/zlatan-krkic-cicevac-g.j.-300x225.jpg 300w, https:\/\/centralmedia.rs\/wp-content\/uploads\/2016\/12\/zlatan-krkic-cicevac-g.j.-768x576.jpg 768w, https:\/\/centralmedia.rs\/wp-content\/uploads\/2016\/12\/zlatan-krkic-cicevac-g.j.-80x60.jpg 80w, https:\/\/centralmedia.rs\/wp-content\/uploads\/2016\/12\/zlatan-krkic-cicevac-g.j.-265x198.jpg 265w\" sizes=\"(max-width: 900px) 100vw, 900px\" \/><\/a>\n\t\t\t<\/div><\/figure><figure class='gallery-item'>\n\t\t\t<div class='gallery-icon landscape'>\n\t\t\t\t<a href='https:\/\/centralmedia.rs\/index.php\/2016\/12\/11\/naredni-korak-u-cicevcu-formiranje-turisticke-organizacije\/cicevac-opstina-1-cicevac-g-j-2\/'><img loading=\"lazy\" decoding=\"async\" width=\"900\" height=\"675\" src=\"https:\/\/centralmedia.rs\/wp-content\/uploads\/2016\/12\/cicevac-opstina-1-cicevac-g.j..jpg\" class=\"attachment-full size-full\" alt=\"\" srcset=\"https:\/\/centralmedia.rs\/wp-content\/uploads\/2016\/12\/cicevac-opstina-1-cicevac-g.j..jpg 900w, https:\/\/centralmedia.rs\/wp-content\/uploads\/2016\/12\/cicevac-opstina-1-cicevac-g.j.-300x225.jpg 300w, https:\/\/centralmedia.rs\/wp-content\/uploads\/2016\/12\/cicevac-opstina-1-cicevac-g.j.-768x576.jpg 768w, https:\/\/centralmedia.rs\/wp-content\/uploads\/2016\/12\/cicevac-opstina-1-cicevac-g.j.-80x60.jpg 80w, https:\/\/centralmedia.rs\/wp-content\/uploads\/2016\/12\/cicevac-opstina-1-cicevac-g.j.-265x198.jpg 265w\" sizes=\"(max-width: 900px) 100vw, 900px\" \/><\/a>\n\t\t\t<\/div><\/figure><figure class='gallery-item'>\n\t\t\t<div class='gallery-icon landscape'>\n\t\t\t\t<a href='https:\/\/centralmedia.rs\/index.php\/2016\/12\/11\/naredni-korak-u-cicevcu-formiranje-turisticke-organizacije\/kula-todorova\/'><img loading=\"lazy\" decoding=\"async\" width=\"640\" height=\"480\" src=\"https:\/\/centralmedia.rs\/wp-content\/uploads\/2016\/12\/kula-todorova.jpg\" class=\"attachment-full size-full\" alt=\"\" srcset=\"https:\/\/centralmedia.rs\/wp-content\/uploads\/2016\/12\/kula-todorova.jpg 640w, https:\/\/centralmedia.rs\/wp-content\/uploads\/2016\/12\/kula-todorova-300x225.jpg 300w, https:\/\/centralmedia.rs\/wp-content\/uploads\/2016\/12\/kula-todorova-80x60.jpg 80w, https:\/\/centralmedia.rs\/wp-content\/uploads\/2016\/12\/kula-todorova-265x198.jpg 265w\" sizes=\"(max-width: 640px) 100vw, 640px\" \/><\/a>\n\t\t\t<\/div><\/figure>\n\t\t<\/div>\n\n<p>Tri ta\u010dke razvoja turizma su Kula Todora od Stala\u0107a, srednjekovno utvr\u0111enje na ostacima anti\u010dkog grada, Zapadna i Ju\u017ena Morava, te Mojsinjska Sveta Gora \u2013 Vrata Srbije -vi\u0161e od 70 crkava i crkvi\u0161ta iz 14. veka, koja se prostire od Grada Stala\u0107a na severu, do Gaglovske reke na jugu, dok na zapadu prirodnu granicu \u010dini dolina Zapadne Morave, a na istoku Stala\u0107ka klisura Ju\u017ene Morave.<\/p>\n<p>-Tu se pre svega misli na manastire Sveti Roman kod \u0110unisa, Sveti Jovan u Stevancu, Sveti Nikola &#8211; Braljina, Sveti Duh -Grad Stala\u0107, Sveti Arhangel i Sveta Petka u Stala\u0107u, Pokrov Presvete Bogorodice u Mrzenici, nabraja Krki\u0107 i dodaje da su sela Braljina i Mojsinje, koja se nalaze na Ju\u017enoj Moravi, veliki potencijal za razvija seoskog turizma.<\/p>\n<p>Vlasti u \u0106i\u0107evcu planiraju da urede obale Zapadne, Ju\u017ene i Velike Morave i da \u00a0izgradnjom sportsko \u2013 rekreativnih centara, ure\u0111enjem pe\u0161a\u010dkih i biciklisti\u010dkih staza omogu\u0107e gra\u0111anima i turistima idealne uslove za rekreaciju. Trenutnoj je Kajaka\u0161ki klub Kula aktivan i ostvaruje dobre rezultate, ali i organizuje takmi\u010denja u vo\u017enji kajaka za juniore, kao i rafting \u00a0do 25 kilometra na Ju\u017enoj Moravi u znamenitoj Stala\u0107koj klisure.<\/p>\n<p>Pored toga, u \u0106i\u0107evcu je pod \u0161umama od preko 3.000 hektara, \u0161to pogoduje \u00a0razvoju lovnog turizma, dok reke pru\u017eaju mogu\u0107nost za ribolovni turizma.<\/p>\n<p>Razglednica iz \u0106i\u0107evca\u2013 Ovaj projekat se realizuje uz pomo\u0107 sredstava iz bud\u017eeta Op\u0161tine \u0106i\u0107evac<a href=\"https:\/\/centralmedia.rs\/wp-content\/uploads\/2016\/12\/baner-za-projekte-final-jpg.jpg\"><img loading=\"lazy\" decoding=\"async\" class=\"size-full wp-image-5631 aligncenter\" src=\"https:\/\/centralmedia.rs\/wp-content\/uploads\/2016\/12\/baner-za-projekte-final-jpg.jpg\" alt=\"\" width=\"500\" height=\"150\" srcset=\"https:\/\/centralmedia.rs\/wp-content\/uploads\/2016\/12\/baner-za-projekte-final-jpg.jpg 500w, https:\/\/centralmedia.rs\/wp-content\/uploads\/2016\/12\/baner-za-projekte-final-jpg-300x90.jpg 300w\" sizes=\"(max-width: 500px) 100vw, 500px\" \/><\/a><\/p>\n","protected":false},"excerpt":{"rendered":"<p>\u0106I\u0106EVAC-Radi promocije prirodnih lepota i kulturno-istorijskih znamenitosti, ali i anga\u017eovanja potencijala op\u0161tina \u0106i\u0107eavac naredne godine planira da \u00a0formira Turisti\u010dku organizaciju. -Postoje velike mogu\u0107nosti za kulturno- &hellip; <\/p>\n","protected":false},"author":4,"featured_media":5803,"comment_status":"open","ping_status":"open","sticky":false,"template":"","format":"standard","meta":{"footnotes":""},"categories":[22,1515,1524,2,887],"tags":[667,1502,65],"_links":{"self":[{"href":"https:\/\/centralmedia.rs\/index.php\/wp-json\/wp\/v2\/posts\/5802"}],"collection":[{"href":"https:\/\/centralmedia.rs\/index.php\/wp-json\/wp\/v2\/posts"}],"about":[{"href":"https:\/\/centralmedia.rs\/index.php\/wp-json\/wp\/v2\/types\/post"}],"author":[{"embeddable":true,"href":"https:\/\/centralmedia.rs\/index.php\/wp-json\/wp\/v2\/users\/4"}],"replies":[{"embeddable":true,"href":"https:\/\/centralmedia.rs\/index.php\/wp-json\/wp\/v2\/comments?post=5802"}],"version-history":[{"count":0,"href":"https:\/\/centralmedia.rs\/index.php\/wp-json\/wp\/v2\/posts\/5802\/revisions"}],"wp:featuredmedia":[{"embeddable":true,"href":"https:\/\/centralmedia.rs\/index.php\/wp-json\/wp\/v2\/media\/5803"}],"wp:attachment":[{"href":"https:\/\/centralmedia.rs\/index.php\/wp-json\/wp\/v2\/media?parent=5802"}],"wp:term":[{"taxonomy":"category","embeddable":true,"href":"https:\/\/centralmedia.rs\/index.php\/wp-json\/wp\/v2\/categories?post=5802"},{"taxonomy":"post_tag","embeddable":true,"href":"https:\/\/centralmedia.rs\/index.php\/wp-json\/wp\/v2\/tags?post=5802"}],"curies":[{"name":"wp","href":"https:\/\/api.w.org\/{rel}","templated":true}]}}