{"id":5825,"date":"2016-12-13T13:20:56","date_gmt":"2016-12-13T13:20:56","guid":{"rendered":"http:\/\/centralmedia.rs\/?p=5825"},"modified":"2016-12-13T13:22:58","modified_gmt":"2016-12-13T13:22:58","slug":"dana-fakulteta-pedagoskih-nauka-u-jagodini-diploma-narodni-ucitelj-knjizevniku-milisavu-savicu","status":"publish","type":"post","link":"https:\/\/centralmedia.rs\/index.php\/2016\/12\/13\/dana-fakulteta-pedagoskih-nauka-u-jagodini-diploma-narodni-ucitelj-knjizevniku-milisavu-savicu\/","title":{"rendered":"DAN FAKULTETA PEDAGO\u0160KIH NAUKA U JAGODINI &#8211; DIPLOMA NARODNI U\u010cITELJ KNJI\u017dEVNIKU MILISAVU SAVI\u0106U"},"content":{"rendered":"<p>JAGODINA-Povodom dana Fakultet pedago\u0161kih nauka u Jagodini po\u010dasne diplome ,,Narodni u\u010ditelj\u201d i &#8221;Magister Humanitas&#8221; danas su dodeljene knji\u017eevniku Milisavu Savi\u0107u i majstoru trube Dejanu Petrovi\u0107u.<\/p>\n<p>-Uzbu\u0111en sam i po\u010dastvovan priznanjem. Ove godine sam dobio dosta priznanja i ovo je proslednje, do\u0111e kao najlep\u0161e, rekao je Savi\u0107.<\/p>\n<p>Diploma ,,Narodnog u\u010ditelja&#8221; dodeljuje za poseban doprinos razvoju obrazovanja i afirmaciju tog fakulteta. U obrazlo\u017eenju stoji da se priznanje dodeljuje velikom piscu koji se nalazi u vrhu savremene srpske proze, a \u010diji je knji\u017eevni rad zapo\u010deo u \u010dasopisu &#8221;Uzdanica&#8221; koji objavljuje Fakultet, gde je Savi\u0107 objavio dva svoja prva rada \u2013 dve pesme.<\/p>\n<p><div id='gallery-1' class='gallery galleryid-5825 gallery-columns-3 gallery-size-thumbnail'><figure class='gallery-item'>\n\t\t\t<div class='gallery-icon landscape'>\n\t\t\t\t<a href='https:\/\/centralmedia.rs\/index.php\/2016\/12\/13\/dana-fakulteta-pedagoskih-nauka-u-jagodini-diploma-narodni-ucitelj-knjizevniku-milisavu-savicu\/dan-fakultet-jagodina-g-j\/'><img loading=\"lazy\" decoding=\"async\" width=\"150\" height=\"150\" src=\"https:\/\/centralmedia.rs\/wp-content\/uploads\/2016\/12\/dan-fakultet-jagodina-g.j.-150x150.jpg\" class=\"attachment-thumbnail size-thumbnail\" alt=\"\" \/><\/a>\n\t\t\t<\/div><\/figure><figure class='gallery-item'>\n\t\t\t<div class='gallery-icon landscape'>\n\t\t\t\t<a href='https:\/\/centralmedia.rs\/index.php\/2016\/12\/13\/dana-fakulteta-pedagoskih-nauka-u-jagodini-diploma-narodni-ucitelj-knjizevniku-milisavu-savicu\/dan-fakultet-1-jagodina-g-j\/'><img loading=\"lazy\" decoding=\"async\" width=\"150\" height=\"150\" src=\"https:\/\/centralmedia.rs\/wp-content\/uploads\/2016\/12\/dan-fakultet-1-jagodina-g.j.-150x150.jpg\" class=\"attachment-thumbnail size-thumbnail\" alt=\"\" \/><\/a>\n\t\t\t<\/div><\/figure><figure class='gallery-item'>\n\t\t\t<div class='gallery-icon landscape'>\n\t\t\t\t<a href='https:\/\/centralmedia.rs\/index.php\/2016\/12\/13\/dana-fakulteta-pedagoskih-nauka-u-jagodini-diploma-narodni-ucitelj-knjizevniku-milisavu-savicu\/najbolji-studenti-jagodina-g-j\/'><img loading=\"lazy\" decoding=\"async\" width=\"150\" height=\"150\" src=\"https:\/\/centralmedia.rs\/wp-content\/uploads\/2016\/12\/najbolji-studenti-jagodina-g.j.-150x150.jpg\" class=\"attachment-thumbnail size-thumbnail\" alt=\"\" \/><\/a>\n\t\t\t<\/div><\/figure>\n\t\t<\/div>\n<br \/>\nPo\u010dasna diploma &#8221;Magister Humanitas&#8221; dodeljena je muzi\u010daru Dejanu Petrovi\u0107u, &#8221;ambasadoru srpske trube&#8221;, koji je na muzi\u010dkoj sceni poznat je po izvo\u0111enju srpske tradicionalne muzike, koju \u010desto kombinuje sa modernim elementima, stvaraju\u0107i autenti\u010dnu interpretaciju. On je bio spre\u010den da \u00a0prisustvuje dodeli.<br \/>\n-Ove godine je pet na\u0161ih saradnika odbranilo \u0161est doktorskih disertacija. Fakultet je ove godine akreditovao i upisao na novi smer na master studijama Liderstvo u obazovanju. Interesovanje je bilo \u010detiri puta ve\u0107e od mogu\u0107nosti, a zahvaljuju\u0107i sredstvima projketa nabavljena je nova informati\u010dka oprema u vrednosti 28 hiljada evra. Obnovljena je kompletna stolarija na zgradi posle \u010detiri decenije. Petoro nastavnika dr\u017ealo je predavanja na univerzitetima u Nema\u010dkoj, Kipru i Portugaliji, a petoro studenata u narednom semestru ima\u0107e priliku da poha\u0111aju nastavu i pola\u017eu ispite na tim fakultetima, a desetoro stunata obvai\u0107e stru\u010dnurpaksu na fakultetu u Baji u Ma\u0111arskoj, kazala je dekanka Violeta Jovanovi\u0107.<\/p>\n<div id='gallery-2' class='gallery galleryid-5825 gallery-columns-3 gallery-size-thumbnail'><figure class='gallery-item'>\n\t\t\t<div class='gallery-icon landscape'>\n\t\t\t\t<a href='https:\/\/centralmedia.rs\/index.php\/2016\/12\/13\/dana-fakulteta-pedagoskih-nauka-u-jagodini-diploma-narodni-ucitelj-knjizevniku-milisavu-savicu\/palma-jagodina-g-j\/'><img loading=\"lazy\" decoding=\"async\" width=\"150\" height=\"150\" src=\"https:\/\/centralmedia.rs\/wp-content\/uploads\/2016\/12\/palma-jagodina-g.j.-150x150.jpg\" class=\"attachment-thumbnail size-thumbnail\" alt=\"\" \/><\/a>\n\t\t\t<\/div><\/figure><figure class='gallery-item'>\n\t\t\t<div class='gallery-icon landscape'>\n\t\t\t\t<a href='https:\/\/centralmedia.rs\/index.php\/2016\/12\/13\/dana-fakulteta-pedagoskih-nauka-u-jagodini-diploma-narodni-ucitelj-knjizevniku-milisavu-savicu\/violeta-jovanovic-jagodina-g-j-3\/'><img loading=\"lazy\" decoding=\"async\" width=\"150\" height=\"150\" src=\"https:\/\/centralmedia.rs\/wp-content\/uploads\/2016\/12\/violeta-jovanovic-jagodina-g.j.-150x150.jpg\" class=\"attachment-thumbnail size-thumbnail\" alt=\"\" \/><\/a>\n\t\t\t<\/div><\/figure><figure class='gallery-item'>\n\t\t\t<div class='gallery-icon landscape'>\n\t\t\t\t<a href='https:\/\/centralmedia.rs\/index.php\/2016\/12\/13\/dana-fakulteta-pedagoskih-nauka-u-jagodini-diploma-narodni-ucitelj-knjizevniku-milisavu-savicu\/nagrade-jagodina-g-j\/'><img loading=\"lazy\" decoding=\"async\" width=\"150\" height=\"150\" src=\"https:\/\/centralmedia.rs\/wp-content\/uploads\/2016\/12\/nagrade-jagodina-g.j.-150x150.jpg\" class=\"attachment-thumbnail size-thumbnail\" alt=\"\" \/><\/a>\n\t\t\t<\/div><\/figure>\n\t\t<\/div>\n\n<p>Predsednik Skup\u0161tine grada Jagodina Dragan Markovi\u0107 Palma najavio je da \u0107e grad pomo\u0107i oko formiranja studentskog kafea, gde \u0107e mo\u0107i da se hrane ili dru\u017ee izme\u0111u predavanja.<\/p>\n<p>-Svih 1.100 studenata sa fakulteta bili su u organizaciji grada na putovanjima u Be\u010du ove i proteklih godina. Sara\u0111ivali smo u adaptaciji zgrade fakulteta. Ponosimo se \u010dinjenicom da fakultet poha\u0111aju student iz 49 gradova u Srbiji., rekao je Markovi\u0107.<\/p>\n<p>U okviru sve\u010dane akademije pod nazivom \u201cU SLAVU JEZIKA I SLOBODE&#8221; \u00a0dodeljene su zahvalnice zaslu\u017enim pojedincima, nagrade najuspe\u0161nijim i diplome svr\u0161enim studentima. Nastupio je hor studenata i profesora, orkestar i folklorni ansambl Fakulteta.<\/p>\n<p>Po\u010dasna diploma Narodnog u\u010ditelja prethodnih godina je dodeljena knji\u017eevnicima Dobrici Eri\u0107u i Slobodanu Rakiti\u0107u, slikaru i vi\u0161egodi\u0161njem dekanu Fakulteta pedago\u0161kih nauka u Jagodini, Sretku Divljanu, novinarima \u017divoradu \u017diki Nikoli\u0107u i Nenadu Risti\u0107u.<\/p>\n<p>Fakultet pedago\u0161kih nauka u Jagodini je 2015. godine prvi put ustanovio Po\u010dasnu diplomu \u201eMagister Humanitas\u201c za pedago\u0161ko delovanje i poseban doprinos razvoju kulture mladih i priznanje dodelio muzi\u010daru, pesniku i romanopiscu Marku \u0160eli\u0107u Mar\u010delu.<\/p>\n<p>Jagodinski u\u010ditelji proslavio je 23 godine postojanja i rada fakulteta i\u00a0 118 godina obrazovanja nastavnika i vaspita\u010da.<\/p>\n","protected":false},"excerpt":{"rendered":"<p>JAGODINA-Povodom dana Fakultet pedago\u0161kih nauka u Jagodini po\u010dasne diplome ,,Narodni u\u010ditelj\u201d i &#8221;Magister Humanitas&#8221; danas su dodeljene knji\u017eevniku Milisavu Savi\u0107u i majstoru trube Dejanu Petrovi\u0107u. &hellip; <\/p>\n","protected":false},"author":4,"featured_media":5826,"comment_status":"open","ping_status":"open","sticky":false,"template":"","format":"standard","meta":{"footnotes":""},"categories":[14,2,12],"tags":[269,58,1505,340],"_links":{"self":[{"href":"https:\/\/centralmedia.rs\/index.php\/wp-json\/wp\/v2\/posts\/5825"}],"collection":[{"href":"https:\/\/centralmedia.rs\/index.php\/wp-json\/wp\/v2\/posts"}],"about":[{"href":"https:\/\/centralmedia.rs\/index.php\/wp-json\/wp\/v2\/types\/post"}],"author":[{"embeddable":true,"href":"https:\/\/centralmedia.rs\/index.php\/wp-json\/wp\/v2\/users\/4"}],"replies":[{"embeddable":true,"href":"https:\/\/centralmedia.rs\/index.php\/wp-json\/wp\/v2\/comments?post=5825"}],"version-history":[{"count":0,"href":"https:\/\/centralmedia.rs\/index.php\/wp-json\/wp\/v2\/posts\/5825\/revisions"}],"wp:featuredmedia":[{"embeddable":true,"href":"https:\/\/centralmedia.rs\/index.php\/wp-json\/wp\/v2\/media\/5826"}],"wp:attachment":[{"href":"https:\/\/centralmedia.rs\/index.php\/wp-json\/wp\/v2\/media?parent=5825"}],"wp:term":[{"taxonomy":"category","embeddable":true,"href":"https:\/\/centralmedia.rs\/index.php\/wp-json\/wp\/v2\/categories?post=5825"},{"taxonomy":"post_tag","embeddable":true,"href":"https:\/\/centralmedia.rs\/index.php\/wp-json\/wp\/v2\/tags?post=5825"}],"curies":[{"name":"wp","href":"https:\/\/api.w.org\/{rel}","templated":true}]}}