{"id":5840,"date":"2016-12-14T15:06:25","date_gmt":"2016-12-14T15:06:25","guid":{"rendered":"http:\/\/centralmedia.rs\/?p=5840"},"modified":"2016-12-14T22:33:42","modified_gmt":"2016-12-14T22:33:42","slug":"na-najprestiznijoj-svetskoj-izlozbi-fotogarfija-u-tokiju-srpskom-medalja-specijalno-priznanje-tokiju","status":"publish","type":"post","link":"https:\/\/centralmedia.rs\/index.php\/2016\/12\/14\/na-najprestiznijoj-svetskoj-izlozbi-fotogarfija-u-tokiju-srpskom-medalja-specijalno-priznanje-tokiju\/","title":{"rendered":"NA NAJPRESTI\u017dNIJOJ SVETSKOJ IZLO\u017dBI FOTOGRAFIJA U TOKIJU &#8211; PARA\u0106INCU MEDALJA I SPECIJALNO PRIZNANJE"},"content":{"rendered":"<p>PARA\u0106IN- Fotograf Bojan Petrovi\u0107 Bokac nagra\u0111en je medaljom i specijalnim priznanjem na 77. Me\u0111junarodnoj izlo\u017ebi fotografija u Tokiju u Japanu, najpresti\u017enijom u svetu fotografije. On je nagra\u0111en jednom od tri medalje, o tome su ga obavestili organizatori, a detalji i sjaj medalje \u0107e biti poznati sredinom januara.<\/p>\n<div id='gallery-1' class='gallery galleryid-5840 gallery-columns-3 gallery-size-full'><figure class='gallery-item'>\n\t\t\t<div class='gallery-icon landscape'>\n\t\t\t\t<a href='https:\/\/centralmedia.rs\/index.php\/2016\/12\/14\/na-najprestiznijoj-svetskoj-izlozbi-fotogarfija-u-tokiju-srpskom-medalja-specijalno-priznanje-tokiju\/foto-rad-bokac-1-privatna-arhiva\/'><img loading=\"lazy\" decoding=\"async\" width=\"960\" height=\"641\" src=\"https:\/\/centralmedia.rs\/wp-content\/uploads\/2016\/12\/foto-rad-bokac-1-privatna-arhiva.jpg\" class=\"attachment-full size-full\" alt=\"\" srcset=\"https:\/\/centralmedia.rs\/wp-content\/uploads\/2016\/12\/foto-rad-bokac-1-privatna-arhiva.jpg 960w, https:\/\/centralmedia.rs\/wp-content\/uploads\/2016\/12\/foto-rad-bokac-1-privatna-arhiva-300x200.jpg 300w, https:\/\/centralmedia.rs\/wp-content\/uploads\/2016\/12\/foto-rad-bokac-1-privatna-arhiva-768x513.jpg 768w\" sizes=\"(max-width: 960px) 100vw, 960px\" \/><\/a>\n\t\t\t<\/div><\/figure><figure class='gallery-item'>\n\t\t\t<div class='gallery-icon landscape'>\n\t\t\t\t<a href='https:\/\/centralmedia.rs\/index.php\/2016\/12\/14\/na-najprestiznijoj-svetskoj-izlozbi-fotogarfija-u-tokiju-srpskom-medalja-specijalno-priznanje-tokiju\/foto-rad-bokac-2-privatna-arhiva\/'><img loading=\"lazy\" decoding=\"async\" width=\"960\" height=\"641\" src=\"https:\/\/centralmedia.rs\/wp-content\/uploads\/2016\/12\/foto-rad-bokac-2-privatna-arhiva.jpg\" class=\"attachment-full size-full\" alt=\"\" srcset=\"https:\/\/centralmedia.rs\/wp-content\/uploads\/2016\/12\/foto-rad-bokac-2-privatna-arhiva.jpg 960w, https:\/\/centralmedia.rs\/wp-content\/uploads\/2016\/12\/foto-rad-bokac-2-privatna-arhiva-300x200.jpg 300w, https:\/\/centralmedia.rs\/wp-content\/uploads\/2016\/12\/foto-rad-bokac-2-privatna-arhiva-768x513.jpg 768w\" sizes=\"(max-width: 960px) 100vw, 960px\" \/><\/a>\n\t\t\t<\/div><\/figure><figure class='gallery-item'>\n\t\t\t<div class='gallery-icon landscape'>\n\t\t\t\t<a href='https:\/\/centralmedia.rs\/index.php\/2016\/12\/14\/na-najprestiznijoj-svetskoj-izlozbi-fotogarfija-u-tokiju-srpskom-medalja-specijalno-priznanje-tokiju\/foto-rad-bokac-privatna-arhiva\/'><img loading=\"lazy\" decoding=\"async\" width=\"960\" height=\"641\" src=\"https:\/\/centralmedia.rs\/wp-content\/uploads\/2016\/12\/foto-rad-bokac-privatna-arhiva.jpg\" class=\"attachment-full size-full\" alt=\"\" srcset=\"https:\/\/centralmedia.rs\/wp-content\/uploads\/2016\/12\/foto-rad-bokac-privatna-arhiva.jpg 960w, https:\/\/centralmedia.rs\/wp-content\/uploads\/2016\/12\/foto-rad-bokac-privatna-arhiva-300x200.jpg 300w, https:\/\/centralmedia.rs\/wp-content\/uploads\/2016\/12\/foto-rad-bokac-privatna-arhiva-768x513.jpg 768w\" sizes=\"(max-width: 960px) 100vw, 960px\" \/><\/a>\n\t\t\t<\/div><\/figure>\n\t\t<\/div>\n\n<p>-Poseban zna\u010daj ovo priznanje ima za mene iz vi\u0161e razloga. \u010cinjenica da se ova izlozba odr\u017eava ve\u0107 77 godina, odnosno\u00a0 od 1927. godine sa manjim prekidom u vreme rata, daje na te\u017eini zbog ogromne tradicije. Konkurs je otvoren za sve fotografe \u0161irom sveta, a \u0161alju se 10 najboljih fotografija i to od\u0161tampanih na foto papiru, \u0161to je tako\u0111e daleko ozbiljnije od slanja digitalnih fajlova i tu se vidi ozbiljniji pristup organizatora i postovanje prema autorskim delima, ka\u017ee Petrovi\u0107.<\/p>\n<figure id=\"attachment_5845\" aria-describedby=\"caption-attachment-5845\" style=\"width: 640px\" class=\"wp-caption alignnone\"><a href=\"https:\/\/centralmedia.rs\/wp-content\/uploads\/2016\/12\/bokac-privatna-arhiva.jpg\"><img loading=\"lazy\" decoding=\"async\" class=\"size-full wp-image-5845\" src=\"https:\/\/centralmedia.rs\/wp-content\/uploads\/2016\/12\/bokac-privatna-arhiva.jpg\" alt=\"\" width=\"640\" height=\"960\" srcset=\"https:\/\/centralmedia.rs\/wp-content\/uploads\/2016\/12\/bokac-privatna-arhiva.jpg 640w, https:\/\/centralmedia.rs\/wp-content\/uploads\/2016\/12\/bokac-privatna-arhiva-200x300.jpg 200w\" sizes=\"(max-width: 640px) 100vw, 640px\" \/><\/a><figcaption id=\"caption-attachment-5845\" class=\"wp-caption-text\">Bojan Petrovi\u0107 Bokac<\/figcaption><\/figure>\n<p>On je kao najuspe\u0161niji fotograf 2013.godine u Srbiji, ve\u0107 u\u010destvova na toj izlo\u017ebi I fotografija ,,Help \u201c nagra\u0111ena je pohvalom, \u0161to je bio ogroman uspeh. Na \u00a0ovogodi\u0161njem konkurs Petrovi\u0107eva ,, MP \u201cnagra\u0111ena je specijalnim priznanjem.<\/p>\n<p>Od velikog broja fotografija koje pristi\u017eu na ovaj najcenjeniji foto konkurs u svetu, ove godine \u010dak 9.074 fotografija ,za izlo\u017ebu je selektirano 130 fotografija, 50 od doam\u0107ih autora i 80 iz sveta.<\/p>\n<p>-Biti me\u0111u 80 svetskih fotografa iz 39 dr\u017eava koji \u0107e imati priliku da izla\u017eu na ovoj izlo\u017ebi je ogroman uspeh. A biti nagra\u0111en jednom od prve tri nagrade i predstavljati Srbiju i na\u0161u fotografiju na toj izlo\u017ebi je za mene bilo nezamislivo, isti\u010de Petrovi\u0107.<\/p>\n<p>Japanci su Petrovi\u0107u, pored obaev\u0161tenja o specijalnom priznanju, najavili da \u0107e mu u januaru uputiti zvani\u010dni poziv za otvaranje izlo\u017ebe u Tokiju u Japanu, slede\u0107e godine u martu. Tada \u0107e na zavni\u010dno sajtu obajviti tri fotorafije koje su nagra\u0111ene specijalnim priznanjem.<\/p>\n<p>Razglednica iz Para\u0107ina \u2013 Ovaj projekat se realizuje uz pomo\u0107 sredstava iz bud\u017eeta Op\u0161tine Para\u0107in<a href=\"https:\/\/centralmedia.rs\/wp-content\/uploads\/2016\/12\/baner-za-projekte-final-jpg.jpg\"><img loading=\"lazy\" decoding=\"async\" class=\"size-full wp-image-5631 aligncenter\" src=\"https:\/\/centralmedia.rs\/wp-content\/uploads\/2016\/12\/baner-za-projekte-final-jpg.jpg\" alt=\"\" width=\"500\" height=\"150\" srcset=\"https:\/\/centralmedia.rs\/wp-content\/uploads\/2016\/12\/baner-za-projekte-final-jpg.jpg 500w, https:\/\/centralmedia.rs\/wp-content\/uploads\/2016\/12\/baner-za-projekte-final-jpg-300x90.jpg 300w\" sizes=\"(max-width: 500px) 100vw, 500px\" \/><\/a><\/p>\n","protected":false},"excerpt":{"rendered":"<p>PARA\u0106IN- Fotograf Bojan Petrovi\u0107 Bokac nagra\u0111en je medaljom i specijalnim priznanjem na 77. Me\u0111junarodnoj izlo\u017ebi fotografija u Tokiju u Japanu, najpresti\u017enijom u svetu fotografije. On &hellip; <\/p>\n","protected":false},"author":4,"featured_media":5841,"comment_status":"open","ping_status":"open","sticky":false,"template":"","format":"standard","meta":{"footnotes":""},"categories":[1524,2,15,1516,887,12],"tags":[1510,1513,1511,1512],"_links":{"self":[{"href":"https:\/\/centralmedia.rs\/index.php\/wp-json\/wp\/v2\/posts\/5840"}],"collection":[{"href":"https:\/\/centralmedia.rs\/index.php\/wp-json\/wp\/v2\/posts"}],"about":[{"href":"https:\/\/centralmedia.rs\/index.php\/wp-json\/wp\/v2\/types\/post"}],"author":[{"embeddable":true,"href":"https:\/\/centralmedia.rs\/index.php\/wp-json\/wp\/v2\/users\/4"}],"replies":[{"embeddable":true,"href":"https:\/\/centralmedia.rs\/index.php\/wp-json\/wp\/v2\/comments?post=5840"}],"version-history":[{"count":0,"href":"https:\/\/centralmedia.rs\/index.php\/wp-json\/wp\/v2\/posts\/5840\/revisions"}],"wp:featuredmedia":[{"embeddable":true,"href":"https:\/\/centralmedia.rs\/index.php\/wp-json\/wp\/v2\/media\/5841"}],"wp:attachment":[{"href":"https:\/\/centralmedia.rs\/index.php\/wp-json\/wp\/v2\/media?parent=5840"}],"wp:term":[{"taxonomy":"category","embeddable":true,"href":"https:\/\/centralmedia.rs\/index.php\/wp-json\/wp\/v2\/categories?post=5840"},{"taxonomy":"post_tag","embeddable":true,"href":"https:\/\/centralmedia.rs\/index.php\/wp-json\/wp\/v2\/tags?post=5840"}],"curies":[{"name":"wp","href":"https:\/\/api.w.org\/{rel}","templated":true}]}}