{"id":5957,"date":"2016-12-17T14:02:41","date_gmt":"2016-12-17T14:02:41","guid":{"rendered":"http:\/\/centralmedia.rs\/?p=5957"},"modified":"2016-12-17T14:02:41","modified_gmt":"2016-12-17T14:02:41","slug":"raseljeni-sa-kim-razjasniti-da-li-je-bilo-dogovora-sa-mustafom","status":"publish","type":"post","link":"https:\/\/centralmedia.rs\/index.php\/2016\/12\/17\/raseljeni-sa-kim-razjasniti-da-li-je-bilo-dogovora-sa-mustafom\/","title":{"rendered":"RASELJENI SA KIM &#8211; RAZJASNITI DA LI JE BILO DOGOVORA SA MUSTAFOM"},"content":{"rendered":"<p>PARA\u0106IN- Predsednik Koalicije raseljenih sa KIM Milo\u0161 Stojkovi\u0107, u pisanom saop\u0161tenju dostavljenom medijima, izjavio je da politi\u010dka kriza na KIM u kojoj u\u010destvuju srpski politi\u010dari sa KIM nije dobra ni za polo\u017eaj Srba u ju\u017enoj srpskoj pokrajini, ni za pregovara\u010dku poziciju Vlade Srbije u pregovorima Beograda i Pri\u0161tine.<\/p>\n<p>&#8211; Neophodno je razjasniti\u00a0 da li je neko od srpskih politi\u010dara dogovarao sa Isom Mustafom smenu Ljubomira Mari\u0107a ili je to la\u017e vlasti u Pri\u0161tini koja ima za cilj da zavadi Srbe na KIM. Ako je to uradio neko od srpskih politi\u010dara, onda je poslao poruku raseljenim licima sa KIM da za povtratak na vekovna ognji\u0161ta ima nesavladivu prepreku i na srpskoj strani, a ne samo na albanskoj. Ako je Isa Mustafa izmislio dogovor sa predstanicima Liste Srpska o smeni Mari\u0107a, onda Vlada Srbije treba da preispita, da li pregovori u Briselu imaju bilo kakvog smisla, stoji u pisanom saop\u0161tenju dostavljenom medijima.<\/p>\n<p>On je zaklju\u010dio da se sve nejasno\u0107e oko smene Mari\u0107a u pokrajinskoj Vladi Kosova moraju do detalja razjasniti.<\/p>\n<p>Ina\u010de, Koalicija raseljenih sa KIM je koliciji sa Pokretom socijalista o nastupila na predhodnim parlamentarnim izborima u Srbiji.<\/p>\n","protected":false},"excerpt":{"rendered":"<p>PARA\u0106IN- Predsednik Koalicije raseljenih sa KIM Milo\u0161 Stojkovi\u0107, u pisanom saop\u0161tenju dostavljenom medijima, izjavio je da politi\u010dka kriza na KIM u kojoj u\u010destvuju srpski politi\u010dari &hellip; <\/p>\n","protected":false},"author":4,"featured_media":2170,"comment_status":"open","ping_status":"open","sticky":false,"template":"","format":"standard","meta":{"footnotes":""},"categories":[2,13,12],"tags":[143,1532,181],"_links":{"self":[{"href":"https:\/\/centralmedia.rs\/index.php\/wp-json\/wp\/v2\/posts\/5957"}],"collection":[{"href":"https:\/\/centralmedia.rs\/index.php\/wp-json\/wp\/v2\/posts"}],"about":[{"href":"https:\/\/centralmedia.rs\/index.php\/wp-json\/wp\/v2\/types\/post"}],"author":[{"embeddable":true,"href":"https:\/\/centralmedia.rs\/index.php\/wp-json\/wp\/v2\/users\/4"}],"replies":[{"embeddable":true,"href":"https:\/\/centralmedia.rs\/index.php\/wp-json\/wp\/v2\/comments?post=5957"}],"version-history":[{"count":0,"href":"https:\/\/centralmedia.rs\/index.php\/wp-json\/wp\/v2\/posts\/5957\/revisions"}],"wp:featuredmedia":[{"embeddable":true,"href":"https:\/\/centralmedia.rs\/index.php\/wp-json\/wp\/v2\/media\/2170"}],"wp:attachment":[{"href":"https:\/\/centralmedia.rs\/index.php\/wp-json\/wp\/v2\/media?parent=5957"}],"wp:term":[{"taxonomy":"category","embeddable":true,"href":"https:\/\/centralmedia.rs\/index.php\/wp-json\/wp\/v2\/categories?post=5957"},{"taxonomy":"post_tag","embeddable":true,"href":"https:\/\/centralmedia.rs\/index.php\/wp-json\/wp\/v2\/tags?post=5957"}],"curies":[{"name":"wp","href":"https:\/\/api.w.org\/{rel}","templated":true}]}}