{"id":5968,"date":"2016-12-19T01:13:29","date_gmt":"2016-12-19T01:13:29","guid":{"rendered":"http:\/\/centralmedia.rs\/?p=5968"},"modified":"2017-01-19T23:28:39","modified_gmt":"2017-01-19T23:28:39","slug":"cuprija-lider-privrednog-razvoja-pomoravlja-eric-zaposlicemo-jagodinu-paracin","status":"publish","type":"post","link":"https:\/\/centralmedia.rs\/index.php\/2016\/12\/19\/cuprija-lider-privrednog-razvoja-pomoravlja-eric-zaposlicemo-jagodinu-paracin\/","title":{"rendered":"\u0106UPRIJA LIDER PRIVREDNOG RAZVOJA POMORAVLJA &#8211; ERI\u0106: ZAPOSLI\u0106EMO JAGODINU I PARA\u0106IN"},"content":{"rendered":"<p>\u0106UPRIJA- Godina koja je pri kraju obele\u017eila je u \u0106upriji po\u010detak reindustrijalizacije te op\u0161tine, a predsednik Vlade Srbije Aleksandar Vu\u010di\u0107 povodom po\u010detka rada turske Tibet mode i kineskog Eurofibera posetio je taj grad i pustio u rad nove pogone. Rukovodstvo te op\u0161tine najavljuje investicije iz SAD, Kine i Velike Britanije, koje \u0107e obezbediti vi\u0161e hiljada radnih mesta.<a href=\"https:\/\/centralmedia.rs\/wp-content\/uploads\/2016\/11\/vucic-2-cuprija-g.j..jpg\"><img loading=\"lazy\" decoding=\"async\" class=\"alignright size-medium wp-image-5474\" src=\"https:\/\/centralmedia.rs\/wp-content\/uploads\/2016\/11\/vucic-2-cuprija-g.j.-300x225.jpg\" alt=\"\" width=\"300\" height=\"225\" srcset=\"https:\/\/centralmedia.rs\/wp-content\/uploads\/2016\/11\/vucic-2-cuprija-g.j.-300x225.jpg 300w, https:\/\/centralmedia.rs\/wp-content\/uploads\/2016\/11\/vucic-2-cuprija-g.j.-768x576.jpg 768w, https:\/\/centralmedia.rs\/wp-content\/uploads\/2016\/11\/vucic-2-cuprija-g.j.-80x60.jpg 80w, https:\/\/centralmedia.rs\/wp-content\/uploads\/2016\/11\/vucic-2-cuprija-g.j.-265x198.jpg 265w, https:\/\/centralmedia.rs\/wp-content\/uploads\/2016\/11\/vucic-2-cuprija-g.j..jpg 900w\" sizes=\"(max-width: 300px) 100vw, 300px\" \/><\/a><\/p>\n<p>-Nastavljamo i slede\u0107e godine sa istim ciljem, a to je zapo\u0161ljavanje. U \u0106upriji je\u00a0 3.000 nezaposlenih, ali u na\u0161em neposrednom okru\u017eenju na 10 kilometara imamo 30.000 nezaposlenih u Para\u0107inu, Jagodini, Despotovcu i Svilajncu. Treba da re\u0161avamo taj problem na nivou Pomoravskog okruga. Nekada je\u00a0 \u0106uprija bila lider privrednog razvoja u regionu, vreme je da se vrati na to\u00a0 mesto. Na\u0161 cilj nije samo zapo\u0161ljavanje \u0106uprije, ve\u0107 Jagodine i Para\u0107ina, isti\u010de predsednik te op\u0161tine Ninoslav Eri\u0107 i obja\u0161njava od \u0106uprije do Jagodine je 10 minuta,a Para\u0107ina 7 minuta, ako se trudimo da svako iz svog domena radi na stvaranju \u00a0preduslova za dobar \u017eivot bi\u0107e dobro za sve, jer su gra\u0111ani povezani.<\/p>\n<blockquote><p>Imamo dobru saradnju sa vladom, premijerom Aleksandrom Vu\u010di\u0107em i njegovim kabinetom. Videli su na\u0161u \u017eelju, znaju koliko smo usmereni ka investitorima i projektima. Ako se ne borite\u00a0 za va\u0161 grad, nije vam tu ni mesto. Svi znaju da su na\u0161i projekti dobri i ekonomski opravdani, svrsishodni za gra\u0111ane\u00a0 \u0106uprije i Pomoravlja, ka\u017ee eri\u0107.<\/p>\n<p><a href=\"https:\/\/centralmedia.rs\/wp-content\/uploads\/2016\/09\/vucic-6-cuprija-g.j..jpg\"><img loading=\"lazy\" decoding=\"async\" class=\"alignleft size-medium wp-image-4872\" src=\"https:\/\/centralmedia.rs\/wp-content\/uploads\/2016\/09\/vucic-6-cuprija-g.j.-300x225.jpg\" alt=\"\" width=\"300\" height=\"225\" srcset=\"https:\/\/centralmedia.rs\/wp-content\/uploads\/2016\/09\/vucic-6-cuprija-g.j.-300x225.jpg 300w, https:\/\/centralmedia.rs\/wp-content\/uploads\/2016\/09\/vucic-6-cuprija-g.j.-768x576.jpg 768w, https:\/\/centralmedia.rs\/wp-content\/uploads\/2016\/09\/vucic-6-cuprija-g.j.-80x60.jpg 80w, https:\/\/centralmedia.rs\/wp-content\/uploads\/2016\/09\/vucic-6-cuprija-g.j.-265x198.jpg 265w, https:\/\/centralmedia.rs\/wp-content\/uploads\/2016\/09\/vucic-6-cuprija-g.j..jpg 900w\" sizes=\"(max-width: 300px) 100vw, 300px\" \/><\/a><\/p><\/blockquote>\n<p>-Mislim da svi imamo isti put, ali su razli\u010diti na\u010dini da se stignemo do cilja, odnosno privla\u010denja investitora. \u0106uprija je iskoristila potencijale i neka znanja , mislim da svaki investitor dobija ono \u0161to tra\u017ei. Nadam se da \u0107e jedna velika fabrika da se odlu\u010di za \u0106upriju. Onda ne\u0107emo imati problem nezaposlenosti. Ve\u0107i broj fabrika zna\u010di i ve\u0107e zarade, \u0161to \u0107e uticati na kvalitet \u017eivota u \u0106upriji i Pomoravlju, navodi Eri\u0107 i najavljuje nove investicije iz Kine, SAD i Velike Britanije.<\/p>\n<blockquote><p>-\u0106uprija je jedina op\u0161tina u Srbiji koja ima Ekonomski plan\u00a0 razvoja, odnosno sufinansiranje potencijalnih investitora. \u017delili smo da napravimo korak pre vlade i njih agencija, a to je sufinansiranje i finansiranje projekta potencijalnih investitora. \u00a0Tu se vidi na\u0161a \u017eelja da iza\u0111emo u susret investitoru, kome smo bukvalno na raspolaganju 24 sata, \u0161to je odraz na\u0161e agilnosti i preduzimljivosti, navodi Eri\u0107.<\/p><\/blockquote>\n<p>-Trajklajt bi trebalo da krene sa izgradnjom fabrike u \u0106upriji. Aneksirali smo ugovor. Traklajt je u me\u0111uvremenu preneo vlasni\u0161tvo na jednu veliku kompaniju u SAD sa godi\u0161njim prometom od 120 milijardi dolara, to je veliki investicioni fond. Morali su odluku o investiciji u \u0106upriji da odlo\u017ee za 2017. godinu, kako bi se novi menad\u017ement upoznao sa ulaganjem, obja\u0161njava Eri\u0107.<a href=\"https:\/\/centralmedia.rs\/wp-content\/uploads\/2016\/09\/vucic-5-cuprija-g.j..jpg\"><img loading=\"lazy\" decoding=\"async\" class=\"alignright size-medium wp-image-4878\" src=\"https:\/\/centralmedia.rs\/wp-content\/uploads\/2016\/09\/vucic-5-cuprija-g.j.-300x217.jpg\" alt=\"\" width=\"300\" height=\"217\" srcset=\"https:\/\/centralmedia.rs\/wp-content\/uploads\/2016\/09\/vucic-5-cuprija-g.j.-300x217.jpg 300w, https:\/\/centralmedia.rs\/wp-content\/uploads\/2016\/09\/vucic-5-cuprija-g.j.-768x556.jpg 768w, https:\/\/centralmedia.rs\/wp-content\/uploads\/2016\/09\/vucic-5-cuprija-g.j.-324x235.jpg 324w, https:\/\/centralmedia.rs\/wp-content\/uploads\/2016\/09\/vucic-5-cuprija-g.j..jpg 900w\" sizes=\"(max-width: 300px) 100vw, 300px\" \/><\/a><\/p>\n<p>Sa druge strane Traklajt je \u0106upriji otvorio vrata da do\u0111e do novih investitora,\u00a0 industrijske zone, odluke Vlade Srbije o dodeli 16 hektara, opremanja \u00a0industrijske zone.<\/p>\n<p>-Bud\u017eet za slede\u0107u godinu bi\u0107e realan u smislu da \u0107emo namiriti sve obaveze, restriktivan jer \u0107emo vr\u0161iti u\u0161tede. Smanji\u0107emo broj radnika u op\u0161tinskoj upravi i sistemu lokalne samouprave. Velika koli\u010dina novaca odlazi na radnu snagu, a efekat nije toliko izra\u017een. Mislim da treba da stvorimo malu i efikasnu lokalnu upravu. Racionalizacija radnih mesta je jedan od na\u010dina. Uspeli smo za tri godine da smanjimo broj zaposlenih. Razlog je ograni\u010denost bud\u017eeta, dok sa druge strane velika koli\u010dina novca odlazi na zarade, najavljuje Eri\u0107 i dodaje da op\u0161tinu o\u010dekuju veliki projekti u atletski kompleks, turizam i obrazovanje, spomenik Knezu Lazaru na ulazu u \u0106upriju. Pored toga, \u0106uprija \u00a0ima veliki projekat za izgradnju mosta, kao i druge velike projekte regionalnog i nacionalnog zna\u010daja.<\/p>\n<p><strong><em>Pozitivni primeri Razglednica iz <\/em><\/strong><strong><em>\u0106uprije<\/em><\/strong><strong><em> \u2013 Projekat se realizuje uz pomo\u0107 sredstava iz bud\u017eeta Op\u0161tine \u0106uprija.<\/em><\/strong><\/p>\n<p>&nbsp;<\/p>\n","protected":false},"excerpt":{"rendered":"<p>\u0106UPRIJA- Godina koja je pri kraju obele\u017eila je u \u0106upriji po\u010detak reindustrijalizacije te op\u0161tine, a predsednik Vlade Srbije Aleksandar Vu\u010di\u0107 povodom po\u010detka rada turske Tibet &hellip; <\/p>\n","protected":false},"author":4,"featured_media":5969,"comment_status":"open","ping_status":"open","sticky":false,"template":"","format":"standard","meta":{"footnotes":""},"categories":[1515,1524,2,13,887,12],"tags":[44,759],"_links":{"self":[{"href":"https:\/\/centralmedia.rs\/index.php\/wp-json\/wp\/v2\/posts\/5968"}],"collection":[{"href":"https:\/\/centralmedia.rs\/index.php\/wp-json\/wp\/v2\/posts"}],"about":[{"href":"https:\/\/centralmedia.rs\/index.php\/wp-json\/wp\/v2\/types\/post"}],"author":[{"embeddable":true,"href":"https:\/\/centralmedia.rs\/index.php\/wp-json\/wp\/v2\/users\/4"}],"replies":[{"embeddable":true,"href":"https:\/\/centralmedia.rs\/index.php\/wp-json\/wp\/v2\/comments?post=5968"}],"version-history":[{"count":0,"href":"https:\/\/centralmedia.rs\/index.php\/wp-json\/wp\/v2\/posts\/5968\/revisions"}],"wp:featuredmedia":[{"embeddable":true,"href":"https:\/\/centralmedia.rs\/index.php\/wp-json\/wp\/v2\/media\/5969"}],"wp:attachment":[{"href":"https:\/\/centralmedia.rs\/index.php\/wp-json\/wp\/v2\/media?parent=5968"}],"wp:term":[{"taxonomy":"category","embeddable":true,"href":"https:\/\/centralmedia.rs\/index.php\/wp-json\/wp\/v2\/categories?post=5968"},{"taxonomy":"post_tag","embeddable":true,"href":"https:\/\/centralmedia.rs\/index.php\/wp-json\/wp\/v2\/tags?post=5968"}],"curies":[{"name":"wp","href":"https:\/\/api.w.org\/{rel}","templated":true}]}}